{"id":24868,"date":"2024-08-15T06:38:16","date_gmt":"2024-08-15T06:38:16","guid":{"rendered":"https:\/\/tvbrazilusa.com\/2024\/08\/15\/kishida-promete-promover-ordem-baseada-em-regras-enquanto-o-chefe-da-defesa-do-japao-visita-yasukuni-79-anos-apos-a-segunda-guerra-mundial\/"},"modified":"2024-08-15T06:45:42","modified_gmt":"2024-08-15T06:45:42","slug":"kishida-promete-promover-ordem-baseada-em-regras-enquanto-o-chefe-da-defesa-do-japao-visita-yasukuni-79-anos-apos-a-segunda-guerra-mundial","status":"publish","type":"post","link":"https:\/\/tvbrazilusa.com\/pt\/2024\/08\/15\/kishida-promete-promover-ordem-baseada-em-regras-enquanto-o-chefe-da-defesa-do-japao-visita-yasukuni-79-anos-apos-a-segunda-guerra-mundial\/","title":{"rendered":"Kishida promete promover ordem baseada em regras enquanto o chefe da defesa do Jap\u00e3o visita Yasukuni 79 anos ap\u00f3s a Segunda Guerra Mundial"},"content":{"rendered":"<script async src=\"https:\/\/pagead2.googlesyndication.com\/pagead\/js\/adsbygoogle.js?client=ca-pub-8864793242727901\"\r\n     crossorigin=\"anonymous\"><\/script>\n<div id=\"\">\n<p class=\"dist__Box-sc-1fnzlkn-0 dist__TextBase-sc-1fnzlkn-3 CGHCP htMUPQ article-text\"><strong>T\u00d3QUIO<\/strong> \u2013 O primeiro-ministro japon\u00eas, Fumio Kishida, prometeu intensificar os esfor\u00e7os do seu pa\u00eds para defender uma ordem internacional baseada em regras, numa promessa de paz feita na quinta-feira, no 79\u00ba anivers\u00e1rio da <a href=\"https:\/\/apnews.com\/hub\/japan\">Do Jap\u00e3o<\/a> derrota na Segunda Guerra Mundial.<\/p>\n<p class=\"dist__Box-sc-1fnzlkn-0 dist__TextBase-sc-1fnzlkn-3 CGHCP htMUPQ article-text\">\u201cNunca mais repetiremos a trag\u00e9dia da guerra\u201d e manteremos a determina\u00e7\u00e3o pacifista do pa\u00eds no p\u00f3s-guerra, disse ele em uma cerim\u00f4nia solene no sal\u00e3o Budokan.<\/p>\n<p class=\"dist__Box-sc-1fnzlkn-0 dist__TextBase-sc-1fnzlkn-3 CGHCP htMUPQ article-text\">\u201cNo mundo onde batalhas tr\u00e1gicas persistem, o Jap\u00e3o continuar\u00e1 seu esfor\u00e7o para manter e fortalecer a ordem internacional baseada em regras, livre e aberta\u201d e se esfor\u00e7ar\u00e1 para resolver quest\u00f5es globais dif\u00edceis, disse Kishida.<\/p>\n<p class=\"dist__Box-sc-1fnzlkn-0 dist__TextBase-sc-1fnzlkn-3 CGHCP htMUPQ article-text\">Kishida destacou os mais de 3 milh\u00f5es de japoneses mortos, a destrui\u00e7\u00e3o e as vidas perdidas em sangrentas batalhas terrestres na ilha de Okinawa, no sul do Jap\u00e3o, os bombardeios incendi\u00e1rios em todo o Jap\u00e3o e a <a href=\"https:\/\/apnews.com\/article\/japan-us-nagasaki-atomic-bombing-israel-fd22eaa95e1ac935ae3311aabb508e63\">ataques at\u00f4micos em Nagasaki<\/a> e Hiroshima. Ele n\u00e3o mencionou ou se desculpou pela agress\u00e3o japonesa na \u00c1sia ou milh\u00f5es de vidas perdidas l\u00e1.<\/p>\n<p class=\"dist__Box-sc-1fnzlkn-0 dist__TextBase-sc-1fnzlkn-3 CGHCP htMUPQ article-text\">A omiss\u00e3o segue um precedente estabelecido pelo ent\u00e3o primeiro-ministro Shinzo Abe em seu discurso de 2013, uma atitude que os cr\u00edticos chamam de encobrimento das atrocidades cometidas pelo Jap\u00e3o durante a guerra.<\/p>\n<p class=\"dist__Box-sc-1fnzlkn-0 dist__TextBase-sc-1fnzlkn-3 CGHCP htMUPQ article-text\">Na quinta-feira anterior, tr\u00eas ministros de Kishida, incluindo o Ministro da Defesa Minoru Kihara, rezaram no <a href=\"https:\/\/apnews.com\/article\/japan-yasukuni-shrine-graffiti-police-china-cadce8a8d1e141cfb6646ba797f47a1f\">Santu\u00e1rio Yasukuni<\/a> \u2014 visto pelos vizinhos asi\u00e1ticos como um s\u00edmbolo de militarismo. <\/p>\n<p class=\"dist__Box-sc-1fnzlkn-0 dist__TextBase-sc-1fnzlkn-3 CGHCP htMUPQ article-text\">O controverso santu\u00e1rio homenageia criminosos de guerra condenados entre cerca de 2,5 milh\u00f5es de mortos na guerra. V\u00edtimas da agress\u00e3o japonesa, especialmente China e Coreias, veem visitas ao santu\u00e1rio como falta de remorso, e visitas de oficiais de defesa s\u00e3o consideradas especialmente controversas.<\/p>\n<p class=\"dist__Box-sc-1fnzlkn-0 dist__TextBase-sc-1fnzlkn-3 CGHCP htMUPQ article-text\">Kihara \u00e9 o primeiro chefe de defesa em exerc\u00edcio a rezar no santu\u00e1rio no anivers\u00e1rio desde <a href=\"https:\/\/apnews.com\/article\/religion-japan-0053cfb2fb94efcb2882adcb04c094bd\">visita do ent\u00e3o Ministro da Defesa Nobuo Kishi em 2021<\/a>.<\/p>\n<p class=\"dist__Box-sc-1fnzlkn-0 dist__TextBase-sc-1fnzlkn-3 CGHCP htMUPQ article-text\">Kishida se absteve de rezar no Santu\u00e1rio Yasukuni, a apenas um quarteir\u00e3o de dist\u00e2ncia, e enviou um ornamento religioso em seu lugar.<\/p>\n<p class=\"dist__Box-sc-1fnzlkn-0 dist__TextBase-sc-1fnzlkn-3 CGHCP htMUPQ article-text\">O imperador Naruhito, que tamb\u00e9m compareceu \u00e0 cerim\u00f4nia, repetiu seu \u201cprofundo remorso\u201d pelas a\u00e7\u00f5es do Jap\u00e3o durante a guerra travada em nome do imperador Hirohito, seu av\u00f4.<\/p>\n<p class=\"dist__Box-sc-1fnzlkn-0 dist__TextBase-sc-1fnzlkn-3 CGHCP htMUPQ article-text\">Kishida acelerou o aumento da capacidade militar e os gastos do Jap\u00e3o \u00e0 medida que o pa\u00eds avan\u00e7ava <a href=\"https:\/\/apnews.com\/article\/japan-us-military-command-missile-china-4e97f4cb01cfef7b6db8fb1a5df771e4\">aprofunda a coopera\u00e7\u00e3o militar com os Estados Unidos<\/a> e seus parceiros do Indo-Pac\u00edfico diante das crescentes amea\u00e7as da China e da Coreia do Norte. <\/p>\n<p class=\"dist__Box-sc-1fnzlkn-0 dist__TextBase-sc-1fnzlkn-3 CGHCP htMUPQ article-text\">Kishida, que assumiu o cargo em 2021, anunciou quarta-feira que <a href=\"https:\/\/apnews.com\/article\/japan-kishida-prime-minister-leader-party-vote-a666ab460848ad5b7b2e9c47460be0b7\">planeja renunciar<\/a> ap\u00f3s a vota\u00e7\u00e3o da lideran\u00e7a do seu partido no poder em setembro.<\/p>\n<\/div>\n<p>Copyright 2024 The Associated Press. Todos os direitos reservados. Este material n\u00e3o pode ser publicado, transmitido, reescrito ou redistribu\u00eddo sem permiss\u00e3o.<\/p>\n<p><br \/>\n<br \/><a href=\"https:\/\/www.clickorlando.com\/news\/world\/2024\/08\/15\/kishida-vows-to-push-rules-based-order-as-japans-defense-chief-visits-yasukuni-79-years-after-wwii\/\">Source link <\/a><\/p>","protected":false},"excerpt":{"rendered":"<p>T\u00d3QUIO \u2013 O primeiro-ministro japon\u00eas, Fumio Kishida, prometeu intensificar os esfor\u00e7os do seu pa\u00eds para defender uma ordem internacional baseada em regras, numa promessa de paz feita na quinta-feira, no&hellip;<\/p>","protected":false},"author":1,"featured_media":24869,"comment_status":"closed","ping_status":"open","sticky":false,"template":"","format":"standard","meta":{"content-type":"","footnotes":""},"categories":[1],"tags":[11429,1419],"class_list":["post-24868","post","type-post","status-publish","format-standard","has-post-thumbnail","hentry","category-uncategorized","tag-fumio-kishida","tag-noticias-do-mundo"],"_links":{"self":[{"href":"https:\/\/tvbrazilusa.com\/pt\/wp-json\/wp\/v2\/posts\/24868","targetHints":{"allow":["GET"]}}],"collection":[{"href":"https:\/\/tvbrazilusa.com\/pt\/wp-json\/wp\/v2\/posts"}],"about":[{"href":"https:\/\/tvbrazilusa.com\/pt\/wp-json\/wp\/v2\/types\/post"}],"author":[{"embeddable":true,"href":"https:\/\/tvbrazilusa.com\/pt\/wp-json\/wp\/v2\/users\/1"}],"replies":[{"embeddable":true,"href":"https:\/\/tvbrazilusa.com\/pt\/wp-json\/wp\/v2\/comments?post=24868"}],"version-history":[{"count":1,"href":"https:\/\/tvbrazilusa.com\/pt\/wp-json\/wp\/v2\/posts\/24868\/revisions"}],"predecessor-version":[{"id":24870,"href":"https:\/\/tvbrazilusa.com\/pt\/wp-json\/wp\/v2\/posts\/24868\/revisions\/24870"}],"wp:featuredmedia":[{"embeddable":true,"href":"https:\/\/tvbrazilusa.com\/pt\/wp-json\/wp\/v2\/media\/24869"}],"wp:attachment":[{"href":"https:\/\/tvbrazilusa.com\/pt\/wp-json\/wp\/v2\/media?parent=24868"}],"wp:term":[{"taxonomy":"category","embeddable":true,"href":"https:\/\/tvbrazilusa.com\/pt\/wp-json\/wp\/v2\/categories?post=24868"},{"taxonomy":"post_tag","embeddable":true,"href":"https:\/\/tvbrazilusa.com\/pt\/wp-json\/wp\/v2\/tags?post=24868"}],"curies":[{"name":"wp","href":"https:\/\/api.w.org\/{rel}","templated":true}]}}