{"id":24871,"date":"2024-08-15T06:49:15","date_gmt":"2024-08-15T06:49:15","guid":{"rendered":"https:\/\/tvbrazilusa.com\/2024\/08\/15\/ultimas-noticias-sobre-a-guerra-entre-israel-e-hamas-mediadores-realizam-negociacoes-de-cessar-fogo-enquanto-o-numero-de-mortos-palestinos-se-aproxima-de-40-000\/"},"modified":"2024-08-15T07:08:56","modified_gmt":"2024-08-15T07:08:56","slug":"ultimas-noticias-sobre-a-guerra-entre-israel-e-hamas-mediadores-realizam-negociacoes-de-cessar-fogo-enquanto-o-numero-de-mortos-palestinos-se-aproxima-de-40-000","status":"publish","type":"post","link":"https:\/\/tvbrazilusa.com\/pt\/2024\/08\/15\/ultimas-noticias-sobre-a-guerra-entre-israel-e-hamas-mediadores-realizam-negociacoes-de-cessar-fogo-enquanto-o-numero-de-mortos-palestinos-se-aproxima-de-40-000\/","title":{"rendered":"\u00daltimas not\u00edcias sobre a guerra entre Israel e Hamas: Mediadores realizam negocia\u00e7\u00f5es de cessar-fogo enquanto o n\u00famero de mortos palestinos se aproxima de 40.000"},"content":{"rendered":"<script async src=\"https:\/\/pagead2.googlesyndication.com\/pagead\/js\/adsbygoogle.js?client=ca-pub-8864793242727901\"\r\n     crossorigin=\"anonymous\"><\/script>\n<div id=\"\">\n<p class=\"dist__Box-sc-1fnzlkn-0 dist__TextBase-sc-1fnzlkn-3 CGHCP htMUPQ article-text\">Mediadores internacionais estavam preparados para realizar uma <a href=\"https:\/\/apnews.com\/article\/israel-palestinians-hamas-war-news-08-15-2024-a6a5b35859e1d1d1511729b40a71f837\">nova rodada de negocia\u00e7\u00f5es<\/a> Quinta-feira teve como objetivo interromper a guerra entre Israel e o Hamas e garantir a liberta\u00e7\u00e3o de dezenas de ref\u00e9ns, com um poss\u00edvel acordo visto como a melhor esperan\u00e7a de evitar um conflito regional ainda maior.<\/p>\n<p class=\"dist__Box-sc-1fnzlkn-0 dist__TextBase-sc-1fnzlkn-3 CGHCP htMUPQ article-text\">Os Estados Unidos, o Catar e o Egipto reuniram-se com uma delega\u00e7\u00e3o israelita no Catar, enquanto o n\u00famero de mortos palestinos <a href=\"https:\/\/apnews.com\/hub\/israel-hamas-war\">a guerra de 10 meses<\/a> se aproxima de 40.000. O Hamas n\u00e3o disse se participar\u00e1, acusando Israel de adicionar novas demandas a uma proposta em evolu\u00e7\u00e3o que teve apoio dos EUA e internacional.<\/p>\n<p class=\"dist__Box-sc-1fnzlkn-0 dist__TextBase-sc-1fnzlkn-3 CGHCP htMUPQ article-text\">Um cessar-fogo em Gaza provavelmente acalmaria as tens\u00f5es na regi\u00e3o e poderia persuadir o Ir\u00e3o e o Hezbollah do L\u00edbano a absterem-se de <a href=\"https:\/\/apnews.com\/article\/haniyeh-shukur-israel-lebanon-hamas-5d3ec9b048ef77b6b8196c6c08755dbd\">ataques retaliat\u00f3rios a Israel<\/a> ap\u00f3s a morte de um importante comandante do Hezbollah em um ataque a\u00e9reo israelense e do principal l\u00edder pol\u00edtico do Hamas em uma explos\u00e3o na capital do Ir\u00e3.<\/p>\n<p class=\"dist__Box-sc-1fnzlkn-0 dist__TextBase-sc-1fnzlkn-3 CGHCP htMUPQ article-text\">Os mediadores passaram meses a tentar chegar a um acordo <a href=\"https:\/\/apnews.com\/article\/israel-hamas-gaza-war-ceasefire-f43a53d4a2ee75ef320ef385ee9e659f\">um plano de tr\u00eas fases<\/a> em que o Hamas libertaria dezenas de ref\u00e9ns capturados no ataque de 7 de outubro que desencadeou a guerra em troca de um cessar-fogo duradouro, a retirada das for\u00e7as israelenses de Gaza e a liberta\u00e7\u00e3o de palestinos presos por Israel.<\/p>\n<p class=\"dist__Box-sc-1fnzlkn-0 dist__TextBase-sc-1fnzlkn-3 CGHCP htMUPQ article-text\">___<\/p>\n<p class=\"dist__Box-sc-1fnzlkn-0 dist__TextBase-sc-1fnzlkn-3 CGHCP htMUPQ article-text\">Aqui est\u00e3o as \u00faltimas:<\/p>\n<p class=\"dist__Box-sc-1fnzlkn-0 dist__TextBase-sc-1fnzlkn-3 CGHCP htMUPQ article-text\">For\u00e7as israelenses matam 2 palestinos na Cisjord\u00e2nia, diz Minist\u00e9rio da Sa\u00fade no territ\u00f3rio ocupado<\/p>\n<p class=\"dist__Box-sc-1fnzlkn-0 dist__TextBase-sc-1fnzlkn-3 CGHCP htMUPQ article-text\">RAMALLAH, Cisjord\u00e2nia \u2014 O Minist\u00e9rio da Sa\u00fade da Cisjord\u00e2nia disse na quinta-feira que as for\u00e7as israelenses mataram dois palestinos no territ\u00f3rio ocupado, as \u00faltimas mortes na crescente viol\u00eancia no local.<\/p>\n<p class=\"dist__Box-sc-1fnzlkn-0 dist__TextBase-sc-1fnzlkn-3 CGHCP htMUPQ article-text\">O ex\u00e9rcito israelense disse que a aeronave matou dois homens armados que foram identificados como uma amea\u00e7a \u00e0s tropas que operavam na cidade de Nablus. Ele disse que tamb\u00e9m respondeu ao fogo quando as tropas foram alvejadas.<\/p>\n<p class=\"dist__Box-sc-1fnzlkn-0 dist__TextBase-sc-1fnzlkn-3 CGHCP htMUPQ article-text\">O Minist\u00e9rio da Sa\u00fade Palestino identificou os homens mortos como Wael Misha, 18, e Ahmed Khalil, 20. N\u00e3o houve nenhuma afirma\u00e7\u00e3o imediata de grupos militantes sobre se os homens tinham alguma afilia\u00e7\u00e3o.<\/p>\n<p class=\"dist__Box-sc-1fnzlkn-0 dist__TextBase-sc-1fnzlkn-3 CGHCP htMUPQ article-text\">A Cisjord\u00e2nia tem testemunhado um aumento da viol\u00eancia desde que a guerra em Gaza come\u00e7ou no ano passado.<\/p>\n<p class=\"dist__Box-sc-1fnzlkn-0 dist__TextBase-sc-1fnzlkn-3 CGHCP htMUPQ article-text\">Mais de 500 palestinos foram mortos desde ent\u00e3o, de acordo com o Minist\u00e9rio da Sa\u00fade Palestino, a maioria em confrontos com o ex\u00e9rcito israelense ou pessoas atirando pedras. Outros n\u00e3o envolvidos nos confrontos tamb\u00e9m foram mortos.<\/p>\n<p class=\"dist__Box-sc-1fnzlkn-0 dist__TextBase-sc-1fnzlkn-3 CGHCP htMUPQ article-text\">L\u00edder da oposi\u00e7\u00e3o australiana \u00e9 chamado de &#8220;racista&#8221; em discuss\u00e3o acalorada no Parlamento<\/p>\n<p class=\"dist__Box-sc-1fnzlkn-0 dist__TextBase-sc-1fnzlkn-3 CGHCP htMUPQ article-text\">WELLINGTON, Nova Zel\u00e2ndia \u2014 O l\u00edder da oposi\u00e7\u00e3o australiana foi chamado de &#8220;racista&#8221; por um parlamentar independente em uma cena acalorada no Parlamento na quinta-feira, depois que o l\u00edder repetiu um apelo para que o pa\u00eds impedisse a chegada de refugiados de Gaza.<\/p>\n<p class=\"dist__Box-sc-1fnzlkn-0 dist__TextBase-sc-1fnzlkn-3 CGHCP htMUPQ article-text\">Peter Dutton, o l\u00edder da oposi\u00e7\u00e3o, disse que aqueles que fugiam do conflito entre Israel e o Hamas eram um \u201crisco \u00e0 seguran\u00e7a nacional\u201d e que a Austr\u00e1lia tinha medidas de triagem inadequadas para aqueles que chegavam ao pa\u00eds como refugiados.<\/p>\n<p class=\"dist__Box-sc-1fnzlkn-0 dist__TextBase-sc-1fnzlkn-3 CGHCP htMUPQ article-text\">A Austr\u00e1lia emitiu quase 3.000 vistos de visitante para pessoas que fugiam de Gaza ou da Cisjord\u00e2nia desde 7 de outubro de 2023, enquanto negou pedidos para pouco mais de 7.000 outras pessoas, de acordo com n\u00fameros divulgados pelo governo em resposta aos coment\u00e1rios de Dutton feitos inicialmente na quarta-feira \u2014 e depois repetidos na quinta-feira.<\/p>\n<p class=\"dist__Box-sc-1fnzlkn-0 dist__TextBase-sc-1fnzlkn-3 CGHCP htMUPQ article-text\">\u201cEssas s\u00e3o fam\u00edlias que voc\u00ea est\u00e1 tentando pintar \u2014 que de alguma forma s\u00e3o todas terroristas, que todas elas devem ser desconfiadas e n\u00e3o merecedoras de ajuda humanit\u00e1ria\u201d, disse o parlamentar Zali Steggall a Dutton no Parlamento na quinta-feira.<\/p>\n<p class=\"dist__Box-sc-1fnzlkn-0 dist__TextBase-sc-1fnzlkn-3 CGHCP htMUPQ article-text\">Enquanto Dutton intervinha, Steggall disse-lhe para \u201cparar de ser racista\u201d.<\/p>\n<p class=\"dist__Box-sc-1fnzlkn-0 dist__TextBase-sc-1fnzlkn-3 CGHCP htMUPQ article-text\">Steggall retirou a repreens\u00e3o depois que o l\u00edder da oposi\u00e7\u00e3o disse que ela era \u201cofensiva e antiparlamentar\u201d.<\/p>\n<p class=\"dist__Box-sc-1fnzlkn-0 dist__TextBase-sc-1fnzlkn-3 CGHCP htMUPQ article-text\">O primeiro-ministro Anthony Albanese tamb\u00e9m criticou Dutton no Parlamento na quinta-feira, dizendo: \u201cEle semeia medo e semeia divis\u00e3o. \u00c9 isso que ele faz, \u00e9 isso que ele fez durante toda a sua carreira pol\u00edtica e \u00e9 isso que ele continua a fazer.\u201d<\/p>\n<p class=\"dist__Box-sc-1fnzlkn-0 dist__TextBase-sc-1fnzlkn-3 CGHCP htMUPQ article-text\">Albanese disse que o governo n\u00e3o divulgaria todas as suas pr\u00e1ticas de triagem de seguran\u00e7a nacional.<\/p>\n<\/div>\n<p>Copyright 2024 The Associated Press. Todos os direitos reservados. Este material n\u00e3o pode ser publicado, transmitido, reescrito ou redistribu\u00eddo sem permiss\u00e3o.<\/p>\n<p><br \/>\n<br \/><a href=\"https:\/\/www.clickorlando.com\/news\/world\/2024\/08\/15\/israel-hamas-war-latest-mediators-hold-cease-fire-talks-as-palestinian-death-toll-nears-40000\/\">Source link <\/a><\/p>","protected":false},"excerpt":{"rendered":"<p>Mediadores internacionais estavam preparados para realizar uma nova rodada de negocia\u00e7\u00f5es Quinta-feira teve como objetivo interromper a guerra entre Israel e o Hamas e garantir a liberta\u00e7\u00e3o de dezenas de&hellip;<\/p>","protected":false},"author":1,"featured_media":24872,"comment_status":"closed","ping_status":"open","sticky":false,"template":"","format":"standard","meta":{"content-type":"","footnotes":""},"categories":[1],"tags":[1419],"class_list":["post-24871","post","type-post","status-publish","format-standard","has-post-thumbnail","hentry","category-uncategorized","tag-noticias-do-mundo"],"_links":{"self":[{"href":"https:\/\/tvbrazilusa.com\/pt\/wp-json\/wp\/v2\/posts\/24871","targetHints":{"allow":["GET"]}}],"collection":[{"href":"https:\/\/tvbrazilusa.com\/pt\/wp-json\/wp\/v2\/posts"}],"about":[{"href":"https:\/\/tvbrazilusa.com\/pt\/wp-json\/wp\/v2\/types\/post"}],"author":[{"embeddable":true,"href":"https:\/\/tvbrazilusa.com\/pt\/wp-json\/wp\/v2\/users\/1"}],"replies":[{"embeddable":true,"href":"https:\/\/tvbrazilusa.com\/pt\/wp-json\/wp\/v2\/comments?post=24871"}],"version-history":[{"count":1,"href":"https:\/\/tvbrazilusa.com\/pt\/wp-json\/wp\/v2\/posts\/24871\/revisions"}],"predecessor-version":[{"id":24873,"href":"https:\/\/tvbrazilusa.com\/pt\/wp-json\/wp\/v2\/posts\/24871\/revisions\/24873"}],"wp:featuredmedia":[{"embeddable":true,"href":"https:\/\/tvbrazilusa.com\/pt\/wp-json\/wp\/v2\/media\/24872"}],"wp:attachment":[{"href":"https:\/\/tvbrazilusa.com\/pt\/wp-json\/wp\/v2\/media?parent=24871"}],"wp:term":[{"taxonomy":"category","embeddable":true,"href":"https:\/\/tvbrazilusa.com\/pt\/wp-json\/wp\/v2\/categories?post=24871"},{"taxonomy":"post_tag","embeddable":true,"href":"https:\/\/tvbrazilusa.com\/pt\/wp-json\/wp\/v2\/tags?post=24871"}],"curies":[{"name":"wp","href":"https:\/\/api.w.org\/{rel}","templated":true}]}}