{"id":24981,"date":"2024-08-15T12:38:28","date_gmt":"2024-08-15T12:38:28","guid":{"rendered":"https:\/\/tvbrazilusa.com\/2024\/08\/15\/pedidos-de-auxilio-desemprego-nos-eua-caem-7-000-para-227-000-em-sinal-de-resiliencia-no-mercado-de-trabalho\/"},"modified":"2024-08-15T12:44:13","modified_gmt":"2024-08-15T12:44:13","slug":"pedidos-de-auxilio-desemprego-nos-eua-caem-7-000-para-227-000-em-sinal-de-resiliencia-no-mercado-de-trabalho","status":"publish","type":"post","link":"https:\/\/tvbrazilusa.com\/pt\/2024\/08\/15\/pedidos-de-auxilio-desemprego-nos-eua-caem-7-000-para-227-000-em-sinal-de-resiliencia-no-mercado-de-trabalho\/","title":{"rendered":"Pedidos de aux\u00edlio-desemprego nos EUA caem 7.000 para 227.000 em sinal de resili\u00eancia no mercado de trabalho"},"content":{"rendered":"<script async src=\"https:\/\/pagead2.googlesyndication.com\/pagead\/js\/adsbygoogle.js?client=ca-pub-8864793242727901\"\r\n     crossorigin=\"anonymous\"><\/script>\n<div id=\"\">\n<p class=\"dist__Box-sc-1fnzlkn-0 dist__TextBase-sc-1fnzlkn-3 CGHCP htMUPQ article-text\"><strong>WASHINGTON<\/strong> \u2013 O n\u00famero de americanos solicitando benef\u00edcios de desemprego caiu na semana passada, outro sinal de que o mercado de trabalho continua resiliente diante das altas taxas de juros. <\/p>\n<p class=\"dist__Box-sc-1fnzlkn-0 dist__TextBase-sc-1fnzlkn-3 CGHCP htMUPQ article-text\">Os pedidos de aux\u00edlio-desemprego ca\u00edram em 7.000 para 227.000 na semana passada, informou o Departamento do Trabalho na quinta-feira. A m\u00e9dia de quatro semanas de pedidos, que suaviza os altos e baixos semanais, caiu em 4.500 para 236.500.<\/p>\n<p class=\"dist__Box-sc-1fnzlkn-0 dist__TextBase-sc-1fnzlkn-3 CGHCP htMUPQ article-text\">Na semana encerrada em 3 de agosto, 1,86 milh\u00e3o de americanos estavam recebendo seguro-desemprego, uma queda de 7.000 em rela\u00e7\u00e3o \u00e0 semana anterior.<\/p>\n<p class=\"dist__Box-sc-1fnzlkn-0 dist__TextBase-sc-1fnzlkn-3 CGHCP htMUPQ article-text\">Os registros semanais de benef\u00edcios de desemprego, que s\u00e3o um proxy para demiss\u00f5es, permanecem baixos pelos padr\u00f5es hist\u00f3ricos. Mas eles come\u00e7aram a subir em maio, aumentando a evid\u00eancia de que as altas taxas de juros est\u00e3o afetando o mercado de trabalho dos EUA.<\/p>\n<p class=\"dist__Box-sc-1fnzlkn-0 dist__TextBase-sc-1fnzlkn-3 CGHCP htMUPQ article-text\">O Federal Reserve, combatendo a infla\u00e7\u00e3o que atingiu uma quarta d\u00e9cada h\u00e1 pouco mais de dois anos, aumentou sua taxa b\u00e1sica de juros 11 vezes em 2022 e 2023, levando-a a uma alta de 23 anos. A infla\u00e7\u00e3o caiu de forma constante \u2014 de 9,1% em junho de 2022 para uma baixa de tr\u00eas anos de 2,9% no m\u00eas passado. Apesar dos custos de empr\u00e9stimos mais altos, a economia e as contrata\u00e7\u00f5es continuaram avan\u00e7ando, desafiando os temores generalizados de que os Estados Unidos afundariam em recess\u00e3o.<\/p>\n<p class=\"dist__Box-sc-1fnzlkn-0 dist__TextBase-sc-1fnzlkn-3 CGHCP htMUPQ article-text\">Mas as taxas mais altas finalmente parecem estar cobrando seu pre\u00e7o. Os empregadores adicionaram apenas 114.000 empregos em julho, bem abaixo da m\u00e9dia mensal de janeiro a junho de quase 218.000. A taxa de desemprego aumentou pelo quarto m\u00eas consecutivo em julho, embora permane\u00e7a baixa em 4,3%. As vagas de emprego mensais ca\u00edram constantemente desde o pico recorde de 12,2 milh\u00f5es em mar\u00e7o de 2022. Elas ca\u00edram para 8,2 milh\u00f5es em junho.<\/p>\n<p class=\"dist__Box-sc-1fnzlkn-0 dist__TextBase-sc-1fnzlkn-3 CGHCP htMUPQ article-text\">\u00c0 medida que os sinais de desacelera\u00e7\u00e3o econ\u00f4mica se acumulam e a infla\u00e7\u00e3o continua caindo em dire\u00e7\u00e3o \u00e0 meta de 2%, espera-se que o Fed comece a cortar as taxas em sua pr\u00f3xima reuni\u00e3o em setembro.<\/p>\n<\/div>\n<p>Copyright 2024 The Associated Press. Todos os direitos reservados. Este material n\u00e3o pode ser publicado, transmitido, reescrito ou redistribu\u00eddo sem permiss\u00e3o.<\/p>\n<p><br \/>\n<br \/><a href=\"https:\/\/www.clickorlando.com\/business\/2024\/08\/15\/us-unemployment-claims-fall-7000-to-227000-in-sign-of-resiliency-in-job-market\/\">Source link <\/a><\/p>","protected":false},"excerpt":{"rendered":"<p>WASHINGTON \u2013 O n\u00famero de americanos solicitando benef\u00edcios de desemprego caiu na semana passada, outro sinal de que o mercado de trabalho continua resiliente diante das altas taxas de juros.&hellip;<\/p>","protected":false},"author":1,"featured_media":24982,"comment_status":"closed","ping_status":"open","sticky":false,"template":"","format":"standard","meta":{"content-type":"","footnotes":""},"categories":[1],"tags":[1223,1411],"class_list":["post-24981","post","type-post","status-publish","format-standard","has-post-thumbnail","hentry","category-uncategorized","tag-negocios","tag-noticias-dos-eua"],"_links":{"self":[{"href":"https:\/\/tvbrazilusa.com\/pt\/wp-json\/wp\/v2\/posts\/24981","targetHints":{"allow":["GET"]}}],"collection":[{"href":"https:\/\/tvbrazilusa.com\/pt\/wp-json\/wp\/v2\/posts"}],"about":[{"href":"https:\/\/tvbrazilusa.com\/pt\/wp-json\/wp\/v2\/types\/post"}],"author":[{"embeddable":true,"href":"https:\/\/tvbrazilusa.com\/pt\/wp-json\/wp\/v2\/users\/1"}],"replies":[{"embeddable":true,"href":"https:\/\/tvbrazilusa.com\/pt\/wp-json\/wp\/v2\/comments?post=24981"}],"version-history":[{"count":1,"href":"https:\/\/tvbrazilusa.com\/pt\/wp-json\/wp\/v2\/posts\/24981\/revisions"}],"predecessor-version":[{"id":24983,"href":"https:\/\/tvbrazilusa.com\/pt\/wp-json\/wp\/v2\/posts\/24981\/revisions\/24983"}],"wp:featuredmedia":[{"embeddable":true,"href":"https:\/\/tvbrazilusa.com\/pt\/wp-json\/wp\/v2\/media\/24982"}],"wp:attachment":[{"href":"https:\/\/tvbrazilusa.com\/pt\/wp-json\/wp\/v2\/media?parent=24981"}],"wp:term":[{"taxonomy":"category","embeddable":true,"href":"https:\/\/tvbrazilusa.com\/pt\/wp-json\/wp\/v2\/categories?post=24981"},{"taxonomy":"post_tag","embeddable":true,"href":"https:\/\/tvbrazilusa.com\/pt\/wp-json\/wp\/v2\/tags?post=24981"}],"curies":[{"name":"wp","href":"https:\/\/api.w.org\/{rel}","templated":true}]}}