{"id":25001,"date":"2024-08-15T13:17:46","date_gmt":"2024-08-15T13:17:46","guid":{"rendered":"https:\/\/tvbrazilusa.com\/2024\/08\/15\/os-consumidores-dos-eua-aumentaram-drasticamente-os-gastos-nos-varejistas-em-julho-apesar-dos-precos-mais-altos\/"},"modified":"2024-08-15T13:28:28","modified_gmt":"2024-08-15T13:28:28","slug":"os-consumidores-dos-eua-aumentaram-drasticamente-os-gastos-nos-varejistas-em-julho-apesar-dos-precos-mais-altos","status":"publish","type":"post","link":"https:\/\/tvbrazilusa.com\/pt\/2024\/08\/15\/os-consumidores-dos-eua-aumentaram-drasticamente-os-gastos-nos-varejistas-em-julho-apesar-dos-precos-mais-altos\/","title":{"rendered":"Os consumidores dos EUA aumentaram drasticamente os gastos nos varejistas em julho, apesar dos pre\u00e7os mais altos"},"content":{"rendered":"<script async src=\"https:\/\/pagead2.googlesyndication.com\/pagead\/js\/adsbygoogle.js?client=ca-pub-8864793242727901\"\r\n     crossorigin=\"anonymous\"><\/script>\n<div id=\"\">\n<p class=\"dist__Box-sc-1fnzlkn-0 dist__TextBase-sc-1fnzlkn-3 CGHCP htMUPQ article-text\"><strong>WASHINGTON<\/strong> \u2013 Os americanos aumentaram seus gastos em varejistas no m\u00eas passado no maior n\u00edvel em um ano e meio, aliviando as preocupa\u00e7\u00f5es de que a economia pode estar enfraquecendo sob a press\u00e3o de pre\u00e7os mais altos e taxas de juros elevadas. <\/p>\n<p class=\"dist__Box-sc-1fnzlkn-0 dist__TextBase-sc-1fnzlkn-3 CGHCP htMUPQ article-text\">O Departamento de Com\u00e9rcio informou na quinta-feira que as vendas no varejo saltaram 1% de junho para julho, o maior aumento desse tipo desde janeiro de 2023, ap\u00f3s terem declinado ligeiramente no m\u00eas anterior. Concession\u00e1rias de autom\u00f3veis, lojas de eletr\u00f4nicos e eletrodom\u00e9sticos e supermercados relataram fortes ganhos nas vendas. <\/p>\n<p class=\"dist__Box-sc-1fnzlkn-0 dist__TextBase-sc-1fnzlkn-3 CGHCP htMUPQ article-text\">Os dados de vendas no varejo de julho deram garantias de que a economia dos EUA, embora desacelerando sob a press\u00e3o de altas taxas de juros, continua resiliente. Eles mostraram que os consumidores americanos, o principal impulsionador do crescimento econ\u00f4mico, ainda est\u00e3o dispostos a gastar.<\/p>\n<p class=\"dist__Box-sc-1fnzlkn-0 dist__TextBase-sc-1fnzlkn-3 CGHCP htMUPQ article-text\">Ajustadas pela infla\u00e7\u00e3o, as vendas subiram cerca de 0,8% no m\u00eas passado. E excluindo as vendas em postos de gasolina, que n\u00e3o refletem o apetite dos americanos para gastar, as compras no varejo tamb\u00e9m subiram 1%. <\/p>\n<p class=\"dist__Box-sc-1fnzlkn-0 dist__TextBase-sc-1fnzlkn-3 CGHCP htMUPQ article-text\">Os consumidores foram bombardeados desde a pandemia por <a href=\"https:\/\/apnews.com\/article\/inflation-prices-consumers-economy-spending-federal-reserve-c69408f05baeffac0023ceb76b747999\">pre\u00e7os altos<\/a> e taxas de juros elevadas. No entanto, ao mesmo tempo, os sal\u00e1rios m\u00e9dios tamb\u00e9m t\u00eam aumentado, fornecendo a muitas fam\u00edlias os meios para continuar gastando.<\/p>\n<p class=\"dist__Box-sc-1fnzlkn-0 dist__TextBase-sc-1fnzlkn-3 CGHCP htMUPQ article-text\">Os sal\u00e1rios ajustados pela infla\u00e7\u00e3o aumentaram ligeiramente em rela\u00e7\u00e3o ao ano passado. As fam\u00edlias de renda alta tamb\u00e9m viram <a href=\"https:\/\/apnews.com\/article\/inflation-economy-wealth-rates-federal-reserve-cuts-9290216e89cbd7a3a0d2be66041aeaf8\">sua riqueza aumenta<\/a>com os pre\u00e7os das a\u00e7\u00f5es e os valores dos im\u00f3veis tendo subido nos \u00faltimos tr\u00eas anos. Aumentos na riqueza podem encorajar mais gastos.<\/p>\n<p class=\"dist__Box-sc-1fnzlkn-0 dist__TextBase-sc-1fnzlkn-3 CGHCP htMUPQ article-text\">As vendas de autom\u00f3veis aumentaram 3,6% no m\u00eas passado, o maior aumento desde janeiro de 2023, um sinal de que o aumento dos estoques de carros nas concession\u00e1rias est\u00e1 impulsionando as compras. <\/p>\n<p class=\"dist__Box-sc-1fnzlkn-0 dist__TextBase-sc-1fnzlkn-3 CGHCP htMUPQ article-text\">As vendas em lojas de eletr\u00f4nicos e eletrodom\u00e9sticos aumentaram 1,6%. E aumentaram 0,9% em lojas de ferragens e centros de jardinagem. As vendas em restaurantes aumentaram 0,3%, um sinal de que os americanos ainda est\u00e3o dispostos a gastar em itens discricion\u00e1rios, como comer fora. <\/p>\n<p class=\"dist__Box-sc-1fnzlkn-0 dist__TextBase-sc-1fnzlkn-3 CGHCP htMUPQ article-text\">Os mercados financeiros ca\u00edram no in\u00edcio deste m\u00eas devido aos receios em torno da economia, depois de o governo ter relatado que as contrata\u00e7\u00f5es estavam a ser <a href=\"https:\/\/apnews.com\/article\/economy-jobs-unemployment-federal-reserve-inflation-22095766804d9c1532b4fcc29565be49\">muito mais fraco do que o esperado<\/a> em julho e a taxa de desemprego aumentou pelo quarto m\u00eas consecutivo.<\/p>\n<p class=\"dist__Box-sc-1fnzlkn-0 dist__TextBase-sc-1fnzlkn-3 CGHCP htMUPQ article-text\">No entanto, desde ent\u00e3o, os relat\u00f3rios econ\u00f3micos t\u00eam demonstrado que <a href=\"https:\/\/apnews.com\/article\/unemployment-benefits-jobless-claims-layoffs-labor-4e843e0b32f6607e314ef793a22cac9d\">demiss\u00f5es ainda s\u00e3o baixas<\/a> e que a atividade e a contrata\u00e7\u00e3o em ind\u00fastrias de servi\u00e7os permanecem s\u00f3lidas. Os americanos tamb\u00e9m continuam gastando em servi\u00e7os, como viagens, entretenimento e assist\u00eancia m\u00e9dica, que n\u00e3o est\u00e3o inclu\u00eddos no relat\u00f3rio de vendas no varejo de quinta-feira. <\/p>\n<p class=\"dist__Box-sc-1fnzlkn-0 dist__TextBase-sc-1fnzlkn-3 CGHCP htMUPQ article-text\">Ainda assim, alguns economistas se preocupam que boa parte dos gastos dos americanos agora esteja sendo alimentada pelo uso crescente de cart\u00f5es de cr\u00e9dito. E a propor\u00e7\u00e3o de americanos que est\u00e3o atrasando seus pagamentos de cart\u00e3o de cr\u00e9dito, embora ainda relativamente baixa, tem aumentado. <\/p>\n<p class=\"dist__Box-sc-1fnzlkn-0 dist__TextBase-sc-1fnzlkn-3 CGHCP htMUPQ article-text\">Mas <a href=\"https:\/\/apnews.com\/article\/inflation-prices-interest-rates-economy-federal-reserve-f8de2672173407d3a126cc13493fed85\">infla\u00e7\u00e3o de resfriamento<\/a> pode dar \u00e0s fam\u00edlias um impulso necess\u00e1rio. Os pre\u00e7os ao consumidor subiram apenas 2,9% em julho em rela\u00e7\u00e3o ao ano anterior, disse o governo na quarta-feira. Esse foi o menor n\u00famero de infla\u00e7\u00e3o anual desde mar\u00e7o de 2021. E a infla\u00e7\u00e3o b\u00e1sica, que exclui custos vol\u00e1teis de alimentos e energia, caiu pelo quarto m\u00eas consecutivo. <\/p>\n<p class=\"dist__Box-sc-1fnzlkn-0 dist__TextBase-sc-1fnzlkn-3 CGHCP htMUPQ article-text\">Embora os americanos ainda estejam dispostos a gastar, eles est\u00e3o cada vez mais buscando pechinchas. Na quinta-feira, o Walmart, o maior varejista do pa\u00eds, relatou vendas fortes nos tr\u00eas meses encerrados em 31 de julho.<\/p>\n<p class=\"dist__Box-sc-1fnzlkn-0 dist__TextBase-sc-1fnzlkn-3 CGHCP htMUPQ article-text\">Mais americanos parecem estar comprando em outlets de pre\u00e7os mais baixos, como o Walmart. A empresa tamb\u00e9m aumentou sua perspectiva de vendas para este ano e disse que n\u00e3o viu nenhum sinal de fraqueza do consumidor. <\/p>\n<p class=\"dist__Box-sc-1fnzlkn-0 dist__TextBase-sc-1fnzlkn-3 CGHCP htMUPQ article-text\">Outras empresas tamb\u00e9m est\u00e3o come\u00e7ando a oferecer pre\u00e7os mais baixos para atrair consumidores, uma tend\u00eancia que est\u00e1 ajudando a desacelerar a infla\u00e7\u00e3o. <a href=\"https:\/\/apnews.com\/article\/mcdonalds-second-quarter-earnings-b4cf6976a8688796b75404f178c5798b\">McDonald&#39;s<\/a> disse que suas vendas globais nas mesmas lojas ca\u00edram pela primeira vez em quase quatro anos no segundo trimestre. A empresa introduziu um <a href=\"https:\/\/apnews.com\/article\/mcdonalds-value-meal-deal-bda434c5a939b610a9c1fc09446a38d1\">Oferta de refei\u00e7\u00e3o de US$ 5<\/a> em restaurantes dos EUA em junho; a maioria dos franqueados planeja estender esse acordo at\u00e9 agosto.<\/p>\n<p class=\"dist__Box-sc-1fnzlkn-0 dist__TextBase-sc-1fnzlkn-3 CGHCP htMUPQ article-text\">Arie Kotler, CEO da Arko Corp., uma rede de conveni\u00eancias sediada em Richmond, Virg\u00ednia, disse que notou que os compradores reduziram seus gastos em itens discricion\u00e1rios, como salgadinhos e barras de chocolate, desde maio. Ele disse que acha que as pessoas est\u00e3o lutando com altas taxas de juros em cart\u00f5es de cr\u00e9dito, com muitos deles estourados.<\/p>\n<p class=\"dist__Box-sc-1fnzlkn-0 dist__TextBase-sc-1fnzlkn-3 CGHCP htMUPQ article-text\">___<\/p>\n<p class=\"dist__Box-sc-1fnzlkn-0 dist__TextBase-sc-1fnzlkn-3 CGHCP htMUPQ article-text\">As redatoras de neg\u00f3cios da AP Anne D&#39;Innocenzio em Nova York e Dee-Ann Durbin em Detroit contribu\u00edram para esta reportagem. <\/p>\n<\/div>\n<p>Copyright 2024 The Associated Press. Todos os direitos reservados. Este material n\u00e3o pode ser publicado, transmitido, reescrito ou redistribu\u00eddo sem permiss\u00e3o.<\/p>\n<p><br \/>\n<br \/><a href=\"https:\/\/www.clickorlando.com\/business\/2024\/08\/15\/us-shoppers-sharply-boosted-spending-at-retailers-in-july-despite-higher-prices\/\">Source link <\/a><\/p>","protected":false},"excerpt":{"rendered":"<p>WASHINGTON \u2013 Os americanos aumentaram seus gastos em varejistas no m\u00eas passado no maior n\u00edvel em um ano e meio, aliviando as preocupa\u00e7\u00f5es de que a economia pode estar enfraquecendo&hellip;<\/p>","protected":false},"author":1,"featured_media":25002,"comment_status":"closed","ping_status":"open","sticky":false,"template":"","format":"standard","meta":{"content-type":"","footnotes":""},"categories":[1],"tags":[1223,1407,1411],"class_list":["post-25001","post","type-post","status-publish","format-standard","has-post-thumbnail","hentry","category-uncategorized","tag-negocios","tag-noticias-de-washington","tag-noticias-dos-eua"],"_links":{"self":[{"href":"https:\/\/tvbrazilusa.com\/pt\/wp-json\/wp\/v2\/posts\/25001","targetHints":{"allow":["GET"]}}],"collection":[{"href":"https:\/\/tvbrazilusa.com\/pt\/wp-json\/wp\/v2\/posts"}],"about":[{"href":"https:\/\/tvbrazilusa.com\/pt\/wp-json\/wp\/v2\/types\/post"}],"author":[{"embeddable":true,"href":"https:\/\/tvbrazilusa.com\/pt\/wp-json\/wp\/v2\/users\/1"}],"replies":[{"embeddable":true,"href":"https:\/\/tvbrazilusa.com\/pt\/wp-json\/wp\/v2\/comments?post=25001"}],"version-history":[{"count":1,"href":"https:\/\/tvbrazilusa.com\/pt\/wp-json\/wp\/v2\/posts\/25001\/revisions"}],"predecessor-version":[{"id":25003,"href":"https:\/\/tvbrazilusa.com\/pt\/wp-json\/wp\/v2\/posts\/25001\/revisions\/25003"}],"wp:featuredmedia":[{"embeddable":true,"href":"https:\/\/tvbrazilusa.com\/pt\/wp-json\/wp\/v2\/media\/25002"}],"wp:attachment":[{"href":"https:\/\/tvbrazilusa.com\/pt\/wp-json\/wp\/v2\/media?parent=25001"}],"wp:term":[{"taxonomy":"category","embeddable":true,"href":"https:\/\/tvbrazilusa.com\/pt\/wp-json\/wp\/v2\/categories?post=25001"},{"taxonomy":"post_tag","embeddable":true,"href":"https:\/\/tvbrazilusa.com\/pt\/wp-json\/wp\/v2\/tags?post=25001"}],"curies":[{"name":"wp","href":"https:\/\/api.w.org\/{rel}","templated":true}]}}