{"id":25024,"date":"2024-08-15T14:00:40","date_gmt":"2024-08-15T14:00:40","guid":{"rendered":"https:\/\/tvbrazilusa.com\/2024\/08\/15\/vance-e-walz-concordam-com-um-debate-vice-presidencial-em-1o-de-outubro-organizado-pela-cbs-news\/"},"modified":"2024-08-15T14:06:12","modified_gmt":"2024-08-15T14:06:12","slug":"vance-e-walz-concordam-com-um-debate-vice-presidencial-em-1o-de-outubro-organizado-pela-cbs-news","status":"publish","type":"post","link":"https:\/\/tvbrazilusa.com\/pt\/2024\/08\/15\/vance-e-walz-concordam-com-um-debate-vice-presidencial-em-1o-de-outubro-organizado-pela-cbs-news\/","title":{"rendered":"Vance e Walz concordam com um debate vice-presidencial em 1\u00ba de outubro, organizado pela CBS News"},"content":{"rendered":"<script async src=\"https:\/\/pagead2.googlesyndication.com\/pagead\/js\/adsbygoogle.js?client=ca-pub-8864793242727901\"\r\n     crossorigin=\"anonymous\"><\/script>\n<div id=\"\">\n<p class=\"dist__Box-sc-1fnzlkn-0 dist__TextBase-sc-1fnzlkn-3 CGHCP htMUPQ article-text\"><strong>COL\u00d4MBIA, SC<\/strong> \u2013 Governador de Minnesota. <a href=\"https:\/\/apnews.com\/hub\/tim-walz\">Tim Walz<\/a> e senador de Ohio. <a href=\"https:\/\/apnews.com\/hub\/jd-vance\">J. D. Vance<\/a> concordaram em debater entre si em 1\u00ba de outubro, estabelecendo um confronto de poss\u00edveis vice-presidentes enquanto a vota\u00e7\u00e3o antecipada em alguns estados come\u00e7a <a href=\"https:\/\/apnews.com\/hub\/election-2024\">a elei\u00e7\u00e3o geral<\/a>.<\/p>\n<p class=\"dist__Box-sc-1fnzlkn-0 dist__TextBase-sc-1fnzlkn-3 CGHCP htMUPQ article-text\">A CBS News publicou na quarta-feira em seu feed X que a rede convidou Vance e Walz para um debate na cidade de Nova York, apresentando quatro datas poss\u00edveis \u2014 17 de setembro, 24 de setembro, 1\u00ba de outubro e 8 de outubro \u2014 como op\u00e7\u00f5es.<\/p>\n<p class=\"dist__Box-sc-1fnzlkn-0 dist__TextBase-sc-1fnzlkn-3 CGHCP htMUPQ article-text\">Walz repostou a mensagem de sua pr\u00f3pria conta de campanha, \u201cVejo voc\u00ea em 1\u00ba de outubro, JD.\u201d A campanha Harris-Walz seguiu com uma mensagem pr\u00f3pria, dizendo que Walz \u201cest\u00e1 ansioso para debater com JD Vance \u2014 se ele aparecer.\u201d<\/p>\n<p class=\"dist__Box-sc-1fnzlkn-0 dist__TextBase-sc-1fnzlkn-3 CGHCP htMUPQ article-text\">Vance postou no X que aceitaria o convite de 1\u00ba de outubro. Ele tamb\u00e9m desafiou Walz a se encontrarem em 18 de setembro.<\/p>\n<p class=\"dist__Box-sc-1fnzlkn-0 dist__TextBase-sc-1fnzlkn-3 CGHCP htMUPQ article-text\">Autoridades da campanha Kamala Harris-Walz n\u00e3o retornaram imediatamente uma mensagem solicitando coment\u00e1rios sobre a aceita\u00e7\u00e3o de Vance do debate anterior que ele disse que seria na CNN ou se Walz tamb\u00e9m participaria dele.<\/p>\n<p class=\"dist__Box-sc-1fnzlkn-0 dist__TextBase-sc-1fnzlkn-3 CGHCP htMUPQ article-text\">Representantes da CNN n\u00e3o retornaram imediatamente mensagens solicitando coment\u00e1rios sobre se Walz havia aceitado o convite de 18 de setembro, quando ele foi estendido, ou se outras datas haviam sido propostas para um debate na rede a cabo.<\/p>\n<p class=\"dist__Box-sc-1fnzlkn-0 dist__TextBase-sc-1fnzlkn-3 CGHCP htMUPQ article-text\">Se Walz e Vance debateriam antes da elei\u00e7\u00e3o geral de 5 de novembro estava em quest\u00e3o. Apenas nas \u00faltimas semanas, o presidente <a href=\"https:\/\/apnews.com\/hub\/joe-biden\">Joe Biden<\/a> deixou a campanha, os democratas selecionaram <a href=\"https:\/\/apnews.com\/hub\/kamala-harris\">Harris<\/a> para liderar sua chapa.<\/p>\n<p class=\"dist__Box-sc-1fnzlkn-0 dist__TextBase-sc-1fnzlkn-3 CGHCP htMUPQ article-text\">Vance manteve seu foco amplamente treinado em Harris, com quem ele teria sido definido para debater antes da sa\u00edda de Biden da corrida. Vance lan\u00e7ou cr\u00edticas contra Walz, incluindo questionar o hist\u00f3rico de servi\u00e7o do aposentado da Guarda Nacional do Ex\u00e9rcito.<\/p>\n<p class=\"dist__Box-sc-1fnzlkn-0 dist__TextBase-sc-1fnzlkn-3 CGHCP htMUPQ article-text\">Ex-presidente <a href=\"https:\/\/apnews.com\/hub\/donald-trump\">Donald Trump<\/a>o candidato presidencial do Partido Republicano, disse que queria que Vance debatesse com Walz na CBS, que estava discutindo poss\u00edveis datas para a reuni\u00e3o.<\/p>\n<p class=\"dist__Box-sc-1fnzlkn-0 dist__TextBase-sc-1fnzlkn-3 CGHCP htMUPQ article-text\">O debate \u00e9 esperado semanas ap\u00f3s o <a href=\"https:\/\/apnews.com\/article\/trump-harris-abc-debate-814786cc3ad7c11498c71f09f0172db3\">Debate sobre o topo da lista em 10 de setembro<\/a> recentemente se solidificou entre Trump e Harris na ABC News. <\/p>\n<p class=\"dist__Box-sc-1fnzlkn-0 dist__TextBase-sc-1fnzlkn-3 CGHCP htMUPQ article-text\">Trump disse que negociou v\u00e1rias outras datas de debate, em tr\u00eas redes diferentes. A Fox News tamb\u00e9m prop\u00f4s um debate entre Harris e Trump para acontecer em 4 de setembro, e a NBC News est\u00e1 tentando exibir um em 25 de setembro. <\/p>\n<p class=\"dist__Box-sc-1fnzlkn-0 dist__TextBase-sc-1fnzlkn-3 CGHCP htMUPQ article-text\">Durante uma apari\u00e7\u00e3o em Michigan, Harris disse que estava \u201cfeliz por ter essa conversa\u201d sobre um debate adicional.<\/p>\n<p class=\"dist__Box-sc-1fnzlkn-0 dist__TextBase-sc-1fnzlkn-3 CGHCP htMUPQ article-text\">___<\/p>\n<p class=\"dist__Box-sc-1fnzlkn-0 dist__TextBase-sc-1fnzlkn-3 CGHCP htMUPQ article-text\">Meg Kinnard pode ser contatada em <a href=\"http:\/\/x.com\/MegKinnardAP\">http:\/\/x.com\/MegKinnardAP<\/a><\/p>\n<\/div>\n<p>Copyright 2024 The Associated Press. Todos os direitos reservados. Este material n\u00e3o pode ser publicado, transmitido, reescrito ou redistribu\u00eddo sem permiss\u00e3o.<\/p>\n<p><br \/>\n<br \/><a href=\"https:\/\/www.clickorlando.com\/news\/politics\/2024\/08\/15\/vance-and-walz-agree-to-a-vice-presidential-debate-on-oct-1-hosted-by-cbs-news\/\">Source link <\/a><\/p>","protected":false},"excerpt":{"rendered":"<p>COL\u00d4MBIA, SC \u2013 Governador de Minnesota. Tim Walz e senador de Ohio. J. D. Vance concordaram em debater entre si em 1\u00ba de outubro, estabelecendo um confronto de poss\u00edveis vice-presidentes&hellip;<\/p>","protected":false},"author":1,"featured_media":25025,"comment_status":"closed","ping_status":"open","sticky":false,"template":"","format":"standard","meta":{"content-type":"","footnotes":""},"categories":[1],"tags":[1405,1404,1408,2497,1406,1190,93,8344],"class_list":["post-25024","post","type-post","status-publish","format-standard","has-post-thumbnail","hentry","category-uncategorized","tag-donald-trump","tag-eleicao-presidencial-dos-estados-unidos-de-2024","tag-eleicoes","tag-j-d-vance","tag-joe-biden","tag-kamala-harris","tag-politica","tag-tim-walz"],"_links":{"self":[{"href":"https:\/\/tvbrazilusa.com\/pt\/wp-json\/wp\/v2\/posts\/25024","targetHints":{"allow":["GET"]}}],"collection":[{"href":"https:\/\/tvbrazilusa.com\/pt\/wp-json\/wp\/v2\/posts"}],"about":[{"href":"https:\/\/tvbrazilusa.com\/pt\/wp-json\/wp\/v2\/types\/post"}],"author":[{"embeddable":true,"href":"https:\/\/tvbrazilusa.com\/pt\/wp-json\/wp\/v2\/users\/1"}],"replies":[{"embeddable":true,"href":"https:\/\/tvbrazilusa.com\/pt\/wp-json\/wp\/v2\/comments?post=25024"}],"version-history":[{"count":1,"href":"https:\/\/tvbrazilusa.com\/pt\/wp-json\/wp\/v2\/posts\/25024\/revisions"}],"predecessor-version":[{"id":25026,"href":"https:\/\/tvbrazilusa.com\/pt\/wp-json\/wp\/v2\/posts\/25024\/revisions\/25026"}],"wp:featuredmedia":[{"embeddable":true,"href":"https:\/\/tvbrazilusa.com\/pt\/wp-json\/wp\/v2\/media\/25025"}],"wp:attachment":[{"href":"https:\/\/tvbrazilusa.com\/pt\/wp-json\/wp\/v2\/media?parent=25024"}],"wp:term":[{"taxonomy":"category","embeddable":true,"href":"https:\/\/tvbrazilusa.com\/pt\/wp-json\/wp\/v2\/categories?post=25024"},{"taxonomy":"post_tag","embeddable":true,"href":"https:\/\/tvbrazilusa.com\/pt\/wp-json\/wp\/v2\/tags?post=25024"}],"curies":[{"name":"wp","href":"https:\/\/api.w.org\/{rel}","templated":true}]}}