{"id":25033,"date":"2024-08-15T14:19:55","date_gmt":"2024-08-15T14:19:55","guid":{"rendered":"https:\/\/tvbrazilusa.com\/2024\/08\/15\/estamos-priorizando-deus-em-nossas-salas-de-aula-conselhos-escolares-da-florida-central-consideram-capelaes\/"},"modified":"2024-08-15T14:24:32","modified_gmt":"2024-08-15T14:24:32","slug":"estamos-priorizando-deus-em-nossas-salas-de-aula-conselhos-escolares-da-florida-central-consideram-capelaes","status":"publish","type":"post","link":"https:\/\/tvbrazilusa.com\/pt\/2024\/08\/15\/estamos-priorizando-deus-em-nossas-salas-de-aula-conselhos-escolares-da-florida-central-consideram-capelaes\/","title":{"rendered":"&#39;Estamos priorizando Deus em nossas salas de aula:&#39; Conselhos escolares da Fl\u00f3rida Central consideram capel\u00e3es"},"content":{"rendered":"<p> <script async src=\"https:\/\/pagead2.googlesyndication.com\/pagead\/js\/adsbygoogle.js?client=ca-pub-8864793242727901\"\r\n     crossorigin=\"anonymous\"><\/script><br \/>\n<\/p>\n<div id=\"\">\n<p class=\"dist__Box-sc-1fnzlkn-0 dist__TextBase-sc-1fnzlkn-3 CGHCP htMUPQ article-text\"><strong>OCALA, Fl\u00f3rida.<\/strong> \u2013 Os conselhos escolares dos condados de Marion e Osceola est\u00e3o entre os primeiros no estado a desenvolver pol\u00edticas que, se aprovadas, permitiriam que capel\u00e3es religiosos prestassem servi\u00e7os em campi de escolas p\u00fablicas.<\/p>\n<p class=\"dist__Box-sc-1fnzlkn-0 dist__TextBase-sc-1fnzlkn-3 CGHCP htMUPQ article-text\">Governador Ron DeSantis<a href=\"https:\/\/www.clickorlando.com\/news\/politics\/2024\/04\/18\/gov-desantis-speaks-at-tohopekaliga-high-school-in-osceola-county\/\" target=\"_blank\" rel=\"noopener\"> assinou um projeto de lei <\/a>em abril, autorizando conselhos escolares a estabelecer pol\u00edticas permitindo que capel\u00e3es volunt\u00e1rios \u201cforne\u00e7am suporte, servi\u00e7os e programas\u201d aos alunos. A nova lei entrou em vigor no m\u00eas passado.<\/p>\n<p class=\"dist__Box-sc-1fnzlkn-0 dist__TextBase-sc-1fnzlkn-3 CGHCP htMUPQ article-text\">\u201cAcho que temos uma crise de sa\u00fade mental. Acho que temos uma comunidade que est\u00e1 sofrendo\u201d, disse a Dra. Sarah James, membro do conselho escolar do Condado de Marion. \u201cTer um capel\u00e3o no campus d\u00e1 aos pais a oportunidade de escolher que seu filho tenha um bra\u00e7o extra de apoio para quando essa crian\u00e7a precisar de ajuda espiritual.\u201d<\/p>\n<p class=\"dist__Box-sc-1fnzlkn-0 dist__TextBase-sc-1fnzlkn-3 CGHCP htMUPQ article-text\"><b>[EXCLUSIVE: <\/b><a href=\"https:\/\/www.clickorlando.com\/features\/2021\/07\/28\/heres-what-it-means-to-become-a-news-6-insider-its-cool-and-free\/\"><b>Become a News 6 Insider (it\u2019s FREE)<\/b><\/a><b> | PINIT! <\/b><a href=\"https:\/\/www.clickorlando.com\/news\/local\/2023\/04\/12\/changes-have-arrived-to-pinit-heres-what-you-need-to-know\/\"><b>Share your photos<\/b><\/a><b>]<\/b><\/p>\n<p class=\"dist__Box-sc-1fnzlkn-0 dist__TextBase-sc-1fnzlkn-3 CGHCP htMUPQ article-text\">De acordo com a nova lei, os distritos escolares que implementam um programa de capel\u00e3o volunt\u00e1rio s\u00e3o obrigados a obter o consentimento por escrito dos pais antes que um aluno receba os servi\u00e7os.<\/p>\n<p class=\"dist__Box-sc-1fnzlkn-0 dist__TextBase-sc-1fnzlkn-3 CGHCP htMUPQ article-text\">\u201cEles ter\u00e3o que assinar ren\u00fancias. Eles ter\u00e3o que concordar com a participa\u00e7\u00e3o\u201d, disse James.<\/p>\n<p class=\"dist__Box-sc-1fnzlkn-0 dist__TextBase-sc-1fnzlkn-3 CGHCP htMUPQ article-text\">A lei estadual exige que os diretores informem todos os pais sobre os servi\u00e7os dispon\u00edveis, e uma lista de capel\u00e3es dispon\u00edveis e sua filia\u00e7\u00e3o religiosa, se aplic\u00e1vel, deve ser publicada nos sites do distrito escolar.<\/p>\n<p class=\"dist__Box-sc-1fnzlkn-0 dist__TextBase-sc-1fnzlkn-3 CGHCP htMUPQ article-text\">Os distritos escolares tamb\u00e9m s\u00e3o obrigados por lei a realizar verifica\u00e7\u00f5es de antecedentes dos volunt\u00e1rios.<\/p>\n<p class=\"dist__Box-sc-1fnzlkn-0 dist__TextBase-sc-1fnzlkn-3 CGHCP htMUPQ article-text\">Mas muitos outros detalhes, como a forma como os capel\u00e3es s\u00e3o aprovados, provavelmente ser\u00e3o determinados pelos distritos escolares individuais que decidirem implementar tais pol\u00edticas.<\/p>\n<p class=\"dist__Box-sc-1fnzlkn-0 dist__TextBase-sc-1fnzlkn-3 CGHCP htMUPQ article-text\">\u201cComo educador, o que aprendi \u00e9 que pessoas diferentes se relacionam com as crian\u00e7as de forma diferente. E, portanto, nem toda crian\u00e7a precisa de uma abordagem padronizada para obter suporte\u201d, disse James. \u201cIsso n\u00e3o significa [chaplains] v\u00e3o resolver o problema para todos. Mas pode ser um lugar para onde algu\u00e9m poderia ir sem ter encontrado suporte anteriormente.\u201d<\/p>\n<p class=\"dist__Box-sc-1fnzlkn-0 dist__TextBase-sc-1fnzlkn-3 CGHCP htMUPQ article-text\">Poucas semanas depois de DeSantis ter assinado o projeto de lei do capel\u00e3o, James encorajou a equipe escolar do Condado de Marion a come\u00e7ar a pesquisar a legisla\u00e7\u00e3o. Um rascunho da pol\u00edtica est\u00e1 sendo finalizado pelo advogado do distrito escolar, ela disse.<\/p>\n<p class=\"dist__Box-sc-1fnzlkn-0 dist__TextBase-sc-1fnzlkn-3 CGHCP htMUPQ article-text\">\u201cVai estar na pauta do conselho, espero que em setembro\u201d, disse James. \u201cO conselho vai revis\u00e1-lo, discutir sobre ele e garantir que todos cheguemos a um consenso sobre como queremos prosseguir.\u201d<\/p>\n<p class=\"dist__Box-sc-1fnzlkn-0 dist__TextBase-sc-1fnzlkn-3 CGHCP htMUPQ article-text\">James acredita que qualquer pol\u00edtica de capel\u00e3o nas escolas do Condado de Marion provavelmente permitir\u00e1 aconselhamento individual ou em pequenos grupos.<\/p>\n<p class=\"dist__Box-sc-1fnzlkn-0 dist__TextBase-sc-1fnzlkn-3 CGHCP htMUPQ article-text\">Temos programas como o FCA [Fellowship of Christian Athletes] em nossos campi j\u00e1, que s\u00e3o minist\u00e9rios liderados por estudantes\u201d, disse James. \u201cEnt\u00e3o, j\u00e1 estamos trazendo Deus para a sala de aula o m\u00e1ximo que podemos. Esta \u00e9 outra oportunidade de encontrar as fam\u00edlias onde elas est\u00e3o.\u201d<\/p>\n<p class=\"dist__Box-sc-1fnzlkn-0 dist__TextBase-sc-1fnzlkn-3 CGHCP htMUPQ article-text\">Os membros do conselho escolar do Condado de Osceola estavam prestes a votar em uma <a href=\"https:\/\/go.boarddocs.com\/fl\/osceola\/Board.nsf\/files\/D7RQXC6B6A98\/$file\/08.13.24.HR.PublicHearing.Attach.pdf\" target=\"_blank\" rel=\"noopener\">pol\u00edtica de capel\u00e3o<\/a> Ter\u00e7a-feira, mas a decis\u00e3o foi adiada para permitir mais discuss\u00f5es no conselho.<\/p>\n<p class=\"dist__Box-sc-1fnzlkn-0 dist__TextBase-sc-1fnzlkn-3 CGHCP htMUPQ article-text\"><i>Para ler a pol\u00edtica proposta para capel\u00e3es escolares do Condado de Osceola, veja abaixo:<\/i><\/p>\n<p class=\"dist__Box-sc-1fnzlkn-0 dist__TextBase-sc-1fnzlkn-3 CGHCP htMUPQ article-text\">Os capel\u00e3es \u201cn\u00e3o devem fazer proselitismo ou menosprezar nenhuma religi\u00e3o, cren\u00e7a, falta de cren\u00e7a ou grupo religioso\u201d segundo a pol\u00edtica proposta pelo Condado de Osceola, que tamb\u00e9m declara que \u201ca presta\u00e7\u00e3o de cuidados, ajuda ou aconselhamento por um capel\u00e3o consistente com suas cren\u00e7as ou convic\u00e7\u00f5es\u2026 n\u00e3o \u00e9 proselitismo ou menosprezo\u201d.<\/p>\n<p class=\"dist__Box-sc-1fnzlkn-0 dist__TextBase-sc-1fnzlkn-3 CGHCP htMUPQ article-text\">A pol\u00edtica proposta de duas p\u00e1ginas do Condado de Osceola n\u00e3o especifica quem se qualifica como capel\u00e3o.<\/p>\n<p class=\"dist__Box-sc-1fnzlkn-0 dist__TextBase-sc-1fnzlkn-3 CGHCP htMUPQ article-text\">O Templo Sat\u00e2nico, uma organiza\u00e7\u00e3o que j\u00e1 entrou com a\u00e7\u00f5es judiciais contra estados por causa de leis que acredita promoverem a religi\u00e3o, enviou uma carta aos membros do conselho escolar do Condado de Osceola horas antes de sua vota\u00e7\u00e3o sobre a pol\u00edtica de capel\u00e3es ser arquivada.<\/p>\n<p class=\"dist__Box-sc-1fnzlkn-0 dist__TextBase-sc-1fnzlkn-3 CGHCP htMUPQ article-text\">\u201cEmbora acreditemos que investir em conselheiros profissionais licenciados seria mais ben\u00e9fico para os alunos do Condado de Osceola, estamos entusiasmados com a oportunidade que esta pol\u00edtica apresenta para nossos Ministros de Satan\u00e1s, que est\u00e3o ansiosos para construir relacionamentos positivos e de apoio com os alunos e se tornar uma parte ativa da comunidade escolar\u201d, escreveu Rachel Chambliss, diretora executiva do grupo.<\/p>\n<p class=\"dist__Box-sc-1fnzlkn-0 dist__TextBase-sc-1fnzlkn-3 CGHCP htMUPQ article-text\">DeSantis, que assinou o projeto de lei sobre capel\u00e3es na Escola de Ensino M\u00e9dio Tohopekaliga, no Condado de Osceola, em abril, rejeitou as amea\u00e7as de que os membros do Templo Sat\u00e2nico se voluntariariam como capel\u00e3es da escola.<\/p>\n<p class=\"dist__Box-sc-1fnzlkn-0 dist__TextBase-sc-1fnzlkn-3 CGHCP htMUPQ article-text\">\u201cS\u00f3 entenda, n\u00e3o estamos jogando esses jogos na Fl\u00f3rida\u201d, disse DeSantis. \u201cIsso n\u00e3o \u00e9 uma religi\u00e3o. Isso n\u00e3o qualifica para poder participar disso. Vamos usar o bom senso.\u201d<\/p>\n<p class=\"dist__Box-sc-1fnzlkn-0 dist__TextBase-sc-1fnzlkn-3 CGHCP htMUPQ article-text\">O<a href=\"https:\/\/www.flsenate.gov\/Session\/Bill\/2024\/931\/BillText\/er\/PDF\" target=\"_blank\" rel=\"noopener\"> projeto de lei assinado <\/a>pelo governador n\u00e3o exige especificamente que os capel\u00e3es escolares sejam filiados a uma religi\u00e3o, nem exige qualifica\u00e7\u00f5es para se voluntariar como capel\u00e3o.<\/p>\n<p class=\"dist__Box-sc-1fnzlkn-0 dist__TextBase-sc-1fnzlkn-3 CGHCP htMUPQ article-text\">DeSantis reconheceu que o projeto de lei do capel\u00e3o escolar provavelmente enfrentar\u00e1 contesta\u00e7\u00f5es legais, possivelmente da Uni\u00e3o Americana pelas Liberdades Civis.<\/p>\n<p class=\"dist__Box-sc-1fnzlkn-0 dist__TextBase-sc-1fnzlkn-3 CGHCP htMUPQ article-text\">A ACLU ainda n\u00e3o entrou com nenhuma a\u00e7\u00e3o judicial, mas a organiza\u00e7\u00e3o de direitos civis argumenta que a lei de capel\u00e3es escolares da Fl\u00f3rida viola a &#8220;Cl\u00e1usula de Estabelecimento&#8221; da Primeira Emenda, que pro\u00edbe o governo de estabelecer uma religi\u00e3o.<\/p>\n<p class=\"dist__Box-sc-1fnzlkn-0 dist__TextBase-sc-1fnzlkn-3 CGHCP htMUPQ article-text\">\u201cOs tribunais t\u00eam repetidamente decidido que \u00e9 inconstitucional que as escolas p\u00fablicas convidem l\u00edderes religiosos para se envolverem em atividades religiosas com os alunos ou para promoverem doutrinas religiosas para eles\u201d,<a href=\"https:\/\/www.aclufl.org\/en\/news\/why-allowing-chaplains-public-schools-harms-students\" target=\"_blank\" rel=\"noopener\"> escreveu ACLU<\/a> advogada Heather Weaver<\/p>\n<p class=\"dist__Box-sc-1fnzlkn-0 dist__TextBase-sc-1fnzlkn-3 CGHCP htMUPQ article-text\">DeSantis argumentou que proibir capel\u00e3es de frequentar campi viola a Constitui\u00e7\u00e3o dos EUA.<\/p>\n<p class=\"dist__Box-sc-1fnzlkn-0 dist__TextBase-sc-1fnzlkn-3 CGHCP htMUPQ article-text\">\u201cA Primeira Emenda foi promulgada para garantir que as pessoas n\u00e3o fossem discriminadas com base na religi\u00e3o ou em sua f\u00e9\u201d, disse DeSantis.<\/p>\n<p class=\"dist__Box-sc-1fnzlkn-0 dist__TextBase-sc-1fnzlkn-3 CGHCP htMUPQ article-text\">James disse que n\u00e3o tem conhecimento de nenhuma oposi\u00e7\u00e3o espec\u00edfica dos cidad\u00e3os do Condado de Marion sobre a proposta de seu distrito escolar de autorizar capel\u00e3es.<\/p>\n<p class=\"dist__Box-sc-1fnzlkn-0 dist__TextBase-sc-1fnzlkn-3 CGHCP htMUPQ article-text\">\u201cAcho que \u00e9 uma coisa muito boa que estejamos priorizando Deus em nossas salas de aula\u201d, disse James. \u201cO Condado de Marion representa uma comunidade \u00fanica que \u00e9 bastante movida pela f\u00e9. Tenho certeza de que haver\u00e1 pessoas que discordar\u00e3o. E \u00e9 isso que \u00e9 \u00f3timo sobre os pais terem uma escolha. Se eles n\u00e3o querem que seus filhos participem do programa de capel\u00e3o, eles t\u00eam todo o direito de decidir isso.\u201d<\/p>\n<hr class=\"dist__Box-sc-1fnzlkn-0 dist__BaseDivider-sc-1fnzlkn-8 NJMqq\"\/>\n<p class=\"dist__Box-sc-1fnzlkn-0 dist__TextBase-sc-1fnzlkn-3 CGHCP htMUPQ article-text\"><b>Receba as manchetes de hoje em minutos com <\/b><a href=\"https:\/\/podcasts.apple.com\/us\/podcast\/your-florida-daily\/id1632084191\"><b>Seu di\u00e1rio da Fl\u00f3rida<\/b><\/a><b>:<\/b><\/p>\n<\/div>\n<p>Copyright 2024 por WKMG ClickOrlando &#8211; Todos os direitos reservados.<\/p>\n<p><br \/>\n<br \/><a href=\"https:\/\/www.clickorlando.com\/news\/local\/2024\/08\/15\/were-prioritizing-god-in-our-classrooms-central-florida-school-boards-consider-chaplains\/\">Source link <\/a><\/p>","protected":false},"excerpt":{"rendered":"<p>OCALA, Fl\u00f3rida. \u2013 Os conselhos escolares dos condados de Marion e Osceola est\u00e3o entre os primeiros no estado a desenvolver pol\u00edticas que, se aprovadas, permitiriam que capel\u00e3es religiosos prestassem servi\u00e7os&hellip;<\/p>","protected":false},"author":1,"featured_media":25034,"comment_status":"closed","ping_status":"open","sticky":false,"template":"","format":"standard","meta":{"content-type":"","footnotes":""},"categories":[1],"tags":[1520,1362,3510,93,1437],"class_list":["post-25033","post","type-post","status-publish","format-standard","has-post-thumbnail","hentry","category-uncategorized","tag-condado-de-marion","tag-educacao","tag-ocala","tag-politica","tag-religiao"],"_links":{"self":[{"href":"https:\/\/tvbrazilusa.com\/pt\/wp-json\/wp\/v2\/posts\/25033","targetHints":{"allow":["GET"]}}],"collection":[{"href":"https:\/\/tvbrazilusa.com\/pt\/wp-json\/wp\/v2\/posts"}],"about":[{"href":"https:\/\/tvbrazilusa.com\/pt\/wp-json\/wp\/v2\/types\/post"}],"author":[{"embeddable":true,"href":"https:\/\/tvbrazilusa.com\/pt\/wp-json\/wp\/v2\/users\/1"}],"replies":[{"embeddable":true,"href":"https:\/\/tvbrazilusa.com\/pt\/wp-json\/wp\/v2\/comments?post=25033"}],"version-history":[{"count":1,"href":"https:\/\/tvbrazilusa.com\/pt\/wp-json\/wp\/v2\/posts\/25033\/revisions"}],"predecessor-version":[{"id":25035,"href":"https:\/\/tvbrazilusa.com\/pt\/wp-json\/wp\/v2\/posts\/25033\/revisions\/25035"}],"wp:featuredmedia":[{"embeddable":true,"href":"https:\/\/tvbrazilusa.com\/pt\/wp-json\/wp\/v2\/media\/25034"}],"wp:attachment":[{"href":"https:\/\/tvbrazilusa.com\/pt\/wp-json\/wp\/v2\/media?parent=25033"}],"wp:term":[{"taxonomy":"category","embeddable":true,"href":"https:\/\/tvbrazilusa.com\/pt\/wp-json\/wp\/v2\/categories?post=25033"},{"taxonomy":"post_tag","embeddable":true,"href":"https:\/\/tvbrazilusa.com\/pt\/wp-json\/wp\/v2\/tags?post=25033"}],"curies":[{"name":"wp","href":"https:\/\/api.w.org\/{rel}","templated":true}]}}