{"id":25036,"date":"2024-08-15T14:30:02","date_gmt":"2024-08-15T14:30:02","guid":{"rendered":"https:\/\/tvbrazilusa.com\/2024\/08\/15\/vance-e-walz-concordam-com-um-debate-vice-presidencial-em-1o-de-outubro-organizado-pela-cbs-news-wsvn-7news-noticias-de-miami-clima-esportes-fort-lauderdale\/"},"modified":"2024-08-15T14:30:32","modified_gmt":"2024-08-15T14:30:32","slug":"vance-e-walz-concordam-com-um-debate-vice-presidencial-em-1o-de-outubro-organizado-pela-cbs-news-wsvn-7news-noticias-de-miami-clima-esportes-fort-lauderdale","status":"publish","type":"post","link":"https:\/\/tvbrazilusa.com\/pt\/2024\/08\/15\/vance-e-walz-concordam-com-um-debate-vice-presidencial-em-1o-de-outubro-organizado-pela-cbs-news-wsvn-7news-noticias-de-miami-clima-esportes-fort-lauderdale\/","title":{"rendered":"Vance e Walz concordam com um debate vice-presidencial em 1\u00ba de outubro, organizado pela CBS News &#8211; WSVN 7News | Not\u00edcias de Miami, Clima, Esportes | Fort Lauderdale"},"content":{"rendered":"<p> <script async src=\"https:\/\/pagead2.googlesyndication.com\/pagead\/js\/adsbygoogle.js?client=ca-pub-8864793242727901\"\r\n     crossorigin=\"anonymous\"><\/script><br \/>\n<\/p>\n<div itemprop=\"articleBody\">\n<p>COLUMBIA, Carolina do Sul (AP) \u2014 O governador de Minnesota, Tim Walz, e o senador de Ohio, JD Vance, concordaram em debater entre si em 1\u00ba de outubro, marcando um confronto entre poss\u00edveis vice-presidentes, enquanto a vota\u00e7\u00e3o antecipada em alguns estados come\u00e7a para a elei\u00e7\u00e3o geral.<\/p>\n<p>A CBS News publicou na quarta-feira em seu feed X que a rede convidou Vance e Walz para um debate na cidade de Nova York, apresentando quatro datas poss\u00edveis \u2014 17 de setembro, 24 de setembro, 1\u00ba de outubro e 8 de outubro \u2014 como op\u00e7\u00f5es.<\/p>\n<p>Walz repostou a mensagem de sua pr\u00f3pria conta de campanha, \u201cVejo voc\u00ea em 1\u00ba de outubro, JD.\u201d A campanha Harris-Walz seguiu com uma mensagem pr\u00f3pria, dizendo que Walz \u201cest\u00e1 ansioso para debater com JD Vance \u2014 se ele aparecer.\u201d<\/p>\n<p>Vance postou no X que aceitaria o convite de 1\u00ba de outubro. Ele tamb\u00e9m desafiou Walz a se encontrarem em 18 de setembro.<\/p>\n<p>Autoridades da campanha Kamala Harris-Walz n\u00e3o retornaram imediatamente uma mensagem solicitando coment\u00e1rios sobre a aceita\u00e7\u00e3o de Vance do debate anterior que ele disse que seria na CNN ou se Walz tamb\u00e9m participaria dele.<\/p>\n<p>Representantes da CNN confirmaram que Vance aceitou o convite da rede para o debate.<\/p>\n<p>A \u00e2ncora do \u201cCBS Evening News\u201d, Norah O&#39;Donnell, e Margaret Brennan, do \u201cFace the Nation\u201d, moderar\u00e3o o debate de 1\u00ba de outubro, de acordo com a rede.<\/p>\n<p>Se Walz e Vance debateriam antes da elei\u00e7\u00e3o geral de 5 de novembro estava em quest\u00e3o. Apenas nas \u00faltimas semanas, o presidente Joe Biden deixou a campanha e os democratas selecionaram Harris para liderar sua chapa.<\/p>\n<p>Vance manteve seu foco amplamente treinado em Harris, com quem ele teria sido definido para debater antes da sa\u00edda de Biden da corrida. Vance lan\u00e7ou cr\u00edticas contra Walz, incluindo questionar o hist\u00f3rico de servi\u00e7o do aposentado da Guarda Nacional do Ex\u00e9rcito.<\/p>\n<p>O ex-presidente Donald Trump, candidato presidencial do Partido Republicano, disse que queria que Vance debatesse com Walz na CBS, que estava discutindo poss\u00edveis datas para o encontro.<\/p>\n<p>O debate \u00e9 esperado semanas ap\u00f3s o debate sobre os principais candidatos, que aconteceu recentemente em 10 de setembro, entre Trump e Harris, na ABC News.<\/p>\n<p>Trump disse que negociou v\u00e1rias outras datas de debate, em tr\u00eas redes diferentes. A Fox News tamb\u00e9m prop\u00f4s um debate entre Harris e Trump para acontecer em 4 de setembro, e a NBC News est\u00e1 tentando exibir um em 25 de setembro.<\/p>\n<p>Durante uma apari\u00e7\u00e3o em Michigan, Harris disse que estava \u201cfeliz por ter essa conversa\u201d sobre um debate adicional.<\/p>\n<p><em>Copyright 2024 The Associated Press. Todos os direitos reservados. Este material n\u00e3o pode ser publicado, transmitido, reescrito ou redistribu\u00eddo.<\/em><\/p>\n<div class=\"wp-block-newsletter\">\n\t<strong class=\"wp-block-newsletter__title\">Inscreva-se em nossa Newsletter para receber as \u00faltimas not\u00edcias diretamente na sua caixa de entrada<\/strong><\/p>\n<\/div><\/div>\n<p><br \/>\n<br \/><a href=\"https:\/\/wsvn.com\/news\/politics\/vance-and-walz-agree-to-a-vice-presidential-debate-on-oct-1-hosted-by-cbs-news\/\">Source link <\/a><\/p>","protected":false},"excerpt":{"rendered":"<p>COLUMBIA, Carolina do Sul (AP) \u2014 O governador de Minnesota, Tim Walz, e o senador de Ohio, JD Vance, concordaram em debater entre si em 1\u00ba de outubro, marcando um&hellip;<\/p>","protected":false},"author":1,"featured_media":25037,"comment_status":"closed","ping_status":"open","sticky":false,"template":"","format":"standard","meta":{"content-type":"","footnotes":""},"categories":[1],"tags":[],"class_list":["post-25036","post","type-post","status-publish","format-standard","has-post-thumbnail","hentry","category-uncategorized"],"_links":{"self":[{"href":"https:\/\/tvbrazilusa.com\/pt\/wp-json\/wp\/v2\/posts\/25036","targetHints":{"allow":["GET"]}}],"collection":[{"href":"https:\/\/tvbrazilusa.com\/pt\/wp-json\/wp\/v2\/posts"}],"about":[{"href":"https:\/\/tvbrazilusa.com\/pt\/wp-json\/wp\/v2\/types\/post"}],"author":[{"embeddable":true,"href":"https:\/\/tvbrazilusa.com\/pt\/wp-json\/wp\/v2\/users\/1"}],"replies":[{"embeddable":true,"href":"https:\/\/tvbrazilusa.com\/pt\/wp-json\/wp\/v2\/comments?post=25036"}],"version-history":[{"count":1,"href":"https:\/\/tvbrazilusa.com\/pt\/wp-json\/wp\/v2\/posts\/25036\/revisions"}],"predecessor-version":[{"id":25038,"href":"https:\/\/tvbrazilusa.com\/pt\/wp-json\/wp\/v2\/posts\/25036\/revisions\/25038"}],"wp:featuredmedia":[{"embeddable":true,"href":"https:\/\/tvbrazilusa.com\/pt\/wp-json\/wp\/v2\/media\/25037"}],"wp:attachment":[{"href":"https:\/\/tvbrazilusa.com\/pt\/wp-json\/wp\/v2\/media?parent=25036"}],"wp:term":[{"taxonomy":"category","embeddable":true,"href":"https:\/\/tvbrazilusa.com\/pt\/wp-json\/wp\/v2\/categories?post=25036"},{"taxonomy":"post_tag","embeddable":true,"href":"https:\/\/tvbrazilusa.com\/pt\/wp-json\/wp\/v2\/tags?post=25036"}],"curies":[{"name":"wp","href":"https:\/\/api.w.org\/{rel}","templated":true}]}}