{"id":25060,"date":"2024-08-15T15:05:07","date_gmt":"2024-08-15T15:05:07","guid":{"rendered":"https:\/\/tvbrazilusa.com\/2024\/08\/15\/uma-nova-emergencia-global-de-saude-o-que-e-mpox-onde-estao-os-surtos-e-o-que-a-oms-esta-fazendo\/"},"modified":"2024-08-15T15:28:19","modified_gmt":"2024-08-15T15:28:19","slug":"uma-nova-emergencia-global-de-saude-o-que-e-mpox-onde-estao-os-surtos-e-o-que-a-oms-esta-fazendo","status":"publish","type":"post","link":"https:\/\/tvbrazilusa.com\/pt\/2024\/08\/15\/uma-nova-emergencia-global-de-saude-o-que-e-mpox-onde-estao-os-surtos-e-o-que-a-oms-esta-fazendo\/","title":{"rendered":"Uma nova emerg\u00eancia global de sa\u00fade: O que \u00e9 MPOX, onde est\u00e3o os surtos e o que a OMS est\u00e1 fazendo?"},"content":{"rendered":"<p> <script async src=\"https:\/\/pagead2.googlesyndication.com\/pagead\/js\/adsbygoogle.js?client=ca-pub-8864793242727901\"\r\n     crossorigin=\"anonymous\"><\/script><br \/>\n<\/p>\n<div id=\"\">\n<header class=\"m-article-header m-article-header--standard\">\n\t\t\t\t\t\t\t\t\t\t\t\t<span id=\"article-header-primary-term\"><br \/>\n\t\t\t\t\t\t\t\t<a class=\"a-term a-term--primary\" href=\"https:\/\/www.boston.com\/tag\/health\/\"><\/p>\n<p>\t\t\t\t\t\t\t\tSa\u00fade\t\t\t\t\t\t\t\t<\/a><br \/>\n\t\t\t\t\t\t\t<\/span><\/p>\n<h2 class=\"m-article-header__sub-headline\">O an\u00fancio foi feito na quarta-feira, ap\u00f3s uma reuni\u00e3o do comit\u00ea de emerg\u00eancia da ag\u00eancia de sa\u00fade da ONU.<\/h2>\n<figure class=\"a-photo m-article-header__photo\"><figcaption class=\"a-photo__caption\">\n<p>\tA enfermeira de fam\u00edlia Carol Ramsubhag-Carela prepara uma seringa com a vacina Mpox antes de inocular um paciente em um local de vacina\u00e7\u00e3o em 30 de agosto de 2022, no bairro do Brooklyn, em Nova York. <em> AP Photo\/Jeenah Moon, Arquivo<\/em>\t<\/figcaption><\/figure>\n<div class=\"m-article-header__meta\">\n<div class=\"m-article-header__byline\">\n<p class=\"m-article-header__author\">\n<p>\t\t\t\t\t\t\t\tPor MARIA CHENG, Associated Press\t\t\t\t\t\t\t<\/p>\n<p>\t\t\t\t\t\t    \t\t\t\t\t\t\t<time class=\"m-article-header__date\"><\/p>\n<p>        \t\t\t\t\t\t\t15 de agosto de 2024 | 11h05    \t\t\t\t\t\t\t<\/time><\/p><\/div>\n<\/p><\/div>\n<\/header>\n<p>LONDRES (AP) \u2014 A Organiza\u00e7\u00e3o Mundial da Sa\u00fade declarou na quarta-feira que a crescente dissemina\u00e7\u00e3o do mpox na \u00c1frica \u00e9 uma emerg\u00eancia sanit\u00e1ria global, alertando que o v\u00edrus pode acabar se espalhando atrav\u00e9s das fronteiras internacionais.<\/p>\n<p>O an\u00fancio do diretor-geral da OMS, Tedros Adhanom Ghebreyesus, ocorreu ap\u00f3s uma reuni\u00e3o do comit\u00ea de emerg\u00eancia da ag\u00eancia de sa\u00fade da ONU. Os Centros de Controle e Preven\u00e7\u00e3o de Doen\u00e7as da \u00c1frica declararam o mpox uma emerg\u00eancia de sa\u00fade p\u00fablica no continente na ter\u00e7a-feira.<\/p>\n<p>A OMS disse que houve mais de 14.000 casos e 524 mortes na \u00c1frica este ano, o que j\u00e1 excede os n\u00fameros do ano passado.<\/p>\n<p>At\u00e9 agora, mais de 96% de todos os casos e mortes est\u00e3o em um \u00fanico pa\u00eds \u2014 Congo. Cientistas est\u00e3o preocupados com a dissemina\u00e7\u00e3o de uma nova vers\u00e3o da doen\u00e7a l\u00e1, que pode ser mais facilmente transmitida entre as pessoas.<\/p>\n<p>Veja aqui o que sabemos sobre o mpox e o que pode ser feito para cont\u00ea-lo:<\/p>\n<h2 class=\"wp-block-heading\" id=\"h-what-is-mpox\">O que \u00e9 mpox?<\/h2>\n<p>A Mpox, tamb\u00e9m conhecida como monkeypox, foi identificada pela primeira vez por cientistas em 1958, quando houve surtos de uma doen\u00e7a \u201csemelhante \u00e0 var\u00edola\u201d em macacos. At\u00e9 recentemente, a maioria dos casos humanos era vista em pessoas na \u00c1frica Central e Ocidental que tinham contato pr\u00f3ximo com animais infectados.<\/p>\n<p>Em 2022, foi confirmado pela primeira vez que o v\u00edrus se espalhava por meio do sexo e desencadeou surtos em mais de 70 pa\u00edses ao redor do mundo que n\u00e3o haviam relatado casos de mpox anteriormente.<\/p>\n<p>Mpox pertence \u00e0 mesma fam\u00edlia de v\u00edrus da var\u00edola, mas causa sintomas mais leves, como febre, calafrios e dores no corpo. Pessoas com casos mais s\u00e9rios podem desenvolver les\u00f5es no rosto, m\u00e3os, peito e genitais.<\/p>\n<h2 class=\"wp-block-heading\" id=\"h-what-s-happening-in-africa-that-s-causing-all-this-concern\">O que est\u00e1 acontecendo na \u00c1frica que est\u00e1 causando toda essa preocupa\u00e7\u00e3o?<\/h2>\n<p>O n\u00famero de casos aumentou dramaticamente. Na semana passada, o CDC da \u00c1frica relatou que o mpox foi detectado em pelo menos 13 pa\u00edses africanos. Comparado com o mesmo per\u00edodo do ano passado, a ag\u00eancia disse que os casos aumentaram 160% e as mortes aumentaram 19%.<\/p>\n<p>No in\u00edcio deste ano, cientistas relataram o surgimento de uma nova forma de mpox em uma cidade mineira congolesa que pode matar at\u00e9 10% das pessoas e pode se espalhar mais facilmente.<\/p>\n<p>Ao contr\u00e1rio de surtos anteriores de mpox, onde as les\u00f5es eram vistas principalmente no peito, m\u00e3os e p\u00e9s, a nova forma de mpox causa sintomas mais leves e les\u00f5es nos genitais. Isso a torna mais dif\u00edcil de detectar, o que significa que as pessoas tamb\u00e9m podem adoecer outras sem saber que est\u00e3o infectadas.<\/p>\n<p>A OMS disse que o mpox foi identificado recentemente pela primeira vez em quatro pa\u00edses da \u00c1frica Oriental: Burundi, Qu\u00eania, Ruanda e Uganda. Todos esses surtos estavam ligados \u00e0 epidemia no Congo. Tedros disse que havia preocupa\u00e7\u00e3o com a dissemina\u00e7\u00e3o da doen\u00e7a dentro e al\u00e9m da \u00c1frica.<\/p>\n<p>Na Costa do Marfim e na \u00c1frica do Sul, autoridades de sa\u00fade relataram surtos de uma vers\u00e3o diferente e menos perigosa do mpox que se espalhou pelo mundo em 2022.<\/p>\n<h2 class=\"wp-block-heading\" id=\"h-what-does-an-emergency-declaration-mean\">O que significa uma declara\u00e7\u00e3o de emerg\u00eancia?<\/h2>\n<p>A declara\u00e7\u00e3o de emerg\u00eancia da OMS tem como objetivo estimular ag\u00eancias doadoras e pa\u00edses a agirem. Mas a resposta global a declara\u00e7\u00f5es anteriores tem sido mista.<\/p>\n<p>O diretor-geral do Africa CDC, Dr. Jean Kaseya, disse que a declara\u00e7\u00e3o da ag\u00eancia de uma emerg\u00eancia de sa\u00fade p\u00fablica tinha como objetivo &#8220;mobilizar nossas institui\u00e7\u00f5es, nossa vontade coletiva e nossos recursos para agir de forma r\u00e1pida e decisiva&#8221;. Ele apelou aos parceiros internacionais da \u00c1frica por ajuda, dizendo que o aumento do n\u00famero de casos na \u00c1frica havia sido amplamente ignorado.<\/p>\n<p>\u201cEst\u00e1 claro que as estrat\u00e9gias de controle atuais n\u00e3o est\u00e3o funcionando e h\u00e1 uma necessidade clara de mais recursos\u201d, disse Michael Marks, professor de medicina na London School of Hygiene and Tropical Medicine. \u201cSe uma (declara\u00e7\u00e3o de emerg\u00eancia global) \u00e9 o mecanismo para desbloquear essas coisas, ent\u00e3o \u00e9 garantido\u201d, disse ele.<\/p>\n<h2 class=\"wp-block-heading\" id=\"h-what-s-different-about-the-current-outbreak-in-africa-compared-to-the-2022-epidemic\">O que h\u00e1 de diferente no surto atual na \u00c1frica em compara\u00e7\u00e3o com a epidemia de 2022?<\/h2>\n<p>Durante o surto global de MPox em 2022, homens gays e bissexuais constitu\u00edram a grande maioria dos casos e o v\u00edrus foi transmitido principalmente por contato pr\u00f3ximo, incluindo sexo.<\/p>\n<p>Embora alguns padr\u00f5es semelhantes tenham sido observados na \u00c1frica, crian\u00e7as menores de 15 anos agora representam mais de 70% dos casos de mpox e 85% das mortes no Congo.<\/p>\n<p>Antes de sua reuni\u00e3o de emerg\u00eancia, Tedros disse que as autoridades estavam lidando com v\u00e1rios surtos de mpox em v\u00e1rios pa\u00edses com \u201cdiferentes modos de transmiss\u00e3o e diferentes n\u00edveis de risco\u201d.<\/p>\n<p>\u201cParar esses surtos exigir\u00e1 uma resposta personalizada e abrangente\u201d, disse ele.<\/p>\n<p>Greg Ramm, diretor da Save the Children no Congo, disse que a organiza\u00e7\u00e3o estava particularmente preocupada com a dissemina\u00e7\u00e3o de mpox nos campos lotados de refugiados no leste, observando que havia 345.000 crian\u00e7as &#8220;amontoadas em tendas em condi\u00e7\u00f5es insalubres&#8221;. Ele disse que o sistema de sa\u00fade do pa\u00eds j\u00e1 estava &#8220;entrando em colapso&#8221; sob a press\u00e3o da desnutri\u00e7\u00e3o, sarampo e c\u00f3lera.<\/p>\n<p>A Dra. Boghuma Titanji, especialista em doen\u00e7as infecciosas da Emory University, disse que n\u00e3o estava claro por que as crian\u00e7as foram t\u00e3o desproporcionalmente atingidas pelo mpox no Congo. Ela disse que pode ser porque as crian\u00e7as s\u00e3o mais suscet\u00edveis ao v\u00edrus ou que fatores sociais, como superlota\u00e7\u00e3o e exposi\u00e7\u00e3o a pais que pegaram a doen\u00e7a, podem explicar isso.<\/p>\n<h2 class=\"wp-block-heading\" id=\"h-how-might-mpox-be-stopped\">Como o mpox pode ser interrompido?<\/h2>\n<p>O surto de mpox em 2022 em dezenas de pa\u00edses foi amplamente contido com o uso de vacinas e tratamentos em pa\u00edses ricos, al\u00e9m de convencer as pessoas a evitar comportamentos de risco. Mas quase nenhuma vacina ou tratamento estava dispon\u00edvel na \u00c1frica.<\/p>\n<p>Marks, da Escola de Higiene e Medicina Tropical de Londres, disse que a imuniza\u00e7\u00e3o provavelmente ajudaria \u2014 incluindo a inocula\u00e7\u00e3o de pessoas contra a var\u00edola, um v\u00edrus relacionado.<\/p>\n<p>\u201cPrecisamos de um grande suprimento de vacina para que possamos vacinar as popula\u00e7\u00f5es de maior risco\u201d, disse ele, acrescentando que isso significaria profissionais do sexo, crian\u00e7as e adultos que vivem em regi\u00f5es de surto.<\/p>\n<p>O Congo disse que est\u00e1 em negocia\u00e7\u00f5es com doadores sobre poss\u00edveis doa\u00e7\u00f5es de vacinas e recebeu alguma ajuda financeira da Gr\u00e3-Bretanha e dos EUA<\/p>\n<p>A OMS j\u00e1 havia liberado US$ 1,45 milh\u00e3o de seu fundo de emerg\u00eancia para apoiar a resposta \u00e0 MPOX na \u00c1frica, mas disse que precisa de US$ 15 milh\u00f5es iniciais para financiar essa resposta.<\/p>\n<p><em>A escritora da Associated Press, Christina Malkia, em Kinshasa, Congo, contribuiu para esta reportagem.<\/em><\/p>\n<div class=\"m-block m-generic-cta\t m-generic-cta--post-content\t m-generic-cta--dark\t m-generic-cta--homepage\t m-generic-cta--email-signup\t\t m-generic-cta-block-style--default \tt-amp__generic-cta\"><\/p>\n<div class=\"m-generic-cta__wrap\">\n<div class=\"m-generic-cta__content\">\n<h3 class=\"m-generic-cta__title\">Alertas de not\u00edcias extras<\/h3>\n<p class=\"m-generic-cta__subtitle\">Receba atualiza\u00e7\u00f5es de \u00faltima hora assim que elas acontecerem.<\/p>\n<\/p><\/div>\n<\/p><\/div>\n<\/div><\/div>\n<p><script>\n\t\tvar consent=\"grant\";\n\t\t\/* The above code is parsing the JSON data from the local storage and storing it in a variable. *\/\n\t\t\t\t\tconst onetrustStorageConsent = JSON.parse(localStorage.getItem( 'consent_one_trust_bdc' ) );\n\t\t\tif ( ( onetrustStorageConsent !== null ) ) {\n\t\t\t\t\/* Checking to see if the user has consented to the use of cookies.\n\t\t\t\t* If they have not, it is deleting the cookie.\n\t\t\t\t* This will comment for now, until further notice.\n\t\t\t\t*\/\n\t\t\t\t\/\/if ( onetrustStorageConsent.C0002 === false ) {\n\t\t\t\t\/\/\tdocument.cookie=\"_fbp=;expires=Thu, 01 Jan 2010 00:00:00 UTC; path=\/; domain=.boston.com\";\n\t\t\t\t\/\/}\n\t\t\t\t\/* Checking if the user has given consent for the cookie C0002.\n\t\t\t\t* If the user has given consent, the variable consent will be set to 'grant'.\n\t\t\t\t* If the user has not given consent,the variable consent will be set to 'revoke'.\n\t\t\t\t* Documentation https:\/\/developers.facebook.com\/docs\/meta-pixel\/implementation\/gdpr\n\t\t\t\t*\/\n\t\t\t\tif ( onetrustStorageConsent.C0002 !== true ) {\n\t\t\t\t\tconsent=\"revoke\";\n\t\t\t\t}\n\t\t\t}\n\t\t\t\t!function(f,b,e,v,n,t,s)\n\t\t{if(f.fbq)return;n=f.fbq=function(){n.callMethod?\n\t\tn.callMethod.apply(n,arguments):n.queue.push(arguments)};\n\t\tif(!f._fbq)f._fbq=n;n.push=n;n.loaded=!0;n.version='2.0';\n\t\tn.queue=[];t=b.createElement(e);t.async=!0;\n\t\tt.src=v;s=b.getElementsByTagName(e)[0];\n\t\ts.parentNode.insertBefore(t,s)}(window, document,'script',\n\t\t'https:\/\/connect.facebook.net\/en_US\/fbevents.js');\n\t\tfbq('consent', consent);\n\t\tfbq('init', '989222871864976');\n\t\tfbq('track', 'PageView');\n\t<\/script><script type=\"module\">\n\t\tvar consent=\"grant\";\n\t\t\/* The above code is parsing the JSON data from the local storage and storing it in a variable. *\/\n\t\t\tconst onetrustStorageConsent = JSON.parse(localStorage.getItem( 'consent_one_trust_bdc' ) );\n\t\t\t\/* Checking to see if the user has consented to the use of cookies.\n\t\t\t* If they have not, it is deleting the cookie.\n\t\t\t* This will comment for now, until further notice.\n\t\t\t*\/\n\t\t\t\/\/if ( onetrustStorageConsent.C0002 === false ) {\n\t\t\t\/\/\tdocument.cookie=\"_fbp=;expires=Thu, 01 Jan 2010 00:00:00 UTC; path=\/; domain=.boston.com\";\n\t\t\t\/\/}\n\t\t\t\/* Checking if the user has given consent for the cookie C0002.\n\t\t\t* If the user has given consent, the variable consent will be set to 'grant'.\n\t\t\t* If the user has not given consent,the variable consent will be set to 'revoke'.\n\t\t\t* Documentation https:\/\/developers.facebook.com\/docs\/meta-pixel\/implementation\/gdpr\n\t\t\t*\/\n\t\t\tif ( ( onetrustStorageConsent !== null ) && (onetrustStorageConsent.C0002 !== true ) ) {\n\t\t\t\tconsent=\"revoke\";\n\t\t\t}\n\t\t\t\t!function(f,b,e,v,n,t,s){if(f.fbq)return;n=f.fbq=function()\n\t\t{n.callMethod? n.callMethod.apply(n,arguments):n.queue.push(arguments)}\n\t\t;if(!f._fbq)f._fbq=n;\n\t\tn.push=n;n.loaded=!0;n.version='2.0';n.queue=[];t=b.createElement(e);t.async=!0;\n\t\tt.src=v;s=b.getElementsByTagName(e)[0];s.parentNode.insertBefore(t,s)}(window,\n\t\tdocument,'script','https:\/\/connect.facebook.net\/en_US\/fbevents.js');\n\t\tfbq('consent', consent);\n\t\tfbq('init', '813236348753005');\n\t\tfbq('track', \"PageView\");\n\t<\/script><br \/>\n<br \/><br \/>\n<br \/><a href=\"https:\/\/www.boston.com\/news\/health\/2024\/08\/15\/mpox-world-health-organization-africa-global-emergency\/\">Source link <\/a><\/p>","protected":false},"excerpt":{"rendered":"<p>Sa\u00fade O an\u00fancio foi feito na quarta-feira, ap\u00f3s uma reuni\u00e3o do comit\u00ea de emerg\u00eancia da ag\u00eancia de sa\u00fade da ONU. A enfermeira de fam\u00edlia Carol Ramsubhag-Carela prepara uma seringa com&hellip;<\/p>","protected":false},"author":1,"featured_media":25061,"comment_status":"closed","ping_status":"open","sticky":false,"template":"","format":"standard","meta":{"content-type":"","footnotes":""},"categories":[1],"tags":[],"class_list":["post-25060","post","type-post","status-publish","format-standard","has-post-thumbnail","hentry","category-uncategorized"],"_links":{"self":[{"href":"https:\/\/tvbrazilusa.com\/pt\/wp-json\/wp\/v2\/posts\/25060","targetHints":{"allow":["GET"]}}],"collection":[{"href":"https:\/\/tvbrazilusa.com\/pt\/wp-json\/wp\/v2\/posts"}],"about":[{"href":"https:\/\/tvbrazilusa.com\/pt\/wp-json\/wp\/v2\/types\/post"}],"author":[{"embeddable":true,"href":"https:\/\/tvbrazilusa.com\/pt\/wp-json\/wp\/v2\/users\/1"}],"replies":[{"embeddable":true,"href":"https:\/\/tvbrazilusa.com\/pt\/wp-json\/wp\/v2\/comments?post=25060"}],"version-history":[{"count":1,"href":"https:\/\/tvbrazilusa.com\/pt\/wp-json\/wp\/v2\/posts\/25060\/revisions"}],"predecessor-version":[{"id":25062,"href":"https:\/\/tvbrazilusa.com\/pt\/wp-json\/wp\/v2\/posts\/25060\/revisions\/25062"}],"wp:featuredmedia":[{"embeddable":true,"href":"https:\/\/tvbrazilusa.com\/pt\/wp-json\/wp\/v2\/media\/25061"}],"wp:attachment":[{"href":"https:\/\/tvbrazilusa.com\/pt\/wp-json\/wp\/v2\/media?parent=25060"}],"wp:term":[{"taxonomy":"category","embeddable":true,"href":"https:\/\/tvbrazilusa.com\/pt\/wp-json\/wp\/v2\/categories?post=25060"},{"taxonomy":"post_tag","embeddable":true,"href":"https:\/\/tvbrazilusa.com\/pt\/wp-json\/wp\/v2\/tags?post=25060"}],"curies":[{"name":"wp","href":"https:\/\/api.w.org\/{rel}","templated":true}]}}