{"id":25126,"date":"2024-08-15T18:23:50","date_gmt":"2024-08-15T18:23:50","guid":{"rendered":"https:\/\/tvbrazilusa.com\/2024\/08\/15\/winthrop-e-medway-entre-as-ultimas-cidades-a-se-irritar-com-a-lei-das-comunidades-mbta\/"},"modified":"2024-08-15T18:28:52","modified_gmt":"2024-08-15T18:28:52","slug":"winthrop-e-medway-entre-as-ultimas-cidades-a-se-irritar-com-a-lei-das-comunidades-mbta","status":"publish","type":"post","link":"https:\/\/tvbrazilusa.com\/pt\/2024\/08\/15\/winthrop-e-medway-entre-as-ultimas-cidades-a-se-irritar-com-a-lei-das-comunidades-mbta\/","title":{"rendered":"Winthrop e Medway entre as \u00faltimas cidades a se irritar com a Lei das Comunidades MBTA"},"content":{"rendered":"<p> <script async src=\"https:\/\/pagead2.googlesyndication.com\/pagead\/js\/adsbygoogle.js?client=ca-pub-8864793242727901\"\r\n     crossorigin=\"anonymous\"><\/script><br \/>\n<\/p>\n<div id=\"\">\n<header class=\"m-article-header m-article-header--standard\">\n\t\t\t\t\t\t\t\t\t\t\t\t<span id=\"article-header-primary-term\"><br \/>\n\t\t\t\t\t\t\t\t<a class=\"a-term a-term--primary\" href=\"https:\/\/www.boston.com\/tag\/local-news\/\"><\/p>\n<p>\t\t\t\t\t\t\t\tNot\u00edcias locais\t\t\t\t\t\t\t\t<\/a><br \/>\n\t\t\t\t\t\t\t<\/span><\/p>\n<h2 class=\"m-article-header__sub-headline\">H\u00e1 uma onda crescente de resist\u00eancia em diversas cidades que enfrentam o prazo final do ano para zoneamento de mais moradias multifamiliares.<\/h2>\n<figure class=\"a-photo m-article-header__photo\"><figcaption class=\"a-photo__caption\">\n<p>\tUma vista articulada da costa de Winthrop em dire\u00e7\u00e3o ao Aeroporto Logan e \u00e0 cidade de Boston. <em> David L Ryan\/Foto da equipe do Boston Globe, arquivo<\/em>\t<\/figcaption><\/figure>\n<\/header>\n<p>Com <a href=\"https:\/\/www.boston.com\/news\/local-news\/2024\/07\/24\/massinc-poll-1-in-5-say-they-want-to-move-out-of-mass\/\" target=\"_blank\" rel=\"noreferrer noopener\">altos custos de transporte e de vida<\/a> levando os moradores de Massachusetts para fora do estado, a press\u00e3o aumenta para desenvolver mais moradias multifamiliares em \u00e1reas com acesso ao transporte p\u00fablico da Grande Boston.<\/p>\n<p>E embora os proponentes digam que a Lei das Comunidades MBTA far\u00e1 exatamente isso, h\u00e1 uma <a href=\"https:\/\/www.boston.com\/news\/the-boston-globe\/2024\/03\/08\/its-an-invasion-in-towns-across-eastern-mass-resistance-grows-against-ambitious-state-housing-law\/\" target=\"_blank\" rel=\"noreferrer noopener\">onda crescente de rejei\u00e7\u00e3o<\/a> em v\u00e1rias cidades que agora est\u00e3o enfrentando o prazo final do ano para expandir seu zoneamento.<\/p>\n<p>Medway e Winthrop s\u00e3o alguns dos \u00faltimos pontos quentes na batalha sobre a lei MBTA, que exige que 177 comunidades atendidas ou localizadas perto da zona T para mais moradias multifamiliares. Assinada pelo ex-governador Charlie Baker em 2021, a lei enfrentou resist\u00eancia de alguns que dizem que o decreto de zoneamento \u00e9 muito amplo ou equivale a um exagero do estado.<\/p>\n<p>\u201cAcredito que seja uma abordagem \u00fanica que n\u00e3o permite que a comunidade reconhe\u00e7a a singularidade de cada comunidade\u201d, disse o deputado estadual Jeffrey Turco, que representa Winthrop e tem sido um cr\u00edtico ferrenho da lei.<\/p>\n<h2 class=\"wp-block-heading\" id=\"h-what-does-the-mbta-communities-act-do\">O que a Lei das Comunidades da MBTA faz?<\/h2>\n<p>O MBTA Communities Act define metas de \u201ccapacidade unit\u00e1ria\u201d para o zoneamento de cada comunidade \u2014 em outras palavras, quantas unidades poderiam ser constru\u00eddas em uma zona espec\u00edfica se o terreno estivesse totalmente vazio. Sob um prazo de 31 de dezembro para enviar planos de conformidade, Winthrop \u00e9 encarregado de desenvolver o zoneamento para acomodar te\u00f3ricas 882 unidades, enquanto Medway deve zonear para 750 unidades.<\/p>\n<p>Mas, como Turco destacou, esses n\u00fameros s\u00e3o baseados na quantidade de moradias existentes em cada comunidade e n\u00e3o levam necessariamente em considera\u00e7\u00e3o a densidade ou os recursos atuais.<\/p>\n<p>\u201cAcho que isso se torna um mandato n\u00e3o financiado do governo local, das escolas locais\u201d, disse Turco em uma entrevista por telefone, tamb\u00e9m contrastando a diferen\u00e7a entre cidades como Winthrop e comunidades maiores e mais ricas a oeste de Boston. <\/p>\n<p>\u201cSer\u00e3o as comunidades da classe trabalhadora que sofrer\u00e3o as repercuss\u00f5es dos requisitos de densidade, enquanto as comunidades mais elegantes n\u00e3o\u201d, disse ele. <\/p>\n<p>Enquanto isso, <a href=\"https:\/\/www.bostonglobe.com\/2024\/04\/01\/opinion\/massachusetts-mbta-housing-law-zoning\/\" target=\"_blank\" rel=\"noreferrer noopener\">defensores e formuladores de pol\u00edticas<\/a> dizem que a lei \u00e9 outra ferramenta para ajudar Massachusetts a virar a mar\u00e9 em sua crescente crise habitacional. Dezenas de comunidades <a href=\"https:\/\/www.bostonglobe.com\/2024\/05\/22\/business\/mbta-communities-housing-votes\/\" target=\"_blank\" rel=\"noreferrer noopener\">j\u00e1 adotaram zoneamento<\/a> destinado ao cumprimento da lei MBTA, conforme dados do Escrit\u00f3rio Executivo de Moradia e Comunidades Habit\u00e1veis \u200b\u200bdo estado. Em v\u00e1rias outras cidades, os eleitores <a href=\"https:\/\/www.boston.com\/news\/local-news\/2024\/05\/08\/marblehead-becomes-latest-town-to-reject-zoning-changes-for-mbta-communities\/\" target=\"_blank\" rel=\"noreferrer noopener\">abatido<\/a> planos de zoneamento e l\u00edderes locais enviados <a href=\"https:\/\/www.boston.com\/news\/local-news\/2024\/04\/23\/marshfield-votes-down-rezoning-that-would-have-made-the-town-compliant-with-state-law\/\" target=\"_blank\" rel=\"noreferrer noopener\">de volta \u00e0 prancheta<\/a>.<\/p>\n<p>Uma \u201ccomunidade de tr\u00e2nsito r\u00e1pido\u201d com um prazo de 2023, Milton abriu caminho para a n\u00e3o conformidade quando aprovou um plano de zoneamento no ano passado, apenas para <a href=\"https:\/\/www.boston.com\/news\/local-news\/2024\/02\/15\/milton-voters-reject-state-mandated-plan-for-more-multifamily-housing\/\" target=\"_blank\" rel=\"noreferrer noopener\">anular as mudan\u00e7as<\/a> meses depois. A cidade agora enfrenta a perda de algum financiamento estadual, e a procuradora-geral Andrea Campbell <a href=\"https:\/\/www.boston.com\/news\/local-news\/2024\/02\/27\/ag-campbell-sues-milton-after-town-rejects-housing-law\/\" target=\"_blank\" rel=\"noreferrer noopener\">entrou com uma a\u00e7\u00e3o judicial<\/a> contra Milton por sua n\u00e3o conformidade. O Supremo Tribunal Judicial ouvir\u00e1 o caso em outubro. <\/p>\n<p>Outra batalha legal est\u00e1 em andamento em Rockport, onde um grupo de moradores <a href=\"https:\/\/www.boston.com\/news\/local-news\/2024\/04\/29\/rockport-residents-challenge-towns-plan-to-comply-with-mbta-zoning-law\/\" target=\"_blank\" rel=\"noreferrer noopener\">entrou com uma a\u00e7\u00e3o federal<\/a> para desafiar a tentativa da cidade de cumprir a lei.<\/p>\n<h2 class=\"wp-block-heading\" id=\"h-a-hammer-over-the-heads-of-working-class-communities\">&#39;Um martelo sobre as cabe\u00e7as das comunidades da classe trabalhadora&#39;<\/h2>\n<p>A oposi\u00e7\u00e3o est\u00e1 a aumentar em Winthrop, onde os moradores t\u00eam <a href=\"https:\/\/www.winthropma.gov\/DocumentCenter\/View\/1474\/CITIZENS-PETITIONMBTA-3A\" target=\"_blank\" rel=\"noreferrer noopener\">peticionado<\/a> o Conselho Municipal realizou manifesta\u00e7\u00f5es, organizou um f\u00f3rum comunit\u00e1rio e at\u00e9 mesmo tomou medidas legais na tentativa de bloquear mudan\u00e7as de zoneamento sob a lei MBTA.<\/p>\n<p>Em janeiro, 10 moradores preocupados formaram o grupo \u201c<a href=\"https:\/\/www.facebook.com\/groups\/1530091520871330\/?paipv=0&#038;eav=AfYrOtmmGExVA-BQ7WDENXcK9mpMc1WtueQ2UhJxBlfWJZ2DGZKovYCuQ1R7lASz7xs&#038;_rdr\" target=\"_blank\" rel=\"noreferrer noopener\">Winthrop diz n\u00e3o \u00e0 3A<\/a>,\u201d uma refer\u00eancia \u00e0 se\u00e7\u00e3o aplic\u00e1vel do ato de zoneamento estadual. Respondendo a uma s\u00e9rie de perguntas por e-mail, os moradores disseram que temem que um aumento na densidade possa sobrecarregar ainda mais as finan\u00e7as e a infraestrutura da cidade e potencialmente sufocar as sa\u00eddas limitadas da pen\u00ednsula.<\/p>\n<p>O estado fez v\u00e1rias mudan\u00e7as nas diretrizes do MBTA Communities Act desde a emiss\u00e3o dos requisitos de rascunho em 2021, e os moradores preocupados de Winthrop argumentam que as diretrizes em evolu\u00e7\u00e3o representam um desafio para o planejamento eficaz e de longo prazo. Por outro lado, o secret\u00e1rio estadual de habita\u00e7\u00e3o Edward Augustus disse ao Conselho Municipal de Winthrop em fevereiro <a href=\"https:\/\/www.winthropma.gov\/DocumentCenter\/View\/1063\/Winthrop-MBTA-3A-Response-Letter?bidId=\" target=\"_blank\" rel=\"noreferrer noopener\">carta<\/a> que as mudan\u00e7as \u201creduziram substancialmente\u201d a carga da cidade, ao mesmo tempo em que forneceram a Winthrop maior flexibilidade para localizar seu zoneamento multifamiliar. <\/p>\n<p>Mas Turco disse que a flexibilidade anunciada s\u00f3 se aplica se as comunidades j\u00e1 estiverem caminhando para mais densidade e mais moradias.<\/p>\n<p>\u201cN\u00e3o d\u00e1 flexibilidade para uma comunidade que diz, &#39;As condi\u00e7\u00f5es no terreno para n\u00f3s n\u00e3o exigem mais densidade, n\u00e3o exigem mais unidades&#39;\u201d, ele disse. \u201cE ent\u00e3o n\u00e3o h\u00e1 flexibilidade a\u00ed. \u00c9 essencialmente um martelo sobre as cabe\u00e7as das comunidades da classe trabalhadora.\u201d<\/p>\n<figure class=\"wp-block-image size-full\"><img loading=\"lazy\" decoding=\"async\" width=\"2560\" height=\"1697\" src=\"https:\/\/bdc2020.o0bc.com\/wp-content\/uploads\/2024\/08\/https___arcmigration-prdweb.bostonglobe.com_r_Boston_2011-2020_2013_11_26_BostonGlobe.com_Metro_Images_12wetrain4-10387-66be378686908-scaled.jpg\" alt=\"\" class=\"wp-image-31250335\" srcset=\"https:\/\/bdc2020.o0bc.com\/wp-content\/uploads\/2024\/08\/https___arcmigration-prdweb.bostonglobe.com_r_Boston_2011-2020_2013_11_26_BostonGlobe.com_Metro_Images_12wetrain4-10387-66be378686908-scaled.jpg?width=200 200w, https:\/\/bdc2020.o0bc.com\/wp-content\/uploads\/2024\/08\/https___arcmigration-prdweb.bostonglobe.com_r_Boston_2011-2020_2013_11_26_BostonGlobe.com_Metro_Images_12wetrain4-10387-66be378686908-scaled.jpg?width=300 300w, https:\/\/bdc2020.o0bc.com\/wp-content\/uploads\/2024\/08\/https___arcmigration-prdweb.bostonglobe.com_r_Boston_2011-2020_2013_11_26_BostonGlobe.com_Metro_Images_12wetrain4-10387-66be378686908-scaled.jpg?width=400 400w, https:\/\/bdc2020.o0bc.com\/wp-content\/uploads\/2024\/08\/https___arcmigration-prdweb.bostonglobe.com_r_Boston_2011-2020_2013_11_26_BostonGlobe.com_Metro_Images_12wetrain4-10387-66be378686908-scaled.jpg?width=500 500w, https:\/\/bdc2020.o0bc.com\/wp-content\/uploads\/2024\/08\/https___arcmigration-prdweb.bostonglobe.com_r_Boston_2011-2020_2013_11_26_BostonGlobe.com_Metro_Images_12wetrain4-10387-66be378686908-scaled.jpg?width=600 600w, https:\/\/bdc2020.o0bc.com\/wp-content\/uploads\/2024\/08\/https___arcmigration-prdweb.bostonglobe.com_r_Boston_2011-2020_2013_11_26_BostonGlobe.com_Metro_Images_12wetrain4-10387-66be378686908-scaled.jpg?width=700 700w, https:\/\/bdc2020.o0bc.com\/wp-content\/uploads\/2024\/08\/https___arcmigration-prdweb.bostonglobe.com_r_Boston_2011-2020_2013_11_26_BostonGlobe.com_Metro_Images_12wetrain4-10387-66be378686908-scaled.jpg?width=800 800w, https:\/\/bdc2020.o0bc.com\/wp-content\/uploads\/2024\/08\/https___arcmigration-prdweb.bostonglobe.com_r_Boston_2011-2020_2013_11_26_BostonGlobe.com_Metro_Images_12wetrain4-10387-66be378686908-scaled.jpg?width=900 900w\" sizes=\"auto, (max-width: 2560px) 100vw, 2560px\"\/><figcaption class=\"wp-element-caption\">Passageiros no ponto de parada do trem suburbano Framingham MBTA.<i> \u2013 Michele McDonald para o The Boston Globe, Arquivo<\/i><\/figcaption><\/figure>\n<p>Em Medway, o Select Board da cidade enviou uma <a href=\"https:\/\/www.townofmedway.org\/sites\/g\/files\/vyhlif12846\/f\/uploads\/mbta-communities-ballot-vote_6-7-24-healey_ltr_7.16.24.pdf\" target=\"_blank\" rel=\"noreferrer noopener\">carta<\/a> \u00e0 governadora Maura Healey e outras autoridades estaduais no m\u00eas passado, expressando a oposi\u00e7\u00e3o formal da comunidade \u00e0 lei, como <a href=\"https:\/\/www.milforddailynews.com\/story\/news\/local\/2024\/08\/13\/medway-ma-select-board-sends-letter-state-officials-opposing-new-housing-zoning-law\/74676301007\/\" target=\"_blank\" rel=\"noreferrer noopener\"><em>Not\u00edcias di\u00e1rias de Milford<\/em><\/a><em> <\/em>relatado. Medway adiou uma vota\u00e7\u00e3o sobre mudan\u00e7as de zoneamento at\u00e9 sua Reuni\u00e3o Municipal de novembro em um esfor\u00e7o para coletar o m\u00e1ximo de informa\u00e7\u00f5es poss\u00edvel do estado e de outras cidades e vilas que se op\u00f5em \u00e0 lei, explicou o membro do Conselho Seleto Dennis Crowley em uma entrevista por telefone. <\/p>\n<p>Ele disse que as preocupa\u00e7\u00f5es da comunidade s\u00e3o mistas; alguns se preocupam com uma onda hipot\u00e9tica de novos moradores inundando as escolas da cidade, necessitando de mais pessoal de emerg\u00eancia e possivelmente at\u00e9 mesmo colocando Medway acima da capacidade de servi\u00e7os de \u00e1gua e esgoto. <\/p>\n<p>Outros se preocupam com o novo zoneamento que pode abalar seu bairro. <\/p>\n<p>\u201c\u00c9 uma daquelas coisas do tipo s\u00edndrome de \u2018n\u00e3o no meu quintal\u2019\u201d, disse Crowley. \u201cE \u00e9 justificado, porque se fosse na minha \u00e1rea, eu mesmo estaria levantando as mesmas quest\u00f5es.\u201d<\/p>\n<h2 class=\"wp-block-heading\" id=\"h-what-happens-if-cities-and-towns-don-t-comply-nbsp\">O que acontece se as cidades e vilas n\u00e3o cumprirem? <\/h2>\n<p>Milton serve como uma esp\u00e9cie de conto de advert\u00eancia sobre o que poderia acontecer se as comunidades MBTA n\u00e3o cumprissem seus prazos. Campbell emitiu um <a href=\"https:\/\/www.mass.gov\/doc\/advisory-concerning-enforcement-of-the-mbta-communities-zoning-law\/download\" target=\"_blank\" rel=\"noreferrer noopener\">consultivo<\/a> esclarecendo que comunidades n\u00e3o conformes podem estar sujeitas a a\u00e7\u00f5es civis e \u00e0 perda de algum financiamento estadual, possivelmente at\u00e9 mesmo correndo o risco de responsabilidade sob as leis federais e estaduais de moradia justa. <\/p>\n<p>\u201cUma coaliz\u00e3o de democratas e republicanos aprovou a Lei das Comunidades da MBTA, e \u00e9 meu trabalho aplic\u00e1-la\u201d, disse Campbell em uma declara\u00e7\u00e3o. \u201cA conformidade com a lei \u00e9 obrigat\u00f3ria, e esta lei \u00e9 uma ferramenta essencial para lidar com nossa crise habitacional, que infelizmente est\u00e1 levando cada vez mais moradores a deixar Massachusetts.\u201d<\/p>\n<p>Ela afirmou que a lei d\u00e1 \u00e0s cidades \u201cconsider\u00e1vel discri\u00e7\u00e3o\u201d quando se trata de desenvolver zoneamento adequado \u00e0 sua comunidade. <\/p>\n<p>\u201c\u00c9 um absurdo sugerir que esta lei est\u00e1 prejudicando os moradores da classe trabalhadora quando, na verdade, ela ajudar\u00e1 nossos funcion\u00e1rios p\u00fablicos, professores, enfermeiros e socorristas a permanecer e viver na comunidade que escolherem\u201d, disse Campbell.<\/p>\n<figure class=\"wp-block-image size-full\"><img loading=\"lazy\" decoding=\"async\" width=\"2560\" height=\"1706\" src=\"https:\/\/bdc2020.o0bc.com\/wp-content\/uploads\/2024\/08\/4DWAEOMMZJ5ILCM4IIHA7LIASU-66be377e068eb-scaled.jpg\" alt=\"\" class=\"wp-image-31250334\" srcset=\"https:\/\/bdc2020.o0bc.com\/wp-content\/uploads\/2024\/08\/4DWAEOMMZJ5ILCM4IIHA7LIASU-66be377e068eb-scaled.jpg?width=200 200w, https:\/\/bdc2020.o0bc.com\/wp-content\/uploads\/2024\/08\/4DWAEOMMZJ5ILCM4IIHA7LIASU-66be377e068eb-scaled.jpg?width=300 300w, https:\/\/bdc2020.o0bc.com\/wp-content\/uploads\/2024\/08\/4DWAEOMMZJ5ILCM4IIHA7LIASU-66be377e068eb-scaled.jpg?width=400 400w, https:\/\/bdc2020.o0bc.com\/wp-content\/uploads\/2024\/08\/4DWAEOMMZJ5ILCM4IIHA7LIASU-66be377e068eb-scaled.jpg?width=500 500w, https:\/\/bdc2020.o0bc.com\/wp-content\/uploads\/2024\/08\/4DWAEOMMZJ5ILCM4IIHA7LIASU-66be377e068eb-scaled.jpg?width=600 600w, https:\/\/bdc2020.o0bc.com\/wp-content\/uploads\/2024\/08\/4DWAEOMMZJ5ILCM4IIHA7LIASU-66be377e068eb-scaled.jpg?width=700 700w, https:\/\/bdc2020.o0bc.com\/wp-content\/uploads\/2024\/08\/4DWAEOMMZJ5ILCM4IIHA7LIASU-66be377e068eb-scaled.jpg?width=800 800w, https:\/\/bdc2020.o0bc.com\/wp-content\/uploads\/2024\/08\/4DWAEOMMZJ5ILCM4IIHA7LIASU-66be377e068eb-scaled.jpg?width=900 900w\" sizes=\"auto, (max-width: 2560px) 100vw, 2560px\"\/><figcaption class=\"wp-element-caption\">Denny Swenson e John Keohane, volunt\u00e1rios do \u201cResidents for Thoughtful Zoning\u201d, caminham por um bairro de Milton em fevereiro e batem em portas antes de uma vota\u00e7\u00e3o sobre mudan\u00e7as de zoneamento em conformidade com a Lei das Comunidades da MBTA.<i> \u2013 Erin Clark\/Boston Globe Staff, Arquivo<\/i><\/figcaption><\/figure>\n<p>Embora Turco tenha dito que nunca quer ver Winthrop ou qualquer outra comunidade perder oportunidades de financiamento estadual, ele afirmou que o &#8220;efeito prejudicial de fazer uma bonan\u00e7a de desenvolvedor em Winthrop superar\u00e1 em muito a perda de dinheiro de subs\u00eddios da comunidade&#8221;.<\/p>\n<p>Ele sugeriu que uma melhor utiliza\u00e7\u00e3o dos recursos estatais poderia ser a solu\u00e7\u00e3o <a href=\"https:\/\/www.boston.com\/news\/local-news\/2022\/04\/26\/east-west-rail-massachusetts-agreement-richard-neal-charlie-baker\/\" target=\"_blank\" rel=\"noreferrer noopener\">Projeto ferrovi\u00e1rio Leste-Oeste<\/a>o que refor\u00e7aria o servi\u00e7o ferrovi\u00e1rio para o oeste de Massachusetts e, dizem os defensores, <a href=\"https:\/\/www.boston.com\/real-estate\/spring-house-hunt\/2022\/04\/06\/would-expanded-rail-ease-mass-housing-crunch\/\" target=\"_blank\" rel=\"noreferrer noopener\">oferecer solu\u00e7\u00f5es habitacionais vi\u00e1veis<\/a> fora da \u00e1rea metropolitana de Boston.<\/p>\n<p>Assim como Turco, \u201cWinthrop Says No to 3A\u201d afirmou que o custo de acomodar a lei MBTA dentro dos 1,6 milhas quadradas da cidade \u201c\u00e9 simplesmente maior do que podemos suportar como comunidade\u201d. <\/p>\n<p>O grupo tamb\u00e9m disse que, em vez de aplicar penalidades, o estado deveria oferecer incentivos \u00e0s cidades que pudessem lidar com as mudan\u00e7as de zoneamento da Lei das Comunidades da MBTA e permitir que as comunidades optassem por n\u00e3o participar sem a amea\u00e7a de lit\u00edgio ou perda de financiamento. <\/p>\n<p>\u201cNo caso de Milton perder em outubro, apelaremos at\u00e9 vencermos\u201d, disseram os moradores de Winthrop. \u201cA lei \u00e9 inconstitucional, e n\u00e3o seremos intimidados pelo estado. \u00c9 desanimador ser tratado dessa forma pelas mesmas pessoas que elegemos e confiamos para nos representar.\u201d<\/p>\n<div class=\"m-block m-generic-cta\t m-generic-cta--post-content\t m-generic-cta--dark\t m-generic-cta--homepage\t m-generic-cta--email-signup\t\t m-generic-cta-block-style--default \tt-amp__generic-cta\"><\/p>\n<div class=\"m-generic-cta__wrap\">\n<div class=\"m-generic-cta__content\">\n<h3 class=\"m-generic-cta__title\">Boston.com Hoje<\/h3>\n<p class=\"m-generic-cta__subtitle\">Inscreva-se para receber as \u00faltimas manchetes na sua caixa de entrada todas as manh\u00e3s.<\/p>\n<\/p><\/div>\n<\/p><\/div>\n<\/div><\/div>\n<p><script>\n\t\tvar consent=\"grant\";\n\t\t\/* The above code is parsing the JSON data from the local storage and storing it in a variable. *\/\n\t\t\t\t\tconst onetrustStorageConsent = JSON.parse(localStorage.getItem( 'consent_one_trust_bdc' ) );\n\t\t\tif ( ( onetrustStorageConsent !== null ) ) {\n\t\t\t\t\/* Checking to see if the user has consented to the use of cookies.\n\t\t\t\t* If they have not, it is deleting the cookie.\n\t\t\t\t* This will comment for now, until further notice.\n\t\t\t\t*\/\n\t\t\t\t\/\/if ( onetrustStorageConsent.C0002 === false ) {\n\t\t\t\t\/\/\tdocument.cookie=\"_fbp=;expires=Thu, 01 Jan 2010 00:00:00 UTC; path=\/; domain=.boston.com\";\n\t\t\t\t\/\/}\n\t\t\t\t\/* Checking if the user has given consent for the cookie C0002.\n\t\t\t\t* If the user has given consent, the variable consent will be set to 'grant'.\n\t\t\t\t* If the user has not given consent,the variable consent will be set to 'revoke'.\n\t\t\t\t* Documentation https:\/\/developers.facebook.com\/docs\/meta-pixel\/implementation\/gdpr\n\t\t\t\t*\/\n\t\t\t\tif ( onetrustStorageConsent.C0002 !== true ) {\n\t\t\t\t\tconsent=\"revoke\";\n\t\t\t\t}\n\t\t\t}\n\t\t\t\t!function(f,b,e,v,n,t,s)\n\t\t{if(f.fbq)return;n=f.fbq=function(){n.callMethod?\n\t\tn.callMethod.apply(n,arguments):n.queue.push(arguments)};\n\t\tif(!f._fbq)f._fbq=n;n.push=n;n.loaded=!0;n.version='2.0';\n\t\tn.queue=[];t=b.createElement(e);t.async=!0;\n\t\tt.src=v;s=b.getElementsByTagName(e)[0];\n\t\ts.parentNode.insertBefore(t,s)}(window, document,'script',\n\t\t'https:\/\/connect.facebook.net\/en_US\/fbevents.js');\n\t\tfbq('consent', consent);\n\t\tfbq('init', '989222871864976');\n\t\tfbq('track', 'PageView');\n\t<\/script><script type=\"module\">\n\t\tvar consent=\"grant\";\n\t\t\/* The above code is parsing the JSON data from the local storage and storing it in a variable. *\/\n\t\t\tconst onetrustStorageConsent = JSON.parse(localStorage.getItem( 'consent_one_trust_bdc' ) );\n\t\t\t\/* Checking to see if the user has consented to the use of cookies.\n\t\t\t* If they have not, it is deleting the cookie.\n\t\t\t* This will comment for now, until further notice.\n\t\t\t*\/\n\t\t\t\/\/if ( onetrustStorageConsent.C0002 === false ) {\n\t\t\t\/\/\tdocument.cookie=\"_fbp=;expires=Thu, 01 Jan 2010 00:00:00 UTC; path=\/; domain=.boston.com\";\n\t\t\t\/\/}\n\t\t\t\/* Checking if the user has given consent for the cookie C0002.\n\t\t\t* If the user has given consent, the variable consent will be set to 'grant'.\n\t\t\t* If the user has not given consent,the variable consent will be set to 'revoke'.\n\t\t\t* Documentation https:\/\/developers.facebook.com\/docs\/meta-pixel\/implementation\/gdpr\n\t\t\t*\/\n\t\t\tif ( ( onetrustStorageConsent !== null ) && (onetrustStorageConsent.C0002 !== true ) ) {\n\t\t\t\tconsent=\"revoke\";\n\t\t\t}\n\t\t\t\t!function(f,b,e,v,n,t,s){if(f.fbq)return;n=f.fbq=function()\n\t\t{n.callMethod? n.callMethod.apply(n,arguments):n.queue.push(arguments)}\n\t\t;if(!f._fbq)f._fbq=n;\n\t\tn.push=n;n.loaded=!0;n.version='2.0';n.queue=[];t=b.createElement(e);t.async=!0;\n\t\tt.src=v;s=b.getElementsByTagName(e)[0];s.parentNode.insertBefore(t,s)}(window,\n\t\tdocument,'script','https:\/\/connect.facebook.net\/en_US\/fbevents.js');\n\t\tfbq('consent', consent);\n\t\tfbq('init', '813236348753005');\n\t\tfbq('track', \"PageView\");\n\t<\/script><br \/>\n<br \/><br \/>\n<br \/><a href=\"https:\/\/www.boston.com\/news\/local-news\/2024\/08\/15\/winthrop-and-medway-chafe-against-mbta-communities-act\/\">Source link <\/a><\/p>","protected":false},"excerpt":{"rendered":"<p>Not\u00edcias locais H\u00e1 uma onda crescente de resist\u00eancia em diversas cidades que enfrentam o prazo final do ano para zoneamento de mais moradias multifamiliares. Uma vista articulada da costa de&hellip;<\/p>","protected":false},"author":1,"featured_media":25127,"comment_status":"closed","ping_status":"open","sticky":false,"template":"","format":"standard","meta":{"content-type":"","footnotes":""},"categories":[1],"tags":[],"class_list":["post-25126","post","type-post","status-publish","format-standard","has-post-thumbnail","hentry","category-uncategorized"],"_links":{"self":[{"href":"https:\/\/tvbrazilusa.com\/pt\/wp-json\/wp\/v2\/posts\/25126","targetHints":{"allow":["GET"]}}],"collection":[{"href":"https:\/\/tvbrazilusa.com\/pt\/wp-json\/wp\/v2\/posts"}],"about":[{"href":"https:\/\/tvbrazilusa.com\/pt\/wp-json\/wp\/v2\/types\/post"}],"author":[{"embeddable":true,"href":"https:\/\/tvbrazilusa.com\/pt\/wp-json\/wp\/v2\/users\/1"}],"replies":[{"embeddable":true,"href":"https:\/\/tvbrazilusa.com\/pt\/wp-json\/wp\/v2\/comments?post=25126"}],"version-history":[{"count":1,"href":"https:\/\/tvbrazilusa.com\/pt\/wp-json\/wp\/v2\/posts\/25126\/revisions"}],"predecessor-version":[{"id":25128,"href":"https:\/\/tvbrazilusa.com\/pt\/wp-json\/wp\/v2\/posts\/25126\/revisions\/25128"}],"wp:featuredmedia":[{"embeddable":true,"href":"https:\/\/tvbrazilusa.com\/pt\/wp-json\/wp\/v2\/media\/25127"}],"wp:attachment":[{"href":"https:\/\/tvbrazilusa.com\/pt\/wp-json\/wp\/v2\/media?parent=25126"}],"wp:term":[{"taxonomy":"category","embeddable":true,"href":"https:\/\/tvbrazilusa.com\/pt\/wp-json\/wp\/v2\/categories?post=25126"},{"taxonomy":"post_tag","embeddable":true,"href":"https:\/\/tvbrazilusa.com\/pt\/wp-json\/wp\/v2\/tags?post=25126"}],"curies":[{"name":"wp","href":"https:\/\/api.w.org\/{rel}","templated":true}]}}