{"id":25132,"date":"2024-08-15T18:13:32","date_gmt":"2024-08-15T18:13:32","guid":{"rendered":"https:\/\/tvbrazilusa.com\/2024\/08\/15\/crianca-de-7-anos-de-south-boston-avanca-para-a-rodada-final-da-competicao-de-tainhas\/"},"modified":"2024-08-15T18:42:07","modified_gmt":"2024-08-15T18:42:07","slug":"crianca-de-7-anos-de-south-boston-avanca-para-a-rodada-final-da-competicao-de-tainhas","status":"publish","type":"post","link":"https:\/\/tvbrazilusa.com\/pt\/2024\/08\/15\/crianca-de-7-anos-de-south-boston-avanca-para-a-rodada-final-da-competicao-de-tainhas\/","title":{"rendered":"Crian\u00e7a de 7 anos de South Boston avan\u00e7a para a rodada final da competi\u00e7\u00e3o de tainhas"},"content":{"rendered":"<p> <script async src=\"https:\/\/pagead2.googlesyndication.com\/pagead\/js\/adsbygoogle.js?client=ca-pub-8864793242727901\"\r\n     crossorigin=\"anonymous\"><\/script><br \/>\n<\/p>\n<div id=\"\">\n<header class=\"m-article-header m-article-header--standard\">\n\t\t\t\t\t\t\t\t\t\t\t\t<span id=\"article-header-primary-term\"><br \/>\n\t\t\t\t\t\t\t\t<a class=\"a-term a-term--primary\" href=\"https:\/\/www.boston.com\/tag\/local-news\/\"><\/p>\n<p>\t\t\t\t\t\t\t\tNot\u00edcias locais\t\t\t\t\t\t\t\t<\/a><br \/>\n\t\t\t\t\t\t\t<\/span><\/p>\n<h2 class=\"m-article-header__sub-headline\">A vota\u00e7\u00e3o vai at\u00e9 21 de agosto.<\/h2>\n<figure class=\"a-photo m-article-header__photo\"><figcaption class=\"a-photo__caption\">\n<p>\tOs pais de Brody Byrne realizaram uma arrecada\u00e7\u00e3o de fundos &#8220;Mullets and Margaritas&#8221; na ter\u00e7a-feira no Loco South Boston, arrecadando quase US$ 2.000 para a Jared Allen&#39;s Homes for Wounded Warriors.<br \/>\n<em> Foto de cortesia<\/em>\t<\/figcaption><\/figure>\n<\/header>\n<div class=\"m-block t-amp__list-container m-article-list-container  m-article-list-container--frame-border a-border-frame  a-list-header__headline--red m-article-list--alternative--default  m-article-list--floated\">\n<ul class=\"t-amp__list a-list--no-style m-article-list m-article-list--recirculation m-article-list--has-images\">\n<li class=\"m-article-list__item m-article-list__item--featured\">\n\t\t\t\t<a class=\"m-article-list__link-wrapper\" href=\"https:\/\/www.boston.com\/news\/local-news\/2024\/07\/18\/7-year-old-competes-in-mullet-competition\/\" data-p1=\"article_recirc_inline_feature\"><br \/>\n\t\t\t\t<img fetchpriority=\"high\" decoding=\"async\" width=\"768\" height=\"432\" src=\"https:\/\/bdc2020.o0bc.com\/wp-content\/uploads\/2024\/07\/Tiffany_Byrne_Hair-2-Party-Profile-669910af6e69b-768x432.jpeg\" class=\"t-amp__list-image m-article-list__image m-article-list__image--full wp-post-image\" alt=\"\" aria-hidden=\"true\" srcset=\"https:\/\/bdc2020.o0bc.com\/wp-content\/uploads\/2024\/07\/Tiffany_Byrne_Hair-2-Party-Profile-669910af6e69b-768x432.jpeg?width=200 200w, https:\/\/bdc2020.o0bc.com\/wp-content\/uploads\/2024\/07\/Tiffany_Byrne_Hair-2-Party-Profile-669910af6e69b-768x432.jpeg?width=300 300w, https:\/\/bdc2020.o0bc.com\/wp-content\/uploads\/2024\/07\/Tiffany_Byrne_Hair-2-Party-Profile-669910af6e69b-768x432.jpeg?width=400 400w, https:\/\/bdc2020.o0bc.com\/wp-content\/uploads\/2024\/07\/Tiffany_Byrne_Hair-2-Party-Profile-669910af6e69b-768x432.jpeg?width=500 500w, https:\/\/bdc2020.o0bc.com\/wp-content\/uploads\/2024\/07\/Tiffany_Byrne_Hair-2-Party-Profile-669910af6e69b-768x432.jpeg?width=600 600w, https:\/\/bdc2020.o0bc.com\/wp-content\/uploads\/2024\/07\/Tiffany_Byrne_Hair-2-Party-Profile-669910af6e69b-768x432.jpeg?width=700 700w, https:\/\/bdc2020.o0bc.com\/wp-content\/uploads\/2024\/07\/Tiffany_Byrne_Hair-2-Party-Profile-669910af6e69b-768x432.jpeg?width=800 800w, https:\/\/bdc2020.o0bc.com\/wp-content\/uploads\/2024\/07\/Tiffany_Byrne_Hair-2-Party-Profile-669910af6e69b-768x432.jpeg?width=900 900w\" sizes=\"(max-width: 768px) 100vw, 768px\"\/>\t\t\t\t\t<\/p>\n<p><h4 class=\"m-article-list__headline t-amp__list-headline\">\n\t\t\t\t\t\t\t<span class=\"m-article-list__link a-link a-link--inline a-link--text-link a-link--text-link-dark\"><\/p>\n<p>\t\t\t\t\t\t\tCrian\u00e7a de 7 anos de South Boston compete em competi\u00e7\u00e3o nacional de tainha\t\t\t\t\t\t\t<\/span><br \/>\n\t\t\t\t\t\t<\/h4>\n<\/p>\n<p>\t\t\t\t<\/a>\n\t\t\t<\/li>\n<\/ul>\n<\/div>\n<p>Do sul de Boston <a href=\"https:\/\/www.boston.com\/news\/local-news\/2024\/07\/18\/7-year-old-competes-in-mullet-competition\/\">Brody Byrne<\/a> passou para a terceira e \u00faltima rodada do <a href=\"https:\/\/www.mulletchamp.com\/\">Competi\u00e7\u00e3o Ultimate Mullet<\/a> para apoiar uma organiza\u00e7\u00e3o sem fins lucrativos que fornece lares para veteranos feridos. <\/p>\n<p><a href=\"https:\/\/www.mulletchamp.com\/mullets\/tiffany-byrne-hair-2-party\/\">Vota\u00e7\u00e3o<\/a> dura at\u00e9 21 de agosto, e os tr\u00eas melhores mullets ser\u00e3o anunciados em 28 de agosto.<\/p>\n<p>\u201cEstamos nos sentindo muito fortes\u201d, disse o pai de Brody, Michael Byrne, ao Boston.com. \u201cTemos muito apoio.\u201d<\/p>\n<p>A \u00fanica crian\u00e7a de 7 anos de Boston que participa da competi\u00e7\u00e3o vem arrecadando milhares de d\u00f3lares para <a href=\"https:\/\/homesforwoundedwarriors.com\/\">Casas para guerreiros feridos de Jared Allen<\/a>. <\/p>\n<p>Os pais de Brody realizaram uma arrecada\u00e7\u00e3o de fundos &#8220;Mullets and Margaritas&#8221; na ter\u00e7a-feira no Loco South Boston, arrecadando quase US$ 2.000 para a causa naquela noite.<\/p>\n<p>\u201cMuitas pessoas apareceram para vir\u201d, disse Byrne. \u201cFoi uma festa muito divertida.\u201d<\/p>\n<p>Byrne disse que Brody est\u00e1 cortando o cabelo para \u201cse preparar para a rodada final\u201d.<\/p>\n<p>\u201cEle definitivamente vai ficar com o mullet\u201d, disse Bryne. \u201cEle s\u00f3 vai ter um corte novo para a rodada final.\u201d<\/p>\n<div class=\"m-block m-generic-cta\t m-generic-cta--post-content\t m-generic-cta--dark\t m-generic-cta--homepage\t m-generic-cta--email-signup\t\t m-generic-cta-block-style--default \tt-amp__generic-cta\"><\/p>\n<div class=\"m-generic-cta__wrap\">\n<div class=\"m-generic-cta__content\">\n<h3 class=\"m-generic-cta__title\">Boston.com Hoje<\/h3>\n<p class=\"m-generic-cta__subtitle\">Inscreva-se para receber as \u00faltimas manchetes na sua caixa de entrada todas as manh\u00e3s.<\/p>\n<\/p><\/div>\n<\/p><\/div>\n<\/div><\/div>\n<p><script>\n\t\tvar consent=\"grant\";\n\t\t\/* The above code is parsing the JSON data from the local storage and storing it in a variable. *\/\n\t\t\t\t\tconst onetrustStorageConsent = JSON.parse(localStorage.getItem( 'consent_one_trust_bdc' ) );\n\t\t\tif ( ( onetrustStorageConsent !== null ) ) {\n\t\t\t\t\/* Checking to see if the user has consented to the use of cookies.\n\t\t\t\t* If they have not, it is deleting the cookie.\n\t\t\t\t* This will comment for now, until further notice.\n\t\t\t\t*\/\n\t\t\t\t\/\/if ( onetrustStorageConsent.C0002 === false ) {\n\t\t\t\t\/\/\tdocument.cookie=\"_fbp=;expires=Thu, 01 Jan 2010 00:00:00 UTC; path=\/; domain=.boston.com\";\n\t\t\t\t\/\/}\n\t\t\t\t\/* Checking if the user has given consent for the cookie C0002.\n\t\t\t\t* If the user has given consent, the variable consent will be set to 'grant'.\n\t\t\t\t* If the user has not given consent,the variable consent will be set to 'revoke'.\n\t\t\t\t* Documentation https:\/\/developers.facebook.com\/docs\/meta-pixel\/implementation\/gdpr\n\t\t\t\t*\/\n\t\t\t\tif ( onetrustStorageConsent.C0002 !== true ) {\n\t\t\t\t\tconsent=\"revoke\";\n\t\t\t\t}\n\t\t\t}\n\t\t\t\t!function(f,b,e,v,n,t,s)\n\t\t{if(f.fbq)return;n=f.fbq=function(){n.callMethod?\n\t\tn.callMethod.apply(n,arguments):n.queue.push(arguments)};\n\t\tif(!f._fbq)f._fbq=n;n.push=n;n.loaded=!0;n.version='2.0';\n\t\tn.queue=[];t=b.createElement(e);t.async=!0;\n\t\tt.src=v;s=b.getElementsByTagName(e)[0];\n\t\ts.parentNode.insertBefore(t,s)}(window, document,'script',\n\t\t'https:\/\/connect.facebook.net\/en_US\/fbevents.js');\n\t\tfbq('consent', consent);\n\t\tfbq('init', '989222871864976');\n\t\tfbq('track', 'PageView');\n\t<\/script><script type=\"module\">\n\t\tvar consent=\"grant\";\n\t\t\/* The above code is parsing the JSON data from the local storage and storing it in a variable. *\/\n\t\t\tconst onetrustStorageConsent = JSON.parse(localStorage.getItem( 'consent_one_trust_bdc' ) );\n\t\t\t\/* Checking to see if the user has consented to the use of cookies.\n\t\t\t* If they have not, it is deleting the cookie.\n\t\t\t* This will comment for now, until further notice.\n\t\t\t*\/\n\t\t\t\/\/if ( onetrustStorageConsent.C0002 === false ) {\n\t\t\t\/\/\tdocument.cookie=\"_fbp=;expires=Thu, 01 Jan 2010 00:00:00 UTC; path=\/; domain=.boston.com\";\n\t\t\t\/\/}\n\t\t\t\/* Checking if the user has given consent for the cookie C0002.\n\t\t\t* If the user has given consent, the variable consent will be set to 'grant'.\n\t\t\t* If the user has not given consent,the variable consent will be set to 'revoke'.\n\t\t\t* Documentation https:\/\/developers.facebook.com\/docs\/meta-pixel\/implementation\/gdpr\n\t\t\t*\/\n\t\t\tif ( ( onetrustStorageConsent !== null ) && (onetrustStorageConsent.C0002 !== true ) ) {\n\t\t\t\tconsent=\"revoke\";\n\t\t\t}\n\t\t\t\t!function(f,b,e,v,n,t,s){if(f.fbq)return;n=f.fbq=function()\n\t\t{n.callMethod? n.callMethod.apply(n,arguments):n.queue.push(arguments)}\n\t\t;if(!f._fbq)f._fbq=n;\n\t\tn.push=n;n.loaded=!0;n.version='2.0';n.queue=[];t=b.createElement(e);t.async=!0;\n\t\tt.src=v;s=b.getElementsByTagName(e)[0];s.parentNode.insertBefore(t,s)}(window,\n\t\tdocument,'script','https:\/\/connect.facebook.net\/en_US\/fbevents.js');\n\t\tfbq('consent', consent);\n\t\tfbq('init', '813236348753005');\n\t\tfbq('track', \"PageView\");\n\t<\/script><br \/>\n<br \/><br \/>\n<br \/><a href=\"https:\/\/www.boston.com\/news\/local-news\/2024\/08\/15\/7-year-old-from-south-boston-moves-into-final-round-of-mullet-competition\/\">Source link <\/a><\/p>","protected":false},"excerpt":{"rendered":"<p>Not\u00edcias locais A vota\u00e7\u00e3o vai at\u00e9 21 de agosto. Os pais de Brody Byrne realizaram uma arrecada\u00e7\u00e3o de fundos &#8220;Mullets and Margaritas&#8221; na ter\u00e7a-feira no Loco South Boston, arrecadando quase&hellip;<\/p>","protected":false},"author":1,"featured_media":25133,"comment_status":"closed","ping_status":"open","sticky":false,"template":"","format":"standard","meta":{"content-type":"","footnotes":""},"categories":[1],"tags":[],"class_list":["post-25132","post","type-post","status-publish","format-standard","has-post-thumbnail","hentry","category-uncategorized"],"_links":{"self":[{"href":"https:\/\/tvbrazilusa.com\/pt\/wp-json\/wp\/v2\/posts\/25132","targetHints":{"allow":["GET"]}}],"collection":[{"href":"https:\/\/tvbrazilusa.com\/pt\/wp-json\/wp\/v2\/posts"}],"about":[{"href":"https:\/\/tvbrazilusa.com\/pt\/wp-json\/wp\/v2\/types\/post"}],"author":[{"embeddable":true,"href":"https:\/\/tvbrazilusa.com\/pt\/wp-json\/wp\/v2\/users\/1"}],"replies":[{"embeddable":true,"href":"https:\/\/tvbrazilusa.com\/pt\/wp-json\/wp\/v2\/comments?post=25132"}],"version-history":[{"count":1,"href":"https:\/\/tvbrazilusa.com\/pt\/wp-json\/wp\/v2\/posts\/25132\/revisions"}],"predecessor-version":[{"id":25134,"href":"https:\/\/tvbrazilusa.com\/pt\/wp-json\/wp\/v2\/posts\/25132\/revisions\/25134"}],"wp:featuredmedia":[{"embeddable":true,"href":"https:\/\/tvbrazilusa.com\/pt\/wp-json\/wp\/v2\/media\/25133"}],"wp:attachment":[{"href":"https:\/\/tvbrazilusa.com\/pt\/wp-json\/wp\/v2\/media?parent=25132"}],"wp:term":[{"taxonomy":"category","embeddable":true,"href":"https:\/\/tvbrazilusa.com\/pt\/wp-json\/wp\/v2\/categories?post=25132"},{"taxonomy":"post_tag","embeddable":true,"href":"https:\/\/tvbrazilusa.com\/pt\/wp-json\/wp\/v2\/tags?post=25132"}],"curies":[{"name":"wp","href":"https:\/\/api.w.org\/{rel}","templated":true}]}}