{"id":25166,"date":"2024-08-15T19:44:42","date_gmt":"2024-08-15T19:44:42","guid":{"rendered":"https:\/\/tvbrazilusa.com\/2024\/08\/15\/wally-amos-fundador-dos-biscoitos-famous-amos-morre-aos-88-anos-wsvn-7news-noticias-de-miami-clima-esportes-fort-lauderdale\/"},"modified":"2024-08-15T19:52:16","modified_gmt":"2024-08-15T19:52:16","slug":"wally-amos-fundador-dos-biscoitos-famous-amos-morre-aos-88-anos-wsvn-7news-noticias-de-miami-clima-esportes-fort-lauderdale","status":"publish","type":"post","link":"https:\/\/tvbrazilusa.com\/pt\/2024\/08\/15\/wally-amos-fundador-dos-biscoitos-famous-amos-morre-aos-88-anos-wsvn-7news-noticias-de-miami-clima-esportes-fort-lauderdale\/","title":{"rendered":"Wally Amos, fundador dos biscoitos Famous Amos, morre aos 88 anos &#8211; WSVN 7News | Not\u00edcias de Miami, Clima, Esportes | Fort Lauderdale"},"content":{"rendered":"<p> <script async src=\"https:\/\/pagead2.googlesyndication.com\/pagead\/js\/adsbygoogle.js?client=ca-pub-8864793242727901\"\r\n     crossorigin=\"anonymous\"><\/script><br \/>\n<\/p>\n<div itemprop=\"articleBody\">\n<p>Wally Amos, o carism\u00e1tico fundador dos biscoitos Famous Amos, morreu aos 88 anos, de acordo com uma declara\u00e7\u00e3o assinada por seus filhos.<\/p>\n<p>Na declara\u00e7\u00e3o, seus filhos disseram que a causa foram complica\u00e7\u00f5es de dem\u00eancia. \u201cEle foi um verdadeiro her\u00f3i negro americano original\u201d, disse a declara\u00e7\u00e3o, assinada \u201cSarah, Michael, Gregory e Shawn Amos\u201d.<\/p>\n<p>\u201cCom seu chap\u00e9u panam\u00e1, kazoo e otimismo sem limites, Famous Amos foi uma grande hist\u00f3ria de sucesso americana e uma fonte de orgulho negro\u201d, disse a declara\u00e7\u00e3o.<\/p>\n<p>Amos abriu sua padaria em 1975 na Sunset Boulevard, em Los Angeles, vendendo biscoitos de chocolate do tamanho de uma mordida, que eram uma novidade para a \u00e9poca, de acordo com a empresa. <a href=\"https:\/\/www.famousamos.com\/#about-us\" target=\"_blank\" rel=\"noreferrer noopener\">site<\/a>. A padaria, cujos biscoitos foram desenvolvidos a partir de uma receita de fam\u00edlia, atraiu celebridades de Hollywood e m\u00fasicos.<\/p>\n<p>A Ferrero, atual propriet\u00e1ria do Famous Amos, disse que estava \u201ctriste com a perda de Wally Amos e nossos pensamentos est\u00e3o com sua fam\u00edlia\u201d, em um comunicado. <a href=\"https:\/\/www.instagram.com\/p\/C-sKjVPOmWP\/?hl=en\" target=\"_blank\" rel=\"noreferrer noopener\">postagem em m\u00eddia social<\/a>. \u201cEle trouxe alegria a milh\u00f5es com seus biscoitos e \u00e9 uma inspira\u00e7\u00e3o para gera\u00e7\u00f5es de empreendedores.\u201d<\/p>\n<p>Amos nasceu em Tallahassee, Fl\u00f3rida.<\/p>\n<p>O famoso Amos n\u00e3o era apenas um neg\u00f3cio, ele disse em um Detroit Black Journal de 1991 <a href=\"https:\/\/www.pbs.org\/video\/detroit-black-journal-interview-wally-amos-qa4s73\/\" target=\"_blank\" rel=\"noreferrer noopener\">entrevista<\/a>.<\/p>\n<p>\u201cComecei a fazer biscoitos s\u00f3 para ganhar a vida e para ser feliz fazendo o que eu estava fazendo\u201d, disse Amos na entrevista. \u201cE eu simplesmente, eu estava t\u00e3o comprometido e t\u00e3o envolvido e t\u00e3o alegre com isso.\u201d<\/p>\n<p>A partir da\u00ed, ele criou um imp\u00e9rio de biscoitos.<\/p>\n<p>\u201cEu n\u00e3o disse, &#39;Ei, vou entrar no ramo de biscoitos, ganhar muito dinheiro, sabe, vender biscoitos.&#39; Eu disse, &#39;Bem, fazer algo que eu gosto do jeito que eu quero fazer,&#39; sabe, vou me divertir fazendo isso\u201d, disse Amos na entrevista.<\/p>\n<p>Amos tamb\u00e9m era<strong> <\/strong>uma figura da cultura pop dos EUA. Ele apareceu em uma participa\u00e7\u00e3o especial no <a href=\"https:\/\/www.youtube.com\/watch?v=TsBkuCS54p0\" target=\"_blank\" rel=\"noreferrer noopener\">seriado<\/a> \u201cThe Office\u201d para excita\u00e7\u00e3o e aplausos dos membros do elenco. Antes disso, ele tamb\u00e9m apareceu em \u201cThe Jeffersons\u201d e \u201cTaxi.\u201d<\/p>\n<p>Am\u00f3s <a href=\"https:\/\/www.nytimes.com\/1988\/04\/30\/business\/famous-amos-cookies-sold.html\">vendido<\/a> a marca de biscoitos para um grupo de capital privado em 1988, ap\u00f3s anos de dificuldades financeiras para a empresa.<\/p>\n<p><em>The-CNN-Wire\u2122 &#038; \u00a9 2024 Cable News Network, Inc., uma empresa Time Warner. Todos os direitos reservados.<\/em><\/p>\n<div class=\"wp-block-newsletter\">\n\t<strong class=\"wp-block-newsletter__title\">Inscreva-se em nossa Newsletter para receber as \u00faltimas not\u00edcias diretamente na sua caixa de entrada<\/strong><\/p>\n<\/div><\/div>\n<p><script async src=\"\/\/www.instagram.com\/embed.js\"><\/script><br \/>\n<br \/><br \/>\n<br \/><a href=\"https:\/\/wsvn.com\/news\/us-world\/wally-amos-founder-of-famous-amos-cookies-dies-at-88\/\">Source link <\/a><\/p>","protected":false},"excerpt":{"rendered":"<p>Wally Amos, o carism\u00e1tico fundador dos biscoitos Famous Amos, morreu aos 88 anos, de acordo com uma declara\u00e7\u00e3o assinada por seus filhos. Na declara\u00e7\u00e3o, seus filhos disseram que a causa&hellip;<\/p>","protected":false},"author":1,"featured_media":25167,"comment_status":"closed","ping_status":"open","sticky":false,"template":"","format":"standard","meta":{"content-type":"","footnotes":""},"categories":[1],"tags":[],"class_list":["post-25166","post","type-post","status-publish","format-standard","has-post-thumbnail","hentry","category-uncategorized"],"_links":{"self":[{"href":"https:\/\/tvbrazilusa.com\/pt\/wp-json\/wp\/v2\/posts\/25166","targetHints":{"allow":["GET"]}}],"collection":[{"href":"https:\/\/tvbrazilusa.com\/pt\/wp-json\/wp\/v2\/posts"}],"about":[{"href":"https:\/\/tvbrazilusa.com\/pt\/wp-json\/wp\/v2\/types\/post"}],"author":[{"embeddable":true,"href":"https:\/\/tvbrazilusa.com\/pt\/wp-json\/wp\/v2\/users\/1"}],"replies":[{"embeddable":true,"href":"https:\/\/tvbrazilusa.com\/pt\/wp-json\/wp\/v2\/comments?post=25166"}],"version-history":[{"count":1,"href":"https:\/\/tvbrazilusa.com\/pt\/wp-json\/wp\/v2\/posts\/25166\/revisions"}],"predecessor-version":[{"id":25168,"href":"https:\/\/tvbrazilusa.com\/pt\/wp-json\/wp\/v2\/posts\/25166\/revisions\/25168"}],"wp:featuredmedia":[{"embeddable":true,"href":"https:\/\/tvbrazilusa.com\/pt\/wp-json\/wp\/v2\/media\/25167"}],"wp:attachment":[{"href":"https:\/\/tvbrazilusa.com\/pt\/wp-json\/wp\/v2\/media?parent=25166"}],"wp:term":[{"taxonomy":"category","embeddable":true,"href":"https:\/\/tvbrazilusa.com\/pt\/wp-json\/wp\/v2\/categories?post=25166"},{"taxonomy":"post_tag","embeddable":true,"href":"https:\/\/tvbrazilusa.com\/pt\/wp-json\/wp\/v2\/tags?post=25166"}],"curies":[{"name":"wp","href":"https:\/\/api.w.org\/{rel}","templated":true}]}}