{"id":25192,"date":"2024-08-15T21:03:46","date_gmt":"2024-08-15T21:03:46","guid":{"rendered":"https:\/\/tvbrazilusa.com\/2024\/08\/15\/moradores-de-connecticut-indignados-com-contas-de-luz-insanas\/"},"modified":"2024-08-15T21:15:33","modified_gmt":"2024-08-15T21:15:33","slug":"moradores-de-connecticut-indignados-com-contas-de-luz-insanas","status":"publish","type":"post","link":"https:\/\/tvbrazilusa.com\/pt\/2024\/08\/15\/moradores-de-connecticut-indignados-com-contas-de-luz-insanas\/","title":{"rendered":"Moradores de Connecticut indignados com contas de luz &#8220;insanas&#8221;"},"content":{"rendered":"<script async src=\"https:\/\/pagead2.googlesyndication.com\/pagead\/js\/adsbygoogle.js?client=ca-pub-8864793242727901\"\r\n     crossorigin=\"anonymous\"><\/script>\n<p>CONNECTICUT (WTNH) \u2014 Alguns clientes viram suas contas de eletricidade aumentarem em centenas, sen\u00e3o milhares de d\u00f3lares neste ver\u00e3o, e uma nova peti\u00e7\u00e3o pede que o governador tome medidas imediatamente. <\/p>\n<div class=\"nlp-ignore-block article-content rich-text\">\n<aside class=\"promo-link\">\n\t<a href=\"https:\/\/www.wtnh.com\/news\/connecticut\/hartford\/pura-meeting-includes-annual-eversource-rate-adjustment-review\/?ipid=promo-link-block1\" class=\"promo-link__link\" target=\"\"_blank\"\"><\/p>\n<p>\t\tPURA aprova aumento de tarifas para clientes da Eversource e United Illuminating\t<\/a><br \/>\n<\/aside>\n<\/div>\n<p>&#8220;\u00c9 absolutamente insano, \u00e9 mais do que as hipotecas da maioria das pessoas&#8221;, disse Scott Pearson, que iniciou a peti\u00e7\u00e3o em <a href=\"https:\/\/www.change.org\/p\/demand-gov-lamont-and-pura-to-cease-public-benefit-charge-from-electric-bill?source_location=tag_\" data-type=\"link\" data-id=\"https:\/\/www.change.org\/p\/demand-gov-lamont-and-pura-to-cease-public-benefit-charge-from-electric-bill?source_location=tag_\">mudan\u00e7a.org,<\/a> disse. <\/p>\n<p>Pearson diz que v\u00e1rias pessoas t\u00eam enviado suas contas de eletricidade. Uma declara\u00e7\u00e3o que ele mostrou \u00e0 News 8 tinha cobran\u00e7as totalizando pouco menos de $ 3.200, com $ 800 em cobran\u00e7as de benef\u00edcio p\u00fablico. Outra conta listada na peti\u00e7\u00e3o mostra uma conta de mais de $ 950 com $ 200 em cobran\u00e7as de benef\u00edcio p\u00fablico. <\/p>\n<p>&#8220;A desconex\u00e3o entre o governador e seus cidad\u00e3os \u00e9 simplesmente astron\u00f4mica&#8221;, disse Pearson. &#8220;Todos est\u00e3o muito, muito chateados com isso.&#8221;  <\/p>\n<p>&#8220;Algumas semanas atr\u00e1s, quando estava muito quente, fui atender uma idosa e entrei no apartamento&#8221;, disse Pearson. &#8220;Devia estar uns 38 graus e eu disse &#39;por que voc\u00ea n\u00e3o liga o ar condicionado?&#39; e ela olhou para mim e disse &#39;Acabei de receber minha conta da Eversource, n\u00e3o tenho condi\u00e7\u00f5es de pagar.&#39;&#8221;<\/p>\n<p>Pearson iniciou uma peti\u00e7\u00e3o online pedindo que o governador revogue as taxas de &#8220;benef\u00edcios p\u00fablicos&#8221; e que a Public Regulatory Utilities Authority (PURA) reverta o aumento de tarifas de quarta-feira. Sua peti\u00e7\u00e3o ganhou quase 40 mil assinaturas.<\/p>\n<div class=\"nlp-ignore-block article-content rich-text\">\n<aside class=\"promo-link\">\n\t<a href=\"https:\/\/www.wtnh.com\/news\/connecticut\/connecticut-republicans-call-for-special-session-to-address-soaring-electric-bills\/?ipid=promo-link-block2\" class=\"promo-link__link\" target=\"\"_blank\"\"><\/p>\n<p>\t\tRepublicanos de Connecticut convocam sess\u00e3o especial para tratar do aumento das contas de luz\t<\/a><br \/>\n<\/aside>\n<\/div>\n<p>Enquanto isso, a prefeita de New Britain, Erin Stewart, est\u00e1 expressando suas preocupa\u00e7\u00f5es nas redes sociais.<\/p>\n<p>&#8220;Estou chateada com minha conta Eversource deste m\u00eas&#8221;, ela disse em um post de v\u00eddeo no X. &#8220;A legislatura as chama de taxas de &#39;benef\u00edcio p\u00fablico&#39;. Mas sejamos realistas, \u00e9 apenas um imposto oculto que esconde autoridades eleitas de uma responsabilidade real.&#8221;<\/p>\n<p>Um porta-voz do gabinete do governador disse ao News 8: &#8220;O governador Lamont concorda que os moradores de Connecticut est\u00e3o pagando muito pela eletricidade e disse que estaria aberto a considerar solu\u00e7\u00f5es pr\u00e1ticas para ajudar a reduzir os custos em uma sess\u00e3o especial. Esta n\u00e3o \u00e9 uma quest\u00e3o partid\u00e1ria, pois todos concordamos que precisamos de uma solu\u00e7\u00e3o para reduzir os custos de energia.&#8221;<\/p>\n<p>Enquanto isso, um porta-voz da PURA disse<\/p>\n<p>&#8220;A Autoridade est\u00e1 atualmente recebendo duas mo\u00e7\u00f5es para reabrir\/reconsiderar a decis\u00e3o do RAM &#8211; <a href=\"https:\/\/nam11.safelinks.protection.outlook.com\/?url=https%3A%2F%2Fwww.dpuc.state.ct.us%2Fdockcurr.nsf%2F8e6fc37a54110e3e852576190052b64d%2F9dc01630144132eb85258b79006d59c9%2F%24FILE%2F97355734.pdf%2FE%26T%2520Leadership%2520-%2520PURA%2520Motion.pdf&#038;data=05%7C02%7CJuliana.Lepore%40wtnh.com%7Cdc1d09c547e44efba78d08dcbd6a368f%7C9e5488e2e83844f6886cc7608242767e%7C0%7C0%7C638593511080986624%7CUnknown%7CTWFpbGZsb3d8eyJWIjoiMC4wLjAwMDAiLCJQIjoiV2luMzIiLCJBTiI6Ik1haWwiLCJXVCI6Mn0%3D%7C0%7C%7C%7C&#038;sdata=PhjBjChzfKqEGimL0i1Ykei79K122bjcFhmaYFt1t5k%3D&#038;reserved=0\" target=\"_blank\" rel=\"noreferrer noopener\">um da lideran\u00e7a do Comit\u00ea de Energia e Tecnologia<\/a>p e <a href=\"https:\/\/nam11.safelinks.protection.outlook.com\/?url=https%3A%2F%2Fwww.dpuc.state.ct.us%2Fdockcurr.nsf%2F8e6fc37a54110e3e852576190052b64d%2F5bb0f5807a4472e085258b7900702042%2F%24FILE%2F24-01-03%2C%252024-01-04%2520-%2520OCC%2520motion.pdf&#038;data=05%7C02%7CJuliana.Lepore%40wtnh.com%7Cdc1d09c547e44efba78d08dcbd6a368f%7C9e5488e2e83844f6886cc7608242767e%7C0%7C0%7C638593511080995079%7CUnknown%7CTWFpbGZsb3d8eyJWIjoiMC4wLjAwMDAiLCJQIjoiV2luMzIiLCJBTiI6Ik1haWwiLCJXVCI6Mn0%3D%7C0%7C%7C%7C&#038;sdata=5yyVVMt993dcmnAfVBKTcpzqHkhvtfTxIpG7znbsUWY%3D&#038;reserved=0\" target=\"_blank\" rel=\"noreferrer noopener\">um do Escrit\u00f3rio de Defesa do Consumidor<\/a>. Nossos processos permitem que as partes comentem sete dias antes que o assunto seja levado a julgamento. Como esses s\u00e3o assuntos abertos diante de n\u00f3s, como uma ag\u00eancia quase judicial, n\u00e3o podemos fornecer coment\u00e1rios neste momento.&#8221;<\/p>\n<p><br \/>\n<br \/><a href=\"https:\/\/www.wtnh.com\/news\/connecticut\/connecticut-residents-outraged-over-insane-electricity-bills\/\">Source link <\/a><\/p>","protected":false},"excerpt":{"rendered":"<p>CONNECTICUT (WTNH) \u2014 Alguns clientes viram suas contas de eletricidade aumentarem em centenas, sen\u00e3o milhares de d\u00f3lares neste ver\u00e3o, e uma nova peti\u00e7\u00e3o pede que o governador tome medidas imediatamente.&hellip;<\/p>","protected":false},"author":1,"featured_media":25193,"comment_status":"closed","ping_status":"open","sticky":false,"template":"","format":"standard","meta":{"content-type":"","footnotes":""},"categories":[1],"tags":[],"class_list":["post-25192","post","type-post","status-publish","format-standard","has-post-thumbnail","hentry","category-uncategorized"],"_links":{"self":[{"href":"https:\/\/tvbrazilusa.com\/pt\/wp-json\/wp\/v2\/posts\/25192","targetHints":{"allow":["GET"]}}],"collection":[{"href":"https:\/\/tvbrazilusa.com\/pt\/wp-json\/wp\/v2\/posts"}],"about":[{"href":"https:\/\/tvbrazilusa.com\/pt\/wp-json\/wp\/v2\/types\/post"}],"author":[{"embeddable":true,"href":"https:\/\/tvbrazilusa.com\/pt\/wp-json\/wp\/v2\/users\/1"}],"replies":[{"embeddable":true,"href":"https:\/\/tvbrazilusa.com\/pt\/wp-json\/wp\/v2\/comments?post=25192"}],"version-history":[{"count":1,"href":"https:\/\/tvbrazilusa.com\/pt\/wp-json\/wp\/v2\/posts\/25192\/revisions"}],"predecessor-version":[{"id":25194,"href":"https:\/\/tvbrazilusa.com\/pt\/wp-json\/wp\/v2\/posts\/25192\/revisions\/25194"}],"wp:featuredmedia":[{"embeddable":true,"href":"https:\/\/tvbrazilusa.com\/pt\/wp-json\/wp\/v2\/media\/25193"}],"wp:attachment":[{"href":"https:\/\/tvbrazilusa.com\/pt\/wp-json\/wp\/v2\/media?parent=25192"}],"wp:term":[{"taxonomy":"category","embeddable":true,"href":"https:\/\/tvbrazilusa.com\/pt\/wp-json\/wp\/v2\/categories?post=25192"},{"taxonomy":"post_tag","embeddable":true,"href":"https:\/\/tvbrazilusa.com\/pt\/wp-json\/wp\/v2\/tags?post=25192"}],"curies":[{"name":"wp","href":"https:\/\/api.w.org\/{rel}","templated":true}]}}