{"id":25229,"date":"2024-08-15T22:15:12","date_gmt":"2024-08-15T22:15:12","guid":{"rendered":"https:\/\/tvbrazilusa.com\/2024\/08\/15\/assista-homem-de-plymouth-e-preso-apos-pai-ser-encontrado-morto-a-facadas\/"},"modified":"2024-08-15T22:50:14","modified_gmt":"2024-08-15T22:50:14","slug":"assista-homem-de-plymouth-e-preso-apos-pai-ser-encontrado-morto-a-facadas","status":"publish","type":"post","link":"https:\/\/tvbrazilusa.com\/pt\/2024\/08\/15\/assista-homem-de-plymouth-e-preso-apos-pai-ser-encontrado-morto-a-facadas\/","title":{"rendered":"Assista: Homem de Plymouth \u00e9 preso ap\u00f3s pai ser encontrado morto a facadas"},"content":{"rendered":"<p> <script async src=\"https:\/\/pagead2.googlesyndication.com\/pagead\/js\/adsbygoogle.js?client=ca-pub-8864793242727901\"\r\n     crossorigin=\"anonymous\"><\/script><br \/>\n<\/p>\n<div id=\"\">\n<header class=\"m-article-header m-article-header--standard\">\n\t\t\t\t\t\t\t\t\t\t\t\t<span id=\"article-header-primary-term\"><br \/>\n\t\t\t\t\t\t\t\t<a class=\"a-term a-term--primary\" href=\"https:\/\/www.boston.com\/tag\/crime\/\"><\/p>\n<p>\t\t\t\t\t\t\t\tCrime\t\t\t\t\t\t\t\t<\/a><br \/>\n\t\t\t\t\t\t\t<\/span><\/p>\n<h2 class=\"m-article-header__sub-headline\">Matthew Paluzzi, 26, foi preso e acusado de assassinato na quinta-feira depois que seu pai foi encontrado mortalmente esfaqueado em Plymouth.<\/h2>\n<figure class=\"a-photo m-article-header__photo\"><figcaption class=\"a-photo__caption\">\n<p>\tMatthew Paluzzi, 26, foi preso e acusado de assassinato na quinta-feira depois que seu pai foi encontrado morto em Plymouth.<em> Pol\u00edcia Estadual de Massachusetts<\/em>\t<\/figcaption><\/figure>\n<\/header>\n<p>Um homem foi preso em conex\u00e3o com o esfaqueamento fatal de seu pai de 73 anos em Plymouth, anunciaram autoridades.<\/p>\n<p>Matthew Paluzzi, 26, foi detido e acusado de homic\u00eddio depois que a pol\u00edcia de Hanover o localizou na Columbia Road na tarde de quinta-feira, disse o promotor p\u00fablico do condado de Plymouth. <a href=\"https:\/\/x.com\/PlymouthCtyDAO\/status\/1824180140328292404\">anunciado<\/a>. <\/p>\n<p>A pol\u00edcia de Plymouth respondeu \u00e0 Cedar Road por volta das 6h30 da manh\u00e3 de quinta-feira, onde encontraram Anthony Paluzzi sem resposta, disse o promotor. Ele foi encontrado na cozinha sangrando por uma lacera\u00e7\u00e3o no pesco\u00e7o e foi declarado morto, disseram as autoridades.<\/p>\n<p>O promotor disse que a pol\u00edcia de Plymouth come\u00e7ou a investigar com a Pol\u00edcia Estadual de Massachusetts e &#8220;desenvolveu causa prov\u00e1vel&#8221; para a pris\u00e3o de Matthew Paluzzi. <\/p>\n<p>A Pol\u00edcia Estadual de Massachusetts divulgou imagens da pris\u00e3o feitas pelo helic\u00f3ptero da Air Wing, mostrando diversas unidades policiais cercando Paluzzi antes que ele sa\u00edsse do carro.<\/p>\n<p>O Gabinete do M\u00e9dico Legista Chefe n\u00e3o determinou a causa da morte de Anthony Paluzzi, disse o promotor.<\/p>\n<p>Assista ao v\u00eddeo da pris\u00e3o divulgado pelas autoridades aqui:<\/p>\n<figure class=\"wp-block-video\"><video controls=\"\" src=\"https:\/\/www.boston.com\/wp-content\/uploads\/2024\/08\/trimmed2-arrest-video-plymouth-66be75e11d1bf.mp4\"\/><\/figure>\n<div class=\"m-block m-generic-cta\t m-generic-cta--post-content\t m-generic-cta--dark\t m-generic-cta--homepage\t m-generic-cta--email-signup\t\t m-generic-cta-block-style--default \tt-amp__generic-cta\"><\/p>\n<div class=\"m-generic-cta__wrap\">\n<div class=\"m-generic-cta__content\">\n<h3 class=\"m-generic-cta__title\">Boston.com Hoje<\/h3>\n<p class=\"m-generic-cta__subtitle\">Inscreva-se para receber as \u00faltimas manchetes na sua caixa de entrada todas as manh\u00e3s.<\/p>\n<\/p><\/div>\n<\/p><\/div>\n<\/div><\/div>\n<p><script>\n\t\tvar consent=\"grant\";\n\t\t\/* The above code is parsing the JSON data from the local storage and storing it in a variable. *\/\n\t\t\t\t\tconst onetrustStorageConsent = JSON.parse(localStorage.getItem( 'consent_one_trust_bdc' ) );\n\t\t\tif ( ( onetrustStorageConsent !== null ) ) {\n\t\t\t\t\/* Checking to see if the user has consented to the use of cookies.\n\t\t\t\t* If they have not, it is deleting the cookie.\n\t\t\t\t* This will comment for now, until further notice.\n\t\t\t\t*\/\n\t\t\t\t\/\/if ( onetrustStorageConsent.C0002 === false ) {\n\t\t\t\t\/\/\tdocument.cookie=\"_fbp=;expires=Thu, 01 Jan 2010 00:00:00 UTC; path=\/; domain=.boston.com\";\n\t\t\t\t\/\/}\n\t\t\t\t\/* Checking if the user has given consent for the cookie C0002.\n\t\t\t\t* If the user has given consent, the variable consent will be set to 'grant'.\n\t\t\t\t* If the user has not given consent,the variable consent will be set to 'revoke'.\n\t\t\t\t* Documentation https:\/\/developers.facebook.com\/docs\/meta-pixel\/implementation\/gdpr\n\t\t\t\t*\/\n\t\t\t\tif ( onetrustStorageConsent.C0002 !== true ) {\n\t\t\t\t\tconsent=\"revoke\";\n\t\t\t\t}\n\t\t\t}\n\t\t\t\t!function(f,b,e,v,n,t,s)\n\t\t{if(f.fbq)return;n=f.fbq=function(){n.callMethod?\n\t\tn.callMethod.apply(n,arguments):n.queue.push(arguments)};\n\t\tif(!f._fbq)f._fbq=n;n.push=n;n.loaded=!0;n.version='2.0';\n\t\tn.queue=[];t=b.createElement(e);t.async=!0;\n\t\tt.src=v;s=b.getElementsByTagName(e)[0];\n\t\ts.parentNode.insertBefore(t,s)}(window, document,'script',\n\t\t'https:\/\/connect.facebook.net\/en_US\/fbevents.js');\n\t\tfbq('consent', consent);\n\t\tfbq('init', '989222871864976');\n\t\tfbq('track', 'PageView');\n\t<\/script><script type=\"module\">\n\t\tvar consent=\"grant\";\n\t\t\/* The above code is parsing the JSON data from the local storage and storing it in a variable. *\/\n\t\t\tconst onetrustStorageConsent = JSON.parse(localStorage.getItem( 'consent_one_trust_bdc' ) );\n\t\t\t\/* Checking to see if the user has consented to the use of cookies.\n\t\t\t* If they have not, it is deleting the cookie.\n\t\t\t* This will comment for now, until further notice.\n\t\t\t*\/\n\t\t\t\/\/if ( onetrustStorageConsent.C0002 === false ) {\n\t\t\t\/\/\tdocument.cookie=\"_fbp=;expires=Thu, 01 Jan 2010 00:00:00 UTC; path=\/; domain=.boston.com\";\n\t\t\t\/\/}\n\t\t\t\/* Checking if the user has given consent for the cookie C0002.\n\t\t\t* If the user has given consent, the variable consent will be set to 'grant'.\n\t\t\t* If the user has not given consent,the variable consent will be set to 'revoke'.\n\t\t\t* Documentation https:\/\/developers.facebook.com\/docs\/meta-pixel\/implementation\/gdpr\n\t\t\t*\/\n\t\t\tif ( ( onetrustStorageConsent !== null ) && (onetrustStorageConsent.C0002 !== true ) ) {\n\t\t\t\tconsent=\"revoke\";\n\t\t\t}\n\t\t\t\t!function(f,b,e,v,n,t,s){if(f.fbq)return;n=f.fbq=function()\n\t\t{n.callMethod? n.callMethod.apply(n,arguments):n.queue.push(arguments)}\n\t\t;if(!f._fbq)f._fbq=n;\n\t\tn.push=n;n.loaded=!0;n.version='2.0';n.queue=[];t=b.createElement(e);t.async=!0;\n\t\tt.src=v;s=b.getElementsByTagName(e)[0];s.parentNode.insertBefore(t,s)}(window,\n\t\tdocument,'script','https:\/\/connect.facebook.net\/en_US\/fbevents.js');\n\t\tfbq('consent', consent);\n\t\tfbq('init', '813236348753005');\n\t\tfbq('track', \"PageView\");\n\t<\/script><br \/>\n<br \/><br \/>\n<br \/><a href=\"https:\/\/www.boston.com\/news\/crime\/2024\/08\/15\/watch-plymouth-man-arrested-after-father-found-stabbed-to-death\/\">Source link <\/a><\/p>","protected":false},"excerpt":{"rendered":"<p>Crime Matthew Paluzzi, 26, foi preso e acusado de assassinato na quinta-feira depois que seu pai foi encontrado mortalmente esfaqueado em Plymouth. Matthew Paluzzi, 26, foi preso e acusado de&hellip;<\/p>","protected":false},"author":1,"featured_media":25230,"comment_status":"closed","ping_status":"open","sticky":false,"template":"","format":"standard","meta":{"content-type":"","footnotes":""},"categories":[1],"tags":[],"class_list":["post-25229","post","type-post","status-publish","format-standard","has-post-thumbnail","hentry","category-uncategorized"],"_links":{"self":[{"href":"https:\/\/tvbrazilusa.com\/pt\/wp-json\/wp\/v2\/posts\/25229","targetHints":{"allow":["GET"]}}],"collection":[{"href":"https:\/\/tvbrazilusa.com\/pt\/wp-json\/wp\/v2\/posts"}],"about":[{"href":"https:\/\/tvbrazilusa.com\/pt\/wp-json\/wp\/v2\/types\/post"}],"author":[{"embeddable":true,"href":"https:\/\/tvbrazilusa.com\/pt\/wp-json\/wp\/v2\/users\/1"}],"replies":[{"embeddable":true,"href":"https:\/\/tvbrazilusa.com\/pt\/wp-json\/wp\/v2\/comments?post=25229"}],"version-history":[{"count":1,"href":"https:\/\/tvbrazilusa.com\/pt\/wp-json\/wp\/v2\/posts\/25229\/revisions"}],"predecessor-version":[{"id":25231,"href":"https:\/\/tvbrazilusa.com\/pt\/wp-json\/wp\/v2\/posts\/25229\/revisions\/25231"}],"wp:featuredmedia":[{"embeddable":true,"href":"https:\/\/tvbrazilusa.com\/pt\/wp-json\/wp\/v2\/media\/25230"}],"wp:attachment":[{"href":"https:\/\/tvbrazilusa.com\/pt\/wp-json\/wp\/v2\/media?parent=25229"}],"wp:term":[{"taxonomy":"category","embeddable":true,"href":"https:\/\/tvbrazilusa.com\/pt\/wp-json\/wp\/v2\/categories?post=25229"},{"taxonomy":"post_tag","embeddable":true,"href":"https:\/\/tvbrazilusa.com\/pt\/wp-json\/wp\/v2\/tags?post=25229"}],"curies":[{"name":"wp","href":"https:\/\/api.w.org\/{rel}","templated":true}]}}