{"id":25284,"date":"2024-08-16T01:38:24","date_gmt":"2024-08-16T01:38:24","guid":{"rendered":"https:\/\/tvbrazilusa.com\/2024\/08\/16\/jordan-chiles-diz-que-o-apelo-do-painel-para-que-ela-devolva-o-bronze-olimpico-e-injusto-e-um-golpe-significativo-wsvn-7news-noticias-de-miami-clima-esportes-fort-lauderdale\/"},"modified":"2024-08-16T01:44:00","modified_gmt":"2024-08-16T01:44:00","slug":"jordan-chiles-diz-que-o-apelo-do-painel-para-que-ela-devolva-o-bronze-olimpico-e-injusto-e-um-golpe-significativo-wsvn-7news-noticias-de-miami-clima-esportes-fort-lauderdale","status":"publish","type":"post","link":"https:\/\/tvbrazilusa.com\/pt\/2024\/08\/16\/jordan-chiles-diz-que-o-apelo-do-painel-para-que-ela-devolva-o-bronze-olimpico-e-injusto-e-um-golpe-significativo-wsvn-7news-noticias-de-miami-clima-esportes-fort-lauderdale\/","title":{"rendered":"Jordan Chiles diz que o apelo do painel para que ela devolva o bronze ol\u00edmpico \u00e9 &#8220;injusto&#8221; e &#8220;um golpe significativo&#8221; &#8211; WSVN 7News | Not\u00edcias de Miami, Clima, Esportes | Fort Lauderdale"},"content":{"rendered":"<p> <script async src=\"https:\/\/pagead2.googlesyndication.com\/pagead\/js\/adsbygoogle.js?client=ca-pub-8864793242727901\"\r\n     crossorigin=\"anonymous\"><\/script><br \/>\n<\/p>\n<div itemprop=\"articleBody\">\n<p>A ginasta americana Jordan Chiles chamou a decis\u00e3o do painel de arbitragem que a tirou da medalha de bronze no solo nas Olimp\u00edadas de Paris de &#8220;injusta&#8221; e um &#8220;golpe significativo&#8221; em uma mensagem publicada nas redes sociais na quinta-feira.<\/p>\n<p>O Comit\u00ea Ol\u00edmpico Internacional, \u00e0 luz da decis\u00e3o do Tribunal Arbitral do Esporte, anunciou que realocaria o bronze para Ana Barbosu, da Rom\u00eania. Barbosu deve receber a medalha na sexta-feira em uma cerim\u00f4nia em Bucareste.<\/p>\n<p>Chiles inicialmente terminou em quinto na final de oito mulheres antes que a treinadora do Time EUA, Cecile Landi, apelasse \u00e0 pontua\u00e7\u00e3o de Chiles, pedindo para receber cr\u00e9dito por uma manobra que aumentaria sua pontua\u00e7\u00e3o em 0,1. O apelo foi concedido, movendo Chiles para o terceiro lugar. Ela recebeu o bronze e participou da cerim\u00f4nia de medalhas ap\u00f3s a competi\u00e7\u00e3o.<\/p>\n<p>A Rom\u00eania protestou com sucesso ao CAS que o apelo de Landi n\u00e3o foi feito dentro de um minuto da pontua\u00e7\u00e3o de Chiles ser publicada, e o painel decidiu no s\u00e1bado que o bronze deveria ir para Barbosu. A Federa\u00e7\u00e3o Internacional de Gin\u00e1stica restabeleceu a ordem inicial de chegada e o COI anunciou no domingo que realocaria o bronze para Barbosu.<\/p>\n<p>\u201cN\u00e3o tenho palavras\u201d, escreveu Chiles em uma publica\u00e7\u00e3o no Instagram. \u201cEsta decis\u00e3o parece injusta e \u00e9 um golpe significativo, n\u00e3o apenas para mim, mas para todos que apoiaram minha jornada. Para aumentar a tristeza, os ataques raciais n\u00e3o provocados nas m\u00eddias sociais s\u00e3o errados e extremamente dolorosos. Eu coloquei meu cora\u00e7\u00e3o e alma neste esporte e estou muito orgulhoso de representar minha cultura e meu pa\u00eds.\u201d<\/p>\n<p>A USA Gymnastics disse que continuar\u00e1 os esfor\u00e7os para deixar Chiles ficar com a medalha. O \u00f3rg\u00e3o regulador do esporte nos Estados Unidos contesta a alega\u00e7\u00e3o da Rom\u00eania de que o apelo de Landi chegou 4 segundos atrasado, dizendo no domingo que enviou evid\u00eancias em v\u00eddeo ao CAS que mostraram que Landi apelou pela primeira vez 13 segundos antes do prazo final.<\/p>\n<p>O CAS divulgou um relato detalhado de como chegou \u00e0 sua decis\u00e3o na quarta-feira, observando que a USA Gymnastics n\u00e3o expressou nenhuma preocupa\u00e7\u00e3o sobre o sistema de cronometragem durante a audi\u00eancia \u2014 para a qual a USA Gymnastics teve menos de 24 horas para se preparar devido a erros administrativos do CAS que enviou notifica\u00e7\u00f5es para o endere\u00e7o de e-mail errado \u2014 e que Landi observou que seu pedido de investiga\u00e7\u00e3o foi concedido &#8220;imediatamente&#8221;.<\/p>\n<p>Chiles, de 23 anos \u2014 que retornar\u00e1 \u00e0s competi\u00e7\u00f5es em janeiro, quando iniciar\u00e1 seu terceiro ano na UCLA \u2014 tamb\u00e9m foi alvo de ataques nas redes sociais, alguns deles de cunho racial, que ela chamou de &#8220;errados e extremamente ofensivos&#8221;.<\/p>\n<p>\u201cEstou agora diante de um dos momentos mais desafiadores da minha carreira\u201d, postou Chiles. \u201cAcredite em mim quando digo que j\u00e1 tive muitos. Abordarei o desafio como enfrentei outros \u2014 e farei todos os esfor\u00e7os para garantir que a justi\u00e7a seja feita. Acredito que, no final desta jornada, as pessoas no controle far\u00e3o a coisa certa.\u201d<\/p>\n<p><em>Copyright 2024 The Associated Press. Todos os direitos reservados. Este material n\u00e3o pode ser publicado, transmitido, reescrito ou redistribu\u00eddo.<\/em><\/p>\n<div class=\"wp-block-newsletter\">\n\t<strong class=\"wp-block-newsletter__title\">Inscreva-se em nossa Newsletter para receber as \u00faltimas not\u00edcias diretamente na sua caixa de entrada<\/strong><\/p>\n<\/div><\/div>\n<p><br \/>\n<br \/><a href=\"https:\/\/wsvn.com\/sports\/jordan-chiles-says-panels-call-for-her-to-return-olympic-bronze-is-unjust-and-significant-blow\/\">Source link <\/a><\/p>","protected":false},"excerpt":{"rendered":"<p>A ginasta americana Jordan Chiles chamou a decis\u00e3o do painel de arbitragem que a tirou da medalha de bronze no solo nas Olimp\u00edadas de Paris de &#8220;injusta&#8221; e um &#8220;golpe&hellip;<\/p>","protected":false},"author":1,"featured_media":23142,"comment_status":"closed","ping_status":"open","sticky":false,"template":"","format":"standard","meta":{"content-type":"","footnotes":""},"categories":[1],"tags":[],"class_list":["post-25284","post","type-post","status-publish","format-standard","has-post-thumbnail","hentry","category-uncategorized"],"_links":{"self":[{"href":"https:\/\/tvbrazilusa.com\/pt\/wp-json\/wp\/v2\/posts\/25284","targetHints":{"allow":["GET"]}}],"collection":[{"href":"https:\/\/tvbrazilusa.com\/pt\/wp-json\/wp\/v2\/posts"}],"about":[{"href":"https:\/\/tvbrazilusa.com\/pt\/wp-json\/wp\/v2\/types\/post"}],"author":[{"embeddable":true,"href":"https:\/\/tvbrazilusa.com\/pt\/wp-json\/wp\/v2\/users\/1"}],"replies":[{"embeddable":true,"href":"https:\/\/tvbrazilusa.com\/pt\/wp-json\/wp\/v2\/comments?post=25284"}],"version-history":[{"count":1,"href":"https:\/\/tvbrazilusa.com\/pt\/wp-json\/wp\/v2\/posts\/25284\/revisions"}],"predecessor-version":[{"id":25285,"href":"https:\/\/tvbrazilusa.com\/pt\/wp-json\/wp\/v2\/posts\/25284\/revisions\/25285"}],"wp:featuredmedia":[{"embeddable":true,"href":"https:\/\/tvbrazilusa.com\/pt\/wp-json\/wp\/v2\/media\/23142"}],"wp:attachment":[{"href":"https:\/\/tvbrazilusa.com\/pt\/wp-json\/wp\/v2\/media?parent=25284"}],"wp:term":[{"taxonomy":"category","embeddable":true,"href":"https:\/\/tvbrazilusa.com\/pt\/wp-json\/wp\/v2\/categories?post=25284"},{"taxonomy":"post_tag","embeddable":true,"href":"https:\/\/tvbrazilusa.com\/pt\/wp-json\/wp\/v2\/tags?post=25284"}],"curies":[{"name":"wp","href":"https:\/\/api.w.org\/{rel}","templated":true}]}}