{"id":25300,"date":"2024-08-16T02:16:16","date_gmt":"2024-08-16T02:16:16","guid":{"rendered":"https:\/\/tvbrazilusa.com\/2024\/08\/16\/tiktok-se-compara-a-veiculos-de-noticias-americanos-de-propriedade-estrangeira-enquanto-luta-contra-venda-forcada-ou-proibicao-wsvn-7news-noticias-de-miami-clima-esportes-fort-lauderdale\/"},"modified":"2024-08-16T02:25:41","modified_gmt":"2024-08-16T02:25:41","slug":"tiktok-se-compara-a-veiculos-de-noticias-americanos-de-propriedade-estrangeira-enquanto-luta-contra-venda-forcada-ou-proibicao-wsvn-7news-noticias-de-miami-clima-esportes-fort-lauderdale","status":"publish","type":"post","link":"https:\/\/tvbrazilusa.com\/pt\/2024\/08\/16\/tiktok-se-compara-a-veiculos-de-noticias-americanos-de-propriedade-estrangeira-enquanto-luta-contra-venda-forcada-ou-proibicao-wsvn-7news-noticias-de-miami-clima-esportes-fort-lauderdale\/","title":{"rendered":"TikTok se compara a ve\u00edculos de not\u00edcias americanos de propriedade estrangeira enquanto luta contra venda for\u00e7ada ou proibi\u00e7\u00e3o &#8211; WSVN 7News | Not\u00edcias de Miami, Clima, Esportes | Fort Lauderdale"},"content":{"rendered":"<p> <script async src=\"https:\/\/pagead2.googlesyndication.com\/pagead\/js\/adsbygoogle.js?client=ca-pub-8864793242727901\"\r\n     crossorigin=\"anonymous\"><\/script><br \/>\n<\/p>\n<div itemprop=\"articleBody\">\n<p>Na quinta-feira, o TikTok rebateu os argumentos do governo dos EUA de que a popular plataforma de m\u00eddia social n\u00e3o \u00e9 protegida pela Primeira Emenda, comparando sua plataforma a importantes organiza\u00e7\u00f5es de m\u00eddia americanas de propriedade de entidades estrangeiras.<\/p>\n<p>No m\u00eas passado, o Departamento de Justi\u00e7a argumentou em um memorando jur\u00eddico protocolado em um tribunal federal de apela\u00e7\u00f5es de Washington que nem a empresa controladora do TikTok sediada na China, a ByteDance, nem os bra\u00e7os globais e americanos da plataforma \u2014 TikTok Ltd. e TikTok Inc. \u2014 tinham direito \u00e0s prote\u00e7\u00f5es da Primeira Emenda porque s\u00e3o &#8220;organiza\u00e7\u00f5es estrangeiras operando no exterior&#8221; ou de propriedade de uma.<\/p>\n<p>Os advogados do TikTok fizeram da Primeira Emenda uma parte fundamental de seu desafio legal \u00e0 lei federal que exige que a ByteDance venda o TikTok a um comprador aprovado ou enfrente uma proibi\u00e7\u00e3o.<\/p>\n<p>Na quinta-feira, eles argumentaram em um documento judicial que o bra\u00e7o americano do TikTok n\u00e3o perde seus direitos constitucionais porque \u00e9 de propriedade de uma entidade estrangeira. Eles tra\u00e7aram um paralelo entre o TikTok e ve\u00edculos de not\u00edcias bem conhecidos, como Politico e Business Insider, ambos de propriedade da editora alem\u00e3 Axel Springer SE. Eles tamb\u00e9m citaram a Fortune, uma revista de neg\u00f3cios de propriedade do empres\u00e1rio tailand\u00eas Chatchaval Jiaravanon.<\/p>\n<p>\u201cCertamente as empresas americanas que publicam Politico, Fortune e Business Insider n\u00e3o perdem a prote\u00e7\u00e3o da Primeira Emenda porque t\u00eam propriedade estrangeira\u201d, escreveram os advogados do TikTok, argumentando que \u201cnenhum precedente\u201d apoia o que eles chamaram de \u201creescrita dram\u00e1tica do governo sobre o que conta como discurso protegido\u201d.<\/p>\n<p>Em um processo judicial redigido feito no m\u00eas passado, o Departamento de Justi\u00e7a argumentou que a ByteDance e o TikTok n\u00e3o levantaram alega\u00e7\u00f5es v\u00e1lidas de liberdade de express\u00e3o em sua contesta\u00e7\u00e3o \u00e0 lei, dizendo que a medida aborda preocupa\u00e7\u00f5es de seguran\u00e7a nacional sobre a propriedade do TikTok sem ter como alvo o discurso protegido.<\/p>\n<p>A administra\u00e7\u00e3o Biden e o TikTok mantiveram conversas nos \u00faltimos anos visando resolver as preocupa\u00e7\u00f5es do governo. Mas os dois lados n\u00e3o conseguiram chegar a um acordo.<\/p>\n<p>O TikTok disse que o governo basicamente se afastou da mesa de negocia\u00e7\u00f5es depois que ele prop\u00f4s um acordo de 90 p\u00e1ginas que detalhava como a empresa planejava abordar as preocupa\u00e7\u00f5es sobre o aplicativo, mantendo os la\u00e7os com a ByteDance.<\/p>\n<p>No entanto, o Departamento de Justi\u00e7a disse que a proposta do TikTok &#8220;n\u00e3o conseguiu criar separa\u00e7\u00e3o suficiente entre as opera\u00e7\u00f5es da empresa nos EUA e na China&#8221; e n\u00e3o abordou adequadamente algumas das preocupa\u00e7\u00f5es do governo.<\/p>\n<p>O governo apontou algumas transfer\u00eancias de dados entre funcion\u00e1rios do TikTok e engenheiros da ByteDance na China como o motivo pelo qual acreditava que a proposta, chamada Projeto Texas, n\u00e3o era suficiente para proteger contra preocupa\u00e7\u00f5es de seguran\u00e7a nacional. Autoridades federais tamb\u00e9m argumentaram que o tamanho e o escopo do TikTok teriam tornado imposs\u00edvel impor significativamente o cumprimento da proposta.<\/p>\n<p>Os advogados do TikTok disseram na quinta-feira que algumas das coisas que o governo considera inadequa\u00e7\u00f5es do acordo nunca foram levantadas durante as negocia\u00e7\u00f5es.<\/p>\n<p>Os argumentos orais no caso est\u00e3o programados para come\u00e7ar em 16 de setembro.<\/p>\n<p><em>Copyright 2024 The Associated Press. Todos os direitos reservados. Este material n\u00e3o pode ser publicado, transmitido, reescrito ou redistribu\u00eddo.<\/em><\/p>\n<div class=\"wp-block-newsletter\">\n\t<strong class=\"wp-block-newsletter__title\">Inscreva-se em nossa Newsletter para receber as \u00faltimas not\u00edcias diretamente na sua caixa de entrada<\/strong><\/p>\n<\/div><\/div>\n<p><br \/>\n<br \/><a href=\"https:\/\/wsvn.com\/news\/us-world\/tiktok-compares-itself-to-foreign-owned-american-news-outlets-as-it-fights-forced-sale-or-ban\/\">Source link <\/a><\/p>","protected":false},"excerpt":{"rendered":"<p>Na quinta-feira, o TikTok rebateu os argumentos do governo dos EUA de que a popular plataforma de m\u00eddia social n\u00e3o \u00e9 protegida pela Primeira Emenda, comparando sua plataforma a importantes&hellip;<\/p>","protected":false},"author":1,"featured_media":15393,"comment_status":"closed","ping_status":"open","sticky":false,"template":"","format":"standard","meta":{"content-type":"","footnotes":""},"categories":[1],"tags":[],"class_list":["post-25300","post","type-post","status-publish","format-standard","has-post-thumbnail","hentry","category-uncategorized"],"_links":{"self":[{"href":"https:\/\/tvbrazilusa.com\/pt\/wp-json\/wp\/v2\/posts\/25300","targetHints":{"allow":["GET"]}}],"collection":[{"href":"https:\/\/tvbrazilusa.com\/pt\/wp-json\/wp\/v2\/posts"}],"about":[{"href":"https:\/\/tvbrazilusa.com\/pt\/wp-json\/wp\/v2\/types\/post"}],"author":[{"embeddable":true,"href":"https:\/\/tvbrazilusa.com\/pt\/wp-json\/wp\/v2\/users\/1"}],"replies":[{"embeddable":true,"href":"https:\/\/tvbrazilusa.com\/pt\/wp-json\/wp\/v2\/comments?post=25300"}],"version-history":[{"count":1,"href":"https:\/\/tvbrazilusa.com\/pt\/wp-json\/wp\/v2\/posts\/25300\/revisions"}],"predecessor-version":[{"id":25301,"href":"https:\/\/tvbrazilusa.com\/pt\/wp-json\/wp\/v2\/posts\/25300\/revisions\/25301"}],"wp:featuredmedia":[{"embeddable":true,"href":"https:\/\/tvbrazilusa.com\/pt\/wp-json\/wp\/v2\/media\/15393"}],"wp:attachment":[{"href":"https:\/\/tvbrazilusa.com\/pt\/wp-json\/wp\/v2\/media?parent=25300"}],"wp:term":[{"taxonomy":"category","embeddable":true,"href":"https:\/\/tvbrazilusa.com\/pt\/wp-json\/wp\/v2\/categories?post=25300"},{"taxonomy":"post_tag","embeddable":true,"href":"https:\/\/tvbrazilusa.com\/pt\/wp-json\/wp\/v2\/tags?post=25300"}],"curies":[{"name":"wp","href":"https:\/\/api.w.org\/{rel}","templated":true}]}}