{"id":25334,"date":"2024-08-16T04:05:15","date_gmt":"2024-08-16T04:05:15","guid":{"rendered":"https:\/\/tvbrazilusa.com\/2024\/08\/16\/onibus-escolar-pega-fogo-na-i-95-no-condado-de-brevard-nenhum-ferimento-relatado-wsvn-7news-noticias-de-miami-clima-esportes-fort-lauderdale\/"},"modified":"2024-08-16T04:16:58","modified_gmt":"2024-08-16T04:16:58","slug":"onibus-escolar-pega-fogo-na-i-95-no-condado-de-brevard-nenhum-ferimento-relatado-wsvn-7news-noticias-de-miami-clima-esportes-fort-lauderdale","status":"publish","type":"post","link":"https:\/\/tvbrazilusa.com\/pt\/2024\/08\/16\/onibus-escolar-pega-fogo-na-i-95-no-condado-de-brevard-nenhum-ferimento-relatado-wsvn-7news-noticias-de-miami-clima-esportes-fort-lauderdale\/","title":{"rendered":"\u00d4nibus escolar pega fogo na I-95 no Condado de Brevard; nenhum ferimento relatado &#8211; WSVN 7News | Not\u00edcias de Miami, Clima, Esportes | Fort Lauderdale"},"content":{"rendered":"<p> <script async src=\"https:\/\/pagead2.googlesyndication.com\/pagead\/js\/adsbygoogle.js?client=ca-pub-8864793242727901\"\r\n     crossorigin=\"anonymous\"><\/script><br \/>\n<\/p>\n<div itemprop=\"articleBody\">\n<p>MELBOURNE, Fl\u00f3rida (WSVN) \u2014 O dia escolar de alguns estudantes da Fl\u00f3rida Central come\u00e7ou de forma assustadora quando um inc\u00eandio come\u00e7ou no \u00f4nibus deles.<\/p>\n<p>Imagens capturaram colunas de fuma\u00e7a escura saindo do \u00f4nibus pela rodovia Interestadual 95, na sa\u00edda da Palm Bay Road, no Condado de Brevard, na manh\u00e3 de quinta-feira.<\/p>\n<p>O motorista conseguiu parar no acostamento e tirar as crian\u00e7as do \u00f4nibus em seguran\u00e7a antes que as chamas consumissem o \u00f4nibus.<\/p>\n<p>Um dos estudantes fez uma chamada de v\u00eddeo para sua m\u00e3e enquanto as chamas come\u00e7avam.<\/p>\n<p>\u201cEle estava nos mostrando um \u00f4nibus cheio de fogo atr\u00e1s dele, e qualquer m\u00e3e pode atestar, seu cora\u00e7\u00e3o literalmente sai do seu corpo\u201d, disse o pai preocupado.<\/p>\n<p>O \u00f4nibus foi incendiado. Autoridades da escola acham que um problema el\u00e9trico causou o inc\u00eandio.<\/p>\n<p><em>Copyright 2024 Sunbeam Television Corp. Todos os direitos reservados. Este material n\u00e3o pode ser publicado, transmitido, reescrito ou redistribu\u00eddo.<\/em><\/p>\n<div class=\"wp-block-newsletter\">\n\t<strong class=\"wp-block-newsletter__title\">Inscreva-se em nossa Newsletter para receber as \u00faltimas not\u00edcias diretamente na sua caixa de entrada<\/strong><\/p>\n<\/div><\/div>\n<p><br \/>\n<br \/><a href=\"https:\/\/wsvn.com\/news\/local\/florida\/school-bus-catches-fire-on-i-95-in-brevard-county-no-injuries-reported\/\">Source link <\/a><\/p>","protected":false},"excerpt":{"rendered":"<p>MELBOURNE, Fl\u00f3rida (WSVN) \u2014 O dia escolar de alguns estudantes da Fl\u00f3rida Central come\u00e7ou de forma assustadora quando um inc\u00eandio come\u00e7ou no \u00f4nibus deles. Imagens capturaram colunas de fuma\u00e7a escura&hellip;<\/p>","protected":false},"author":1,"featured_media":25335,"comment_status":"closed","ping_status":"open","sticky":false,"template":"","format":"standard","meta":{"content-type":"","footnotes":""},"categories":[1],"tags":[],"class_list":["post-25334","post","type-post","status-publish","format-standard","has-post-thumbnail","hentry","category-uncategorized"],"_links":{"self":[{"href":"https:\/\/tvbrazilusa.com\/pt\/wp-json\/wp\/v2\/posts\/25334","targetHints":{"allow":["GET"]}}],"collection":[{"href":"https:\/\/tvbrazilusa.com\/pt\/wp-json\/wp\/v2\/posts"}],"about":[{"href":"https:\/\/tvbrazilusa.com\/pt\/wp-json\/wp\/v2\/types\/post"}],"author":[{"embeddable":true,"href":"https:\/\/tvbrazilusa.com\/pt\/wp-json\/wp\/v2\/users\/1"}],"replies":[{"embeddable":true,"href":"https:\/\/tvbrazilusa.com\/pt\/wp-json\/wp\/v2\/comments?post=25334"}],"version-history":[{"count":1,"href":"https:\/\/tvbrazilusa.com\/pt\/wp-json\/wp\/v2\/posts\/25334\/revisions"}],"predecessor-version":[{"id":25336,"href":"https:\/\/tvbrazilusa.com\/pt\/wp-json\/wp\/v2\/posts\/25334\/revisions\/25336"}],"wp:featuredmedia":[{"embeddable":true,"href":"https:\/\/tvbrazilusa.com\/pt\/wp-json\/wp\/v2\/media\/25335"}],"wp:attachment":[{"href":"https:\/\/tvbrazilusa.com\/pt\/wp-json\/wp\/v2\/media?parent=25334"}],"wp:term":[{"taxonomy":"category","embeddable":true,"href":"https:\/\/tvbrazilusa.com\/pt\/wp-json\/wp\/v2\/categories?post=25334"},{"taxonomy":"post_tag","embeddable":true,"href":"https:\/\/tvbrazilusa.com\/pt\/wp-json\/wp\/v2\/tags?post=25334"}],"curies":[{"name":"wp","href":"https:\/\/api.w.org\/{rel}","templated":true}]}}