{"id":25435,"date":"2024-08-16T14:57:09","date_gmt":"2024-08-16T14:57:09","guid":{"rendered":"https:\/\/tvbrazilusa.com\/2024\/08\/16\/pesquisa-nacional-de-emerson-mostra-harris-com-vantagem-sobre-trump\/"},"modified":"2024-08-16T15:21:31","modified_gmt":"2024-08-16T15:21:31","slug":"pesquisa-nacional-de-emerson-mostra-harris-com-vantagem-sobre-trump","status":"publish","type":"post","link":"https:\/\/tvbrazilusa.com\/pt\/2024\/08\/16\/pesquisa-nacional-de-emerson-mostra-harris-com-vantagem-sobre-trump\/","title":{"rendered":"Pesquisa nacional de Emerson mostra Harris com vantagem sobre Trump"},"content":{"rendered":"<p> <script async src=\"https:\/\/pagead2.googlesyndication.com\/pagead\/js\/adsbygoogle.js?client=ca-pub-8864793242727901\"\r\n     crossorigin=\"anonymous\"><\/script><br \/>\n<\/p>\n<div id=\"\">\n<header class=\"m-article-header m-article-header--standard\">\n\t\t\t\t\t\t\t\t\t\t\t\t<span id=\"article-header-primary-term\"><br \/>\n\t\t\t\t\t\t\t\t<a class=\"a-term a-term--primary\" href=\"https:\/\/www.boston.com\/tag\/politics\/\"><\/p>\n<p>\t\t\t\t\t\t\t\tPol\u00edtica\t\t\t\t\t\t\t\t<\/a><br \/>\n\t\t\t\t\t\t\t<\/span><\/p>\n<h2 class=\"m-article-header__sub-headline\">A pesquisa \u00e9 a primeira da Emerson ap\u00f3s a decis\u00e3o do presidente Joe Biden de abandonar a disputa.<\/h2>\n<figure class=\"a-photo m-article-header__photo\"><figcaption class=\"a-photo__caption\">\n<p>\tA vice-presidente Kamala Harris, candidata presidencial democrata, discursa durante um evento de campanha no Prince George&#39;s Community College em Largo, Maryland, na quinta-feira, 15 de agosto de 2024.<em> Eric Lee \/ The New York Times<\/em>\t<\/figcaption><\/figure>\n<\/header>\n<p>Uma pesquisa nacional da Emerson College Polling divulgada na quinta-feira descobriu que a vice-presidente Kamala Harris estava \u00e0 frente do ex-presidente Donald Trump por 50% a 46%.<\/p>\n<p>O <a href=\"https:\/\/emersoncollegepolling.com\/august-2024-national-poll-harris-50-trump-46\/\">enquete<\/a>que \u00e9 a primeira pesquisa da Emerson ap\u00f3s a decis\u00e3o do presidente Joe Biden de <a href=\"https:\/\/www.boston.com\/news\/politics\/2024\/07\/21\/president-joe-biden-drops-out-of-the-2024-race-after-disastrous-debate-inflamed-age-concerns\/\">desistir da corrida<\/a>incluiu apenas \u201celeitores muito prov\u00e1veis\u201d em sua an\u00e1lise.<\/p>\n<figure class=\"wp-block-image size-full\"><img loading=\"lazy\" decoding=\"async\" width=\"1600\" height=\"707\" src=\"https:\/\/bdc2020.o0bc.com\/wp-content\/uploads\/2024\/08\/unnamed-1-66bf5b3be6723.png\" alt=\"\" class=\"wp-image-31266386\" srcset=\"https:\/\/bdc2020.o0bc.com\/wp-content\/uploads\/2024\/08\/unnamed-1-66bf5b3be6723.png?width=200 200w, https:\/\/bdc2020.o0bc.com\/wp-content\/uploads\/2024\/08\/unnamed-1-66bf5b3be6723.png?width=300 300w, https:\/\/bdc2020.o0bc.com\/wp-content\/uploads\/2024\/08\/unnamed-1-66bf5b3be6723.png?width=400 400w, https:\/\/bdc2020.o0bc.com\/wp-content\/uploads\/2024\/08\/unnamed-1-66bf5b3be6723.png?width=500 500w, https:\/\/bdc2020.o0bc.com\/wp-content\/uploads\/2024\/08\/unnamed-1-66bf5b3be6723.png?width=600 600w, https:\/\/bdc2020.o0bc.com\/wp-content\/uploads\/2024\/08\/unnamed-1-66bf5b3be6723.png?width=700 700w, https:\/\/bdc2020.o0bc.com\/wp-content\/uploads\/2024\/08\/unnamed-1-66bf5b3be6723.png?width=800 800w, https:\/\/bdc2020.o0bc.com\/wp-content\/uploads\/2024\/08\/unnamed-1-66bf5b3be6723.png?width=900 900w\" sizes=\"auto, (max-width: 1600px) 100vw, 1600px\"\/><\/figure>\n<p>Cinco por cento dos prov\u00e1veis \u200b\u200beleitores estavam indecisos e, ao alocar o apoio dos eleitores indecisos, Harris liderava por 52% a 48%.<\/p>\n<p>Ao contabilizar candidatos de terceiros, o candidato presidencial independente Robert F. Kennedy Jr. obteve 4% de apoio, deixando Harris com 48% e Trump com 44%.<\/p>\n<p><a href=\"https:\/\/emersoncollegepolling.com\/july-2024-national-poll-trump-46-biden-43\/\">Enquete do m\u00eas passado<\/a> descobriu que Trump estava \u00e0 frente de Biden por 46% a 43%, com 11% indecisos. <\/p>\n<p>O diretor executivo da Emerson College Polling, Spencer Kimball, relatou que os prov\u00e1veis \u200b\u200beleitores com menos de 30 anos est\u00e3o mudando para Harris em nove pontos e os eleitores com mais de 70 anos est\u00e3o apoiando Harris em vez de Trump, 51% a 48%. Os independentes tamb\u00e9m est\u00e3o se inclinando para Harris, 46% a 45%, disse ele no relat\u00f3rio.<\/p>\n<figure class=\"wp-block-image size-full\"><img loading=\"lazy\" decoding=\"async\" width=\"1500\" height=\"880\" src=\"https:\/\/bdc2020.o0bc.com\/wp-content\/uploads\/2024\/08\/unnamed-2-66bf5b55426c3.png\" alt=\"\" class=\"wp-image-31266398\" srcset=\"https:\/\/bdc2020.o0bc.com\/wp-content\/uploads\/2024\/08\/unnamed-2-66bf5b55426c3.png?width=200 200w, https:\/\/bdc2020.o0bc.com\/wp-content\/uploads\/2024\/08\/unnamed-2-66bf5b55426c3.png?width=300 300w, https:\/\/bdc2020.o0bc.com\/wp-content\/uploads\/2024\/08\/unnamed-2-66bf5b55426c3.png?width=400 400w, https:\/\/bdc2020.o0bc.com\/wp-content\/uploads\/2024\/08\/unnamed-2-66bf5b55426c3.png?width=500 500w, https:\/\/bdc2020.o0bc.com\/wp-content\/uploads\/2024\/08\/unnamed-2-66bf5b55426c3.png?width=600 600w, https:\/\/bdc2020.o0bc.com\/wp-content\/uploads\/2024\/08\/unnamed-2-66bf5b55426c3.png?width=700 700w, https:\/\/bdc2020.o0bc.com\/wp-content\/uploads\/2024\/08\/unnamed-2-66bf5b55426c3.png?width=800 800w, https:\/\/bdc2020.o0bc.com\/wp-content\/uploads\/2024\/08\/unnamed-2-66bf5b55426c3.png?width=900 900w\" sizes=\"auto, (max-width: 1500px) 100vw, 1500px\"\/><\/figure>\n<p>Cinquenta e um por cento dos eleitores tinham uma \u201cvis\u00e3o favor\u00e1vel\u201d de Harris, enquanto 45% tinham uma \u201cvis\u00e3o favor\u00e1vel\u201d de Trump, e 49% tinham uma \u201cvis\u00e3o desfavor\u00e1vel\u201d de Harris, enquanto 54% tinham uma \u201cvis\u00e3o desfavor\u00e1vel\u201d de Trump.<\/p>\n<p>Trinta e nove por cento dos eleitores tinham uma \u201cvis\u00e3o favor\u00e1vel\u201d dos candidatos a vice-presidente Tim Walz e JD Vance, com 39% tendo uma \u201cvis\u00e3o desfavor\u00e1vel\u201d de Walz e 49% com uma \u201cvis\u00e3o desfavor\u00e1vel\u201d de Vance. Vinte e dois por cento nunca tinham ouvido falar de Walz, enquanto 12% nunca tinham ouvido falar de Vance.<\/p>\n<p>Quarenta por cento dos eleitores disseram que a economia era a \u201cquest\u00e3o mais importante que a na\u00e7\u00e3o enfrenta\u201d, seguida pela imigra\u00e7\u00e3o com 17%, amea\u00e7as \u00e0 democracia com 12%, acessibilidade \u00e0 moradia com 7% e assist\u00eancia m\u00e9dica com 7%. <\/p>\n<p>Noventa e tr\u00eas por cento dos eleitores estavam \u201cextremamente\u201d ou \u201cmuito motivados\u201d para votar neste ciclo eleitoral.<\/p>\n<p>\u201cEmbora a parcela geral de prov\u00e1veis \u200b\u200beleitores motivados a votar tenha tido pouca movimenta\u00e7\u00e3o, os eleitores negros que dizem estar &#39;extremamente&#39; ou &#39;muito&#39; motivados a votar em novembro aumentaram onze pontos, de 80% para 91%\u201d, disse Kimball. <\/p>\n<div class=\"m-block m-generic-cta\t m-generic-cta--post-content\t m-generic-cta--dark\t m-generic-cta--homepage\t m-generic-cta--email-signup\t\t m-generic-cta-block-style--default \tt-amp__generic-cta\"><\/p>\n<div class=\"m-generic-cta__wrap\">\n<div class=\"m-generic-cta__content\">\n<h3 class=\"m-generic-cta__title\">Boston.com Hoje<\/h3>\n<p class=\"m-generic-cta__subtitle\">Inscreva-se para receber as \u00faltimas manchetes na sua caixa de entrada todas as manh\u00e3s.<\/p>\n<\/p><\/div>\n<\/p><\/div>\n<\/div><\/div>\n<p><script>\n\t\tvar consent=\"grant\";\n\t\t\/* The above code is parsing the JSON data from the local storage and storing it in a variable. *\/\n\t\t\t\t\tconst onetrustStorageConsent = JSON.parse(localStorage.getItem( 'consent_one_trust_bdc' ) );\n\t\t\tif ( ( onetrustStorageConsent !== null ) ) {\n\t\t\t\t\/* Checking to see if the user has consented to the use of cookies.\n\t\t\t\t* If they have not, it is deleting the cookie.\n\t\t\t\t* This will comment for now, until further notice.\n\t\t\t\t*\/\n\t\t\t\t\/\/if ( onetrustStorageConsent.C0002 === false ) {\n\t\t\t\t\/\/\tdocument.cookie=\"_fbp=;expires=Thu, 01 Jan 2010 00:00:00 UTC; path=\/; domain=.boston.com\";\n\t\t\t\t\/\/}\n\t\t\t\t\/* Checking if the user has given consent for the cookie C0002.\n\t\t\t\t* If the user has given consent, the variable consent will be set to 'grant'.\n\t\t\t\t* If the user has not given consent,the variable consent will be set to 'revoke'.\n\t\t\t\t* Documentation https:\/\/developers.facebook.com\/docs\/meta-pixel\/implementation\/gdpr\n\t\t\t\t*\/\n\t\t\t\tif ( onetrustStorageConsent.C0002 !== true ) {\n\t\t\t\t\tconsent=\"revoke\";\n\t\t\t\t}\n\t\t\t}\n\t\t\t\t!function(f,b,e,v,n,t,s)\n\t\t{if(f.fbq)return;n=f.fbq=function(){n.callMethod?\n\t\tn.callMethod.apply(n,arguments):n.queue.push(arguments)};\n\t\tif(!f._fbq)f._fbq=n;n.push=n;n.loaded=!0;n.version='2.0';\n\t\tn.queue=[];t=b.createElement(e);t.async=!0;\n\t\tt.src=v;s=b.getElementsByTagName(e)[0];\n\t\ts.parentNode.insertBefore(t,s)}(window, document,'script',\n\t\t'https:\/\/connect.facebook.net\/en_US\/fbevents.js');\n\t\tfbq('consent', consent);\n\t\tfbq('init', '989222871864976');\n\t\tfbq('track', 'PageView');\n\t<\/script><script type=\"module\">\n\t\tvar consent=\"grant\";\n\t\t\/* The above code is parsing the JSON data from the local storage and storing it in a variable. *\/\n\t\t\tconst onetrustStorageConsent = JSON.parse(localStorage.getItem( 'consent_one_trust_bdc' ) );\n\t\t\t\/* Checking to see if the user has consented to the use of cookies.\n\t\t\t* If they have not, it is deleting the cookie.\n\t\t\t* This will comment for now, until further notice.\n\t\t\t*\/\n\t\t\t\/\/if ( onetrustStorageConsent.C0002 === false ) {\n\t\t\t\/\/\tdocument.cookie=\"_fbp=;expires=Thu, 01 Jan 2010 00:00:00 UTC; path=\/; domain=.boston.com\";\n\t\t\t\/\/}\n\t\t\t\/* Checking if the user has given consent for the cookie C0002.\n\t\t\t* If the user has given consent, the variable consent will be set to 'grant'.\n\t\t\t* If the user has not given consent,the variable consent will be set to 'revoke'.\n\t\t\t* Documentation https:\/\/developers.facebook.com\/docs\/meta-pixel\/implementation\/gdpr\n\t\t\t*\/\n\t\t\tif ( ( onetrustStorageConsent !== null ) && (onetrustStorageConsent.C0002 !== true ) ) {\n\t\t\t\tconsent=\"revoke\";\n\t\t\t}\n\t\t\t\t!function(f,b,e,v,n,t,s){if(f.fbq)return;n=f.fbq=function()\n\t\t{n.callMethod? n.callMethod.apply(n,arguments):n.queue.push(arguments)}\n\t\t;if(!f._fbq)f._fbq=n;\n\t\tn.push=n;n.loaded=!0;n.version='2.0';n.queue=[];t=b.createElement(e);t.async=!0;\n\t\tt.src=v;s=b.getElementsByTagName(e)[0];s.parentNode.insertBefore(t,s)}(window,\n\t\tdocument,'script','https:\/\/connect.facebook.net\/en_US\/fbevents.js');\n\t\tfbq('consent', consent);\n\t\tfbq('init', '813236348753005');\n\t\tfbq('track', \"PageView\");\n\t<\/script><br \/>\n<br \/><br \/>\n<br \/><a href=\"https:\/\/www.boston.com\/news\/politics\/2024\/08\/16\/emerson-national-poll-finds-harris-with-a-lead-on-trump\/\">Source link <\/a><\/p>","protected":false},"excerpt":{"rendered":"<p>Pol\u00edtica A pesquisa \u00e9 a primeira da Emerson ap\u00f3s a decis\u00e3o do presidente Joe Biden de abandonar a disputa. A vice-presidente Kamala Harris, candidata presidencial democrata, discursa durante um evento&hellip;<\/p>","protected":false},"author":1,"featured_media":25436,"comment_status":"closed","ping_status":"open","sticky":false,"template":"","format":"standard","meta":{"content-type":"","footnotes":""},"categories":[1],"tags":[],"class_list":["post-25435","post","type-post","status-publish","format-standard","has-post-thumbnail","hentry","category-uncategorized"],"_links":{"self":[{"href":"https:\/\/tvbrazilusa.com\/pt\/wp-json\/wp\/v2\/posts\/25435","targetHints":{"allow":["GET"]}}],"collection":[{"href":"https:\/\/tvbrazilusa.com\/pt\/wp-json\/wp\/v2\/posts"}],"about":[{"href":"https:\/\/tvbrazilusa.com\/pt\/wp-json\/wp\/v2\/types\/post"}],"author":[{"embeddable":true,"href":"https:\/\/tvbrazilusa.com\/pt\/wp-json\/wp\/v2\/users\/1"}],"replies":[{"embeddable":true,"href":"https:\/\/tvbrazilusa.com\/pt\/wp-json\/wp\/v2\/comments?post=25435"}],"version-history":[{"count":1,"href":"https:\/\/tvbrazilusa.com\/pt\/wp-json\/wp\/v2\/posts\/25435\/revisions"}],"predecessor-version":[{"id":25437,"href":"https:\/\/tvbrazilusa.com\/pt\/wp-json\/wp\/v2\/posts\/25435\/revisions\/25437"}],"wp:featuredmedia":[{"embeddable":true,"href":"https:\/\/tvbrazilusa.com\/pt\/wp-json\/wp\/v2\/media\/25436"}],"wp:attachment":[{"href":"https:\/\/tvbrazilusa.com\/pt\/wp-json\/wp\/v2\/media?parent=25435"}],"wp:term":[{"taxonomy":"category","embeddable":true,"href":"https:\/\/tvbrazilusa.com\/pt\/wp-json\/wp\/v2\/categories?post=25435"},{"taxonomy":"post_tag","embeddable":true,"href":"https:\/\/tvbrazilusa.com\/pt\/wp-json\/wp\/v2\/tags?post=25435"}],"curies":[{"name":"wp","href":"https:\/\/api.w.org\/{rel}","templated":true}]}}