{"id":25488,"date":"2024-08-16T17:07:28","date_gmt":"2024-08-16T17:07:28","guid":{"rendered":"https:\/\/tvbrazilusa.com\/2024\/08\/16\/o-apelo-do-vereador-para-que-eventos-no-centro-da-cidade-sejam-cancelados-atrai-resistencia-de-colegas-e-do-prefeito-wu\/"},"modified":"2024-08-16T17:10:24","modified_gmt":"2024-08-16T17:10:24","slug":"o-apelo-do-vereador-para-que-eventos-no-centro-da-cidade-sejam-cancelados-atrai-resistencia-de-colegas-e-do-prefeito-wu","status":"publish","type":"post","link":"https:\/\/tvbrazilusa.com\/pt\/2024\/08\/16\/o-apelo-do-vereador-para-que-eventos-no-centro-da-cidade-sejam-cancelados-atrai-resistencia-de-colegas-e-do-prefeito-wu\/","title":{"rendered":"O apelo do vereador para que eventos no centro da cidade sejam cancelados atrai resist\u00eancia de colegas e do prefeito Wu"},"content":{"rendered":"<p> <script async src=\"https:\/\/pagead2.googlesyndication.com\/pagead\/js\/adsbygoogle.js?client=ca-pub-8864793242727901\"\r\n     crossorigin=\"anonymous\"><\/script><br \/>\n<\/p>\n<div id=\"\">\n<header class=\"m-article-header m-article-header--standard\">\n\t\t\t\t\t\t\t\t\t\t\t\t<span id=\"article-header-primary-term\"><br \/>\n\t\t\t\t\t\t\t\t<a class=\"a-term a-term--primary\" href=\"https:\/\/www.boston.com\/tag\/local-news\/\"><\/p>\n<p>\t\t\t\t\t\t\t\tNot\u00edcias locais\t\t\t\t\t\t\t\t<\/a><br \/>\n\t\t\t\t\t\t\t<\/span><\/p>\n<h2 class=\"m-article-header__sub-headline\">Ap\u00f3s um esfaqueamento em Downtown Crossing, o vereador Ed Flynn disse que eventos j\u00e1 programados na \u00e1rea n\u00e3o deveriam ocorrer.<\/h2>\n<figure class=\"a-photo m-article-header__photo\"><figcaption class=\"a-photo__caption\">\n<p>\tHavia sangue espalhado na cal\u00e7ada perto da entrada da loja da AT&#038;T em Downtown Crossing depois que um homem foi esfaqueado no local esta semana. <em> Sabrina Lam\/Boston Globe<\/em>\t<\/figcaption><\/figure>\n<\/header>\n<p>Um membro do Conselho Municipal de Boston sugeriu esta semana que alguns eventos no centro da cidade deveriam ser adiados ou cancelados devido a quest\u00f5es de seguran\u00e7a, expondo diverg\u00eancias entre algumas autoridades eleitas da cidade. <\/p>\n<p>Na quarta-feira \u00e0 noite, em resposta a uma reportagem sobre <a href=\"https:\/\/www.bostonherald.com\/2024\/08\/14\/man-barely-survives-downtown-crossing-stabbing-suspect-in-custody\/?utm_source=twitter.com&#038;utm_medium=social&#038;utm_content=tw-bostonherald&#038;utm_campaign=socialflow\">uma facada<\/a> em Downtown Crossing, o vereador Ed Flynn disse em uma postagem no X que alguns eventos j\u00e1 programados no Boston Common n\u00e3o deveriam ocorrer. <\/p>\n<figure class=\"wp-block-embed is-type-rich is-provider-twitter wp-block-embed-twitter\">\n<div class=\"wp-block-embed__wrapper\">\n<blockquote class=\"twitter-tweet\" data-width=\"500\" data-dnt=\"true\">\n<p lang=\"en\" dir=\"ltr\">Moradores, trabalhadores e turistas continuam me dizendo que n\u00e3o se sentem mais seguros em Downtown Crossing e Boston Common. Com v\u00e1rios eventos permitidos j\u00e1 agendados em Boston Common, recomendo que esses eventos n\u00e3o aconte\u00e7am. Muitas partes de Boston Common n\u00e3o s\u00e3o mais seguras! <a href=\"https:\/\/twitter.com\/hashtag\/bospoli?src=hash&#038;ref_src=twsrc%5Etfw\">#B\u00f3spoli<\/a> <a href=\"https:\/\/t.co\/tVx6Z1jaj4\">https:\/\/t.co\/tVx6Z1jaj4<\/a><\/p>\n<p>&#8211; Ed Flynn ( @EdforBoston ) <a href=\"https:\/\/twitter.com\/EdforBoston\/status\/1823881868397215963?ref_src=twsrc%5Etfw\">15 de agosto de 2024<\/a><\/p><\/blockquote>\n<\/div>\n<\/figure>\n<p>Flynn, um ex-presidente do Conselho Municipal, \u00e9 um dos mais francos defensores da pol\u00edcia e das medidas de seguran\u00e7a p\u00fablica entre seus colegas. Em um <a href=\"https:\/\/x.com\/EdforBoston\/status\/1824232463394025865\">postagem de acompanhamento<\/a> no dia seguinte, Flynn disse que n\u00e3o h\u00e1 policiais suficientes no centro da cidade, inclusive no Common. <\/p>\n<p>\u201cMuitas autoridades municipais n\u00e3o apoiam a pol\u00edcia e suas fam\u00edlias, e isso est\u00e1 afetando o recrutamento e a reten\u00e7\u00e3o\u201d, acrescentou. <\/p>\n<p>No in\u00edcio deste m\u00eas, Flynn apresentou <a href=\"https:\/\/boston.legistar.com\/LegislationDetail.aspx?ID=6817861&#038;GUID=59622A3A-EF9B-44C0-BEFE-144A424CC25B&#038;Options=ID%7CText%7C&#038;Search=staffing\">uma ordem de audi\u00eancia<\/a> para discutir preocupa\u00e7\u00f5es com pessoal dentro do Departamento de Pol\u00edcia de Boston. Um pico de aposentadoria volunt\u00e1ria e ren\u00fancias nos \u00faltimos anos est\u00e1 fazendo com que os policiais preencham as lacunas com horas extras obrigat\u00f3rias. Policiais sobrecarregados est\u00e3o ficando emocional e fisicamente exaustos, potencialmente prejudicando sua capacidade de interagir com o p\u00fablico e responder a atividades criminosas, de acordo com a ordem. Oito outros vereadores assinaram como copatrocinadores. <\/p>\n<p>Um porta-voz do BPD n\u00e3o respondeu imediatamente a um pedido de coment\u00e1rio na sexta-feira.<\/p>\n<p>Os coment\u00e1rios de Flynn sobre possivelmente cancelar eventos no centro da cidade irritaram a Prefeitura. Em resposta a um relat\u00f3rio sobre seus coment\u00e1rios, o vereador Henry Santana divulgou uma declara\u00e7\u00e3o em apoio a eventos p\u00fablicos na \u00e1rea. <\/p>\n<p>Embora as estat\u00edsticas policiais mostrem que o centro da cidade \u00e9 uma \u00e1rea segura, ainda h\u00e1 preocupa\u00e7\u00f5es de seguran\u00e7a l\u00e1 que s\u00e3o \u201cmais pronunciadas\u201d do que nos \u00faltimos anos, disse Santana. Mas cancelar eventos n\u00e3o seria uma resposta eficaz. <\/p>\n<p>\u201cAcredito que eventos p\u00fablicos no Boston Common e no Downtown Crossing s\u00e3o parte da solu\u00e7\u00e3o, n\u00e3o do problema. Esses eventos trazem energia positiva e atividade muito necess\u00e1ria para o centro e nossa cidade, apoiando empresas locais e refor\u00e7ando nossa ind\u00fastria de turismo\u201d, disse Santana em <a href=\"https:\/\/x.com\/ClrHenrySantana\/status\/1824222905930063983\">sua declara\u00e7\u00e3o<\/a>. <\/p>\n<p>A presidente do conselho, Ruthzee Louijeune, tamb\u00e9m pareceu responder a Flynn, embora de forma mais atrevida e concisa, ao promover um festival para jovens que ocorreu no centro da cidade esta semana. <\/p>\n<figure class=\"wp-block-embed is-type-rich is-provider-twitter wp-block-embed-twitter\"\/>\n<p>A prefeita Michelle Wu e sua administra\u00e7\u00e3o n\u00e3o est\u00e3o considerando os coment\u00e1rios de Flynn &#8220;como um pedido s\u00e9rio&#8221;, disse um porta-voz ao Boston.com em um comunicado. <\/p>\n<p>\u201cBoston \u00e9 a cidade grande mais segura do pa\u00eds, com um hist\u00f3rico recorde de baixa criminalidade em toda a cidade, gra\u00e7as ao trabalho duro de policiais e moradores por meio do policiamento comunit\u00e1rio e nossa abordagem dedicada para acabar com a viol\u00eancia por meio de esfor\u00e7os coordenados, baseados em dados e durante todo o ano\u201d, disse o porta-voz da cidade. \u201cOs tiroteios est\u00e3o muito baixos, os homic\u00eddios deste ano est\u00e3o 75% abaixo da m\u00e9dia de cinco anos em Boston \u2014 no n\u00edvel mais baixo de qualquer cidade grande \u2014 e a pol\u00edcia de Boston tem sido extremamente eficaz em fazer pris\u00f5es quando incidentes acontecem, incluindo mais recentemente em Downtown Crossing.\u201d<\/p>\n<p>Notavelmente, Boston viu um grande <a href=\"https:\/\/www.boston.com\/news\/local-news\/2024\/01\/16\/da-bostons-murder-rate-hits-record-low\/\">decl\u00ednio nos homic\u00eddios<\/a>. No in\u00edcio de julho, Boston estava<a href=\"https:\/\/www.bostonglobe.com\/2024\/07\/12\/metro\/boston-violent-crime-declines\/?p1=Article_Inline_Text_Link\"> a caminho de registrar a menor taxa de homic\u00eddios<\/a> na hist\u00f3ria recente. Al\u00e9m do trabalho do BPD, os especialistas tamb\u00e9m citam a rede hospitalar de classe mundial de Boston, o envelhecimento da popula\u00e7\u00e3o e a taxa relativamente baixa de posse de armas como fatores, de acordo com um<a href=\"https:\/\/www.bostonglobe.com\/2024\/07\/17\/metro\/is-boston-safe-what-crime-rate-data-shows-massachusetts\/\"><em>  Globo de Boston<\/em><\/a>  relat\u00f3rio. <\/p>\n<p>Em sua declara\u00e7\u00e3o p\u00fablica, Wu mencionou eventos como a premia\u00e7\u00e3o anual do Concurso de Jardins do Prefeito e produ\u00e7\u00f5es de Shakespeare no Boston Common.<\/p>\n<p>\u201cDamos as boas-vindas ao vereador para que ele entre na comunidade e se junte aos milhares de moradores e visitantes que t\u00eam aproveitado nossa cidade neste ver\u00e3o nesses eventos divertidos e inclusivos\u201d, disse Wu em um comunicado, referindo-se a Flynn. <\/p>\n<p>Flynn respondeu a Wu na sexta-feira, chamando a aten\u00e7\u00e3o para a crise atual em torno da Steward Health Care e, especificamente, para o fechamento iminente do Hospital Carney em Dorchester. <\/p>\n<p>Flynn e seus colegas <a href=\"https:\/\/www.boston.com\/news\/local-news\/2024\/08\/08\/city-council-calls-for-public-health-emergency-over-closing-of-carney-hospital\/\">passou esmagadoramente<\/a> uma resolu\u00e7\u00e3o na semana passada instando Wu a declarar uma emerg\u00eancia de sa\u00fade p\u00fablica. O gabinete de Wu disse que tal declara\u00e7\u00e3o \u201cn\u00e3o criaria nenhuma nova autoridade ou recursos no n\u00edvel local para lidar com esta crise\u201d.<\/p>\n<figure class=\"wp-block-embed is-type-rich is-provider-twitter wp-block-embed-twitter\">\n<div class=\"wp-block-embed__wrapper\">\n<blockquote class=\"twitter-tweet\" data-width=\"500\" data-dnt=\"true\">\n<p lang=\"en\" dir=\"ltr\">A prefeita Wu me chamou para n\u00e3o comparecer \u00e0 celebra\u00e7\u00e3o do concurso de jardinagem dela na ter\u00e7a-feira \u00e0 noite. Na mesma hora, eu estava em uma reuni\u00e3o comunit\u00e1ria de 3 horas com 500 moradores tentando salvar o Hospital Carney. A prefeita n\u00e3o compareceu a essa reuni\u00e3o importante. O jogo da culpa n\u00e3o funciona! <a href=\"https:\/\/t.co\/vAHb6ko2YD\">https:\/\/t.co\/vAHb6ko2YD<\/a><\/p>\n<p>&#8211; Ed Flynn ( @EdforBoston ) <a href=\"https:\/\/twitter.com\/EdforBoston\/status\/1824430576822001981?ref_src=twsrc%5Etfw\">16 de agosto de 2024<\/a><\/p><\/blockquote>\n<\/div>\n<\/figure>\n<div class=\"m-block m-generic-cta\t m-generic-cta--post-content\t m-generic-cta--dark\t m-generic-cta--homepage\t m-generic-cta--email-signup\t\t m-generic-cta-block-style--default \tt-amp__generic-cta\"><\/p>\n<div class=\"m-generic-cta__wrap\">\n<div class=\"m-generic-cta__content\">\n<h3 class=\"m-generic-cta__title\">Boston.com Hoje<\/h3>\n<p class=\"m-generic-cta__subtitle\">Inscreva-se para receber as \u00faltimas manchetes na sua caixa de entrada todas as manh\u00e3s.<\/p>\n<\/p><\/div>\n<\/p><\/div>\n<\/div><\/div>\n<p><script async src=\"\/\/platform.twitter.com\/widgets.js\" charset=\"utf-8\"><\/script><script>\n\t\tvar consent=\"grant\";\n\t\t\/* The above code is parsing the JSON data from the local storage and storing it in a variable. *\/\n\t\t\t\t\tconst onetrustStorageConsent = JSON.parse(localStorage.getItem( 'consent_one_trust_bdc' ) );\n\t\t\tif ( ( onetrustStorageConsent !== null ) ) {\n\t\t\t\t\/* Checking to see if the user has consented to the use of cookies.\n\t\t\t\t* If they have not, it is deleting the cookie.\n\t\t\t\t* This will comment for now, until further notice.\n\t\t\t\t*\/\n\t\t\t\t\/\/if ( onetrustStorageConsent.C0002 === false ) {\n\t\t\t\t\/\/\tdocument.cookie=\"_fbp=;expires=Thu, 01 Jan 2010 00:00:00 UTC; path=\/; domain=.boston.com\";\n\t\t\t\t\/\/}\n\t\t\t\t\/* Checking if the user has given consent for the cookie C0002.\n\t\t\t\t* If the user has given consent, the variable consent will be set to 'grant'.\n\t\t\t\t* If the user has not given consent,the variable consent will be set to 'revoke'.\n\t\t\t\t* Documentation https:\/\/developers.facebook.com\/docs\/meta-pixel\/implementation\/gdpr\n\t\t\t\t*\/\n\t\t\t\tif ( onetrustStorageConsent.C0002 !== true ) {\n\t\t\t\t\tconsent=\"revoke\";\n\t\t\t\t}\n\t\t\t}\n\t\t\t\t!function(f,b,e,v,n,t,s)\n\t\t{if(f.fbq)return;n=f.fbq=function(){n.callMethod?\n\t\tn.callMethod.apply(n,arguments):n.queue.push(arguments)};\n\t\tif(!f._fbq)f._fbq=n;n.push=n;n.loaded=!0;n.version='2.0';\n\t\tn.queue=[];t=b.createElement(e);t.async=!0;\n\t\tt.src=v;s=b.getElementsByTagName(e)[0];\n\t\ts.parentNode.insertBefore(t,s)}(window, document,'script',\n\t\t'https:\/\/connect.facebook.net\/en_US\/fbevents.js');\n\t\tfbq('consent', consent);\n\t\tfbq('init', '989222871864976');\n\t\tfbq('track', 'PageView');\n\t<\/script><script type=\"module\">\n\t\tvar consent=\"grant\";\n\t\t\/* The above code is parsing the JSON data from the local storage and storing it in a variable. *\/\n\t\t\tconst onetrustStorageConsent = JSON.parse(localStorage.getItem( 'consent_one_trust_bdc' ) );\n\t\t\t\/* Checking to see if the user has consented to the use of cookies.\n\t\t\t* If they have not, it is deleting the cookie.\n\t\t\t* This will comment for now, until further notice.\n\t\t\t*\/\n\t\t\t\/\/if ( onetrustStorageConsent.C0002 === false ) {\n\t\t\t\/\/\tdocument.cookie=\"_fbp=;expires=Thu, 01 Jan 2010 00:00:00 UTC; path=\/; domain=.boston.com\";\n\t\t\t\/\/}\n\t\t\t\/* Checking if the user has given consent for the cookie C0002.\n\t\t\t* If the user has given consent, the variable consent will be set to 'grant'.\n\t\t\t* If the user has not given consent,the variable consent will be set to 'revoke'.\n\t\t\t* Documentation https:\/\/developers.facebook.com\/docs\/meta-pixel\/implementation\/gdpr\n\t\t\t*\/\n\t\t\tif ( ( onetrustStorageConsent !== null ) && (onetrustStorageConsent.C0002 !== true ) ) {\n\t\t\t\tconsent=\"revoke\";\n\t\t\t}\n\t\t\t\t!function(f,b,e,v,n,t,s){if(f.fbq)return;n=f.fbq=function()\n\t\t{n.callMethod? n.callMethod.apply(n,arguments):n.queue.push(arguments)}\n\t\t;if(!f._fbq)f._fbq=n;\n\t\tn.push=n;n.loaded=!0;n.version='2.0';n.queue=[];t=b.createElement(e);t.async=!0;\n\t\tt.src=v;s=b.getElementsByTagName(e)[0];s.parentNode.insertBefore(t,s)}(window,\n\t\tdocument,'script','https:\/\/connect.facebook.net\/en_US\/fbevents.js');\n\t\tfbq('consent', consent);\n\t\tfbq('init', '813236348753005');\n\t\tfbq('track', \"PageView\");\n\t<\/script><br \/>\n<br \/><br \/>\n<br \/><a href=\"https:\/\/www.boston.com\/news\/local-news\/2024\/08\/16\/city-councilors-call-for-downtown-events-to-be-canceled-draws-pushback-from-colleagues-mayor-wu\/\">Source link <\/a><\/p>","protected":false},"excerpt":{"rendered":"<p>Not\u00edcias locais Ap\u00f3s um esfaqueamento em Downtown Crossing, o vereador Ed Flynn disse que eventos j\u00e1 programados na \u00e1rea n\u00e3o deveriam ocorrer. Havia sangue espalhado na cal\u00e7ada perto da entrada&hellip;<\/p>","protected":false},"author":1,"featured_media":25489,"comment_status":"closed","ping_status":"open","sticky":false,"template":"","format":"standard","meta":{"content-type":"","footnotes":""},"categories":[1],"tags":[],"class_list":["post-25488","post","type-post","status-publish","format-standard","has-post-thumbnail","hentry","category-uncategorized"],"_links":{"self":[{"href":"https:\/\/tvbrazilusa.com\/pt\/wp-json\/wp\/v2\/posts\/25488","targetHints":{"allow":["GET"]}}],"collection":[{"href":"https:\/\/tvbrazilusa.com\/pt\/wp-json\/wp\/v2\/posts"}],"about":[{"href":"https:\/\/tvbrazilusa.com\/pt\/wp-json\/wp\/v2\/types\/post"}],"author":[{"embeddable":true,"href":"https:\/\/tvbrazilusa.com\/pt\/wp-json\/wp\/v2\/users\/1"}],"replies":[{"embeddable":true,"href":"https:\/\/tvbrazilusa.com\/pt\/wp-json\/wp\/v2\/comments?post=25488"}],"version-history":[{"count":1,"href":"https:\/\/tvbrazilusa.com\/pt\/wp-json\/wp\/v2\/posts\/25488\/revisions"}],"predecessor-version":[{"id":25490,"href":"https:\/\/tvbrazilusa.com\/pt\/wp-json\/wp\/v2\/posts\/25488\/revisions\/25490"}],"wp:featuredmedia":[{"embeddable":true,"href":"https:\/\/tvbrazilusa.com\/pt\/wp-json\/wp\/v2\/media\/25489"}],"wp:attachment":[{"href":"https:\/\/tvbrazilusa.com\/pt\/wp-json\/wp\/v2\/media?parent=25488"}],"wp:term":[{"taxonomy":"category","embeddable":true,"href":"https:\/\/tvbrazilusa.com\/pt\/wp-json\/wp\/v2\/categories?post=25488"},{"taxonomy":"post_tag","embeddable":true,"href":"https:\/\/tvbrazilusa.com\/pt\/wp-json\/wp\/v2\/tags?post=25488"}],"curies":[{"name":"wp","href":"https:\/\/api.w.org\/{rel}","templated":true}]}}