{"id":25506,"date":"2024-08-16T16:56:44","date_gmt":"2024-08-16T16:56:44","guid":{"rendered":"https:\/\/tvbrazilusa.com\/2024\/08\/16\/bebe-encontrado-em-carro-de-lexington-provavelmente-ficara-la-por-um-tempo-prolongado-diz-promotor\/"},"modified":"2024-08-16T18:18:14","modified_gmt":"2024-08-16T18:18:14","slug":"bebe-encontrado-em-carro-de-lexington-provavelmente-ficara-la-por-um-tempo-prolongado-diz-promotor","status":"publish","type":"post","link":"https:\/\/tvbrazilusa.com\/pt\/2024\/08\/16\/bebe-encontrado-em-carro-de-lexington-provavelmente-ficara-la-por-um-tempo-prolongado-diz-promotor\/","title":{"rendered":"Beb\u00ea encontrado em carro de Lexington provavelmente ficar\u00e1 l\u00e1 por um tempo &#39;prolongado&#39;, diz promotor"},"content":{"rendered":"<p> <script async src=\"https:\/\/pagead2.googlesyndication.com\/pagead\/js\/adsbygoogle.js?client=ca-pub-8864793242727901\"\r\n     crossorigin=\"anonymous\"><\/script><br \/>\n<\/p>\n<div id=\"\">\n<header class=\"m-article-header m-article-header--standard\">\n\t\t\t\t\t\t\t\t\t\t\t\t<span id=\"article-header-primary-term\"><br \/>\n\t\t\t\t\t\t\t\t<a class=\"a-term a-term--primary\" href=\"https:\/\/www.boston.com\/tag\/local-news\/\"><\/p>\n<p>\t\t\t\t\t\t\t\tNot\u00edcias locais\t\t\t\t\t\t\t\t<\/a><br \/>\n\t\t\t\t\t\t\t<\/span><\/p>\n<h2 class=\"m-article-header__sub-headline\">O menino, que completaria 1 ano no final deste m\u00eas, foi encontrado no carro da m\u00e3e no estacionamento em frente \u00e0 creche.<\/h2>\n<figure class=\"a-photo m-article-header__photo\"><figcaption class=\"a-photo__caption\">\n\t<em> <\/em>\t<\/figcaption><\/figure>\n<\/header>\n<p>Investigadores acreditam que um menino <a href=\"https:\/\/www.boston.com\/news\/local-news\/2024\/08\/14\/baby-boy-dies-after-being-found-unresponsive-in-car-in-lexington\/\" target=\"_blank\" rel=\"noreferrer noopener\">encontrado inconsciente no carro de sua m\u00e3e<\/a> do lado de fora de uma creche em Lexington, na ter\u00e7a-feira, ele pode ter ficado no ve\u00edculo por algum tempo. <\/p>\n<p>O beb\u00ea, que faria 1 ano em 31 de agosto, &#8220;nunca entrou na creche no dia de sua morte&#8221; e &#8220;pode \u200b\u200bter ficado no carro por um longo per\u00edodo de tempo&#8221;, disseram a promotora distrital de Middlesex, Marian Ryan, e o chefe de pol\u00edcia de Lexington, Michael McLean, em uma declara\u00e7\u00e3o conjunta na quinta-feira. <\/p>\n<p>O Gabinete do M\u00e9dico Legista Chefe determinar\u00e1 a causa e a maneira da morte do menino, eles disseram. As autoridades n\u00e3o identificaram a crian\u00e7a, embora o chefe do Corpo de Bombeiros de Lexington, Derek Sencabaugh <a href=\"https:\/\/www.cbsnews.com\/boston\/news\/baby-dies-unresponsive-in-car-lexington\/\" target=\"_blank\" rel=\"noreferrer noopener\">disse \u00e0 WBZ<\/a> a fam\u00edlia \u00e9 local. <\/p>\n<div class=\"m-block t-amp__list-container m-article-list-container  m-article-list-container--frame-border a-border-frame  a-list-header__headline--red m-article-list--alternative--default  m-article-list--floated\">\n<ul class=\"t-amp__list a-list--no-style m-article-list m-article-list--recirculation m-article-list--has-images\">\n<li class=\"m-article-list__item m-article-list__item--featured\">\n\t\t\t\t<a class=\"m-article-list__link-wrapper\" href=\"https:\/\/www.boston.com\/news\/local-news\/2024\/08\/14\/baby-boy-dies-after-being-found-unresponsive-in-car-in-lexington\/\" data-p1=\"article_recirc_inline_feature\"><\/p>\n<p><h4 class=\"m-article-list__headline t-amp__list-headline\">\n\t\t\t\t\t\t\t<span class=\"m-article-list__link a-link a-link--inline a-link--text-link a-link--text-link-dark\"><\/p>\n<p>\t\t\t\t\t\t\tBeb\u00ea morre ap\u00f3s ser encontrado inconsciente em carro em Lexington\t\t\t\t\t\t\t<\/span><br \/>\n\t\t\t\t\t\t<\/h4>\n<\/p>\n<p>\t\t\t\t<\/a>\n\t\t\t<\/li>\n<\/ul>\n<\/div>\n<p>A pol\u00edcia de Lexington disse anteriormente que os policiais responderam a um estacionamento da Massachusetts Avenue por volta das 17h30 de ter\u00e7a-feira para um relato de uma crian\u00e7a inconsciente dentro de um ve\u00edculo. O menino foi levado \u00e0s pressas para um hospital da \u00e1rea, onde foi declarado morto. <\/p>\n<p>A fundadora e diretora da creche Sol Solecito, Nelly Mayorga, disse <a href=\"https:\/\/www.boston25news.com\/news\/local\/nothing-compares-this-baby-dies-after-being-left-hot-car-lexington-officials-say\/E3QO2JT2XNFQ7GP2GC3FS5AHAY\/\" target=\"_blank\" rel=\"noreferrer noopener\">Not\u00edcias de Boston 25<\/a> a crian\u00e7a compareceu \u00e0 escola, mas n\u00e3o apareceu na ter\u00e7a-feira. Conforme a pol\u00edtica do centro, Sol Solecito fez a chamada \u00e0s 8h45 e enviou mensagem aos pais das crian\u00e7as que n\u00e3o estavam presentes, Mayorga teria dito ao Boston 25. <\/p>\n<p>Ela disse que eles entraram em contato com a m\u00e3e do menino por volta das 9h, mas nunca obtiveram resposta. Quando a m\u00e3e chegou para busc\u00e1-lo \u00e0s 17h20 e soube que seu filho n\u00e3o estava l\u00e1, ela correu para o carro e encontrou o beb\u00ea sem resposta, informou o Boston 25. Sol Solecito n\u00e3o respondeu ao pedido de coment\u00e1rio do Boston.com na manh\u00e3 de sexta-feira. <\/p>\n<p>De acordo com a organiza\u00e7\u00e3o sem fins lucrativos Kids and Car Safety, uma <a href=\"https:\/\/www.kidsandcars.org\/hot-cars\/facts-sheets\" target=\"_blank\" rel=\"noreferrer noopener\">m\u00e9dia de 38 crian\u00e7as<\/a> morrem a cada ano nos EUA como resultado de sentar em um carro quente. O incidente em Lexington seria a 22\u00aa morte em um carro quente em 2024, pela contagem da organiza\u00e7\u00e3o. <\/p>\n<p>\u201cNa esmagadora maioria das mortes de crian\u00e7as em carros quentes, foi um pai amoroso e respons\u00e1vel que, sem saber, deixou a crian\u00e7a\u201d, afirma o site Kids and Car Safety. \u201cAproximadamente 43% das crian\u00e7as que foram deixadas sem saber deveriam ter sido deixadas na creche.\u201d<\/p>\n<p>De acordo com a Kids and Car Safety, um pai pode, sem saber, deixar seu filho no carro ao lidar com uma mudan\u00e7a na rotina di\u00e1ria, falta de sono, estresse, fadiga e distra\u00e7\u00f5es. Tamb\u00e9m pode ser dif\u00edcil para os motoristas identificarem crian\u00e7as em assentos de carro voltados para tr\u00e1s, observa a organiza\u00e7\u00e3o.<\/p>\n<p>Seguran\u00e7a para Crian\u00e7as e Carros oferece uma <a href=\"https:\/\/www.kidsandcars.org\/hot-cars\/facts-sheets\" target=\"_blank\" rel=\"noreferrer noopener\">lista de dicas<\/a> para pais e cuidadores, incluindo manter a bolsa de fraldas da crian\u00e7a no banco do passageiro da frente como uma dica visual, ou colocar um item necess\u00e1rio, como um celular, bolsa ou laptop no banco de tr\u00e1s para abrir as portas traseiras.<\/p>\n<p>A morte da crian\u00e7a de Lexington continua sob investiga\u00e7\u00e3o, disseram Ryan e McLean.<\/p>\n<div class=\"m-block m-generic-cta\t m-generic-cta--post-content\t m-generic-cta--dark\t m-generic-cta--homepage\t m-generic-cta--email-signup\t\t m-generic-cta-block-style--default \tt-amp__generic-cta\"><\/p>\n<div class=\"m-generic-cta__wrap\">\n<div class=\"m-generic-cta__content\">\n<h3 class=\"m-generic-cta__title\">Boston.com Hoje<\/h3>\n<p class=\"m-generic-cta__subtitle\">Inscreva-se para receber as \u00faltimas manchetes na sua caixa de entrada todas as manh\u00e3s.<\/p>\n<\/p><\/div>\n<\/p><\/div>\n<\/div><\/div>\n<p><script>\n\t\tvar consent=\"grant\";\n\t\t\/* The above code is parsing the JSON data from the local storage and storing it in a variable. *\/\n\t\t\t\t\tconst onetrustStorageConsent = JSON.parse(localStorage.getItem( 'consent_one_trust_bdc' ) );\n\t\t\tif ( ( onetrustStorageConsent !== null ) ) {\n\t\t\t\t\/* Checking to see if the user has consented to the use of cookies.\n\t\t\t\t* If they have not, it is deleting the cookie.\n\t\t\t\t* This will comment for now, until further notice.\n\t\t\t\t*\/\n\t\t\t\t\/\/if ( onetrustStorageConsent.C0002 === false ) {\n\t\t\t\t\/\/\tdocument.cookie=\"_fbp=;expires=Thu, 01 Jan 2010 00:00:00 UTC; path=\/; domain=.boston.com\";\n\t\t\t\t\/\/}\n\t\t\t\t\/* Checking if the user has given consent for the cookie C0002.\n\t\t\t\t* If the user has given consent, the variable consent will be set to 'grant'.\n\t\t\t\t* If the user has not given consent,the variable consent will be set to 'revoke'.\n\t\t\t\t* Documentation https:\/\/developers.facebook.com\/docs\/meta-pixel\/implementation\/gdpr\n\t\t\t\t*\/\n\t\t\t\tif ( onetrustStorageConsent.C0002 !== true ) {\n\t\t\t\t\tconsent=\"revoke\";\n\t\t\t\t}\n\t\t\t}\n\t\t\t\t!function(f,b,e,v,n,t,s)\n\t\t{if(f.fbq)return;n=f.fbq=function(){n.callMethod?\n\t\tn.callMethod.apply(n,arguments):n.queue.push(arguments)};\n\t\tif(!f._fbq)f._fbq=n;n.push=n;n.loaded=!0;n.version='2.0';\n\t\tn.queue=[];t=b.createElement(e);t.async=!0;\n\t\tt.src=v;s=b.getElementsByTagName(e)[0];\n\t\ts.parentNode.insertBefore(t,s)}(window, document,'script',\n\t\t'https:\/\/connect.facebook.net\/en_US\/fbevents.js');\n\t\tfbq('consent', consent);\n\t\tfbq('init', '989222871864976');\n\t\tfbq('track', 'PageView');\n\t<\/script><script type=\"module\">\n\t\tvar consent=\"grant\";\n\t\t\/* The above code is parsing the JSON data from the local storage and storing it in a variable. *\/\n\t\t\tconst onetrustStorageConsent = JSON.parse(localStorage.getItem( 'consent_one_trust_bdc' ) );\n\t\t\t\/* Checking to see if the user has consented to the use of cookies.\n\t\t\t* If they have not, it is deleting the cookie.\n\t\t\t* This will comment for now, until further notice.\n\t\t\t*\/\n\t\t\t\/\/if ( onetrustStorageConsent.C0002 === false ) {\n\t\t\t\/\/\tdocument.cookie=\"_fbp=;expires=Thu, 01 Jan 2010 00:00:00 UTC; path=\/; domain=.boston.com\";\n\t\t\t\/\/}\n\t\t\t\/* Checking if the user has given consent for the cookie C0002.\n\t\t\t* If the user has given consent, the variable consent will be set to 'grant'.\n\t\t\t* If the user has not given consent,the variable consent will be set to 'revoke'.\n\t\t\t* Documentation https:\/\/developers.facebook.com\/docs\/meta-pixel\/implementation\/gdpr\n\t\t\t*\/\n\t\t\tif ( ( onetrustStorageConsent !== null ) && (onetrustStorageConsent.C0002 !== true ) ) {\n\t\t\t\tconsent=\"revoke\";\n\t\t\t}\n\t\t\t\t!function(f,b,e,v,n,t,s){if(f.fbq)return;n=f.fbq=function()\n\t\t{n.callMethod? n.callMethod.apply(n,arguments):n.queue.push(arguments)}\n\t\t;if(!f._fbq)f._fbq=n;\n\t\tn.push=n;n.loaded=!0;n.version='2.0';n.queue=[];t=b.createElement(e);t.async=!0;\n\t\tt.src=v;s=b.getElementsByTagName(e)[0];s.parentNode.insertBefore(t,s)}(window,\n\t\tdocument,'script','https:\/\/connect.facebook.net\/en_US\/fbevents.js');\n\t\tfbq('consent', consent);\n\t\tfbq('init', '813236348753005');\n\t\tfbq('track', \"PageView\");\n\t<\/script><br \/>\n<br \/><br \/>\n<br \/><a href=\"https:\/\/www.boston.com\/news\/local-news\/2024\/08\/16\/baby-found-in-lexington-car-likely-there-for-an-extended-time-da-says\/\">Source link <\/a><\/p>","protected":false},"excerpt":{"rendered":"<p>Not\u00edcias locais O menino, que completaria 1 ano no final deste m\u00eas, foi encontrado no carro da m\u00e3e no estacionamento em frente \u00e0 creche. Investigadores acreditam que um menino encontrado&hellip;<\/p>","protected":false},"author":1,"featured_media":24728,"comment_status":"closed","ping_status":"open","sticky":false,"template":"","format":"standard","meta":{"content-type":"","footnotes":""},"categories":[1],"tags":[],"class_list":["post-25506","post","type-post","status-publish","format-standard","has-post-thumbnail","hentry","category-uncategorized"],"_links":{"self":[{"href":"https:\/\/tvbrazilusa.com\/pt\/wp-json\/wp\/v2\/posts\/25506","targetHints":{"allow":["GET"]}}],"collection":[{"href":"https:\/\/tvbrazilusa.com\/pt\/wp-json\/wp\/v2\/posts"}],"about":[{"href":"https:\/\/tvbrazilusa.com\/pt\/wp-json\/wp\/v2\/types\/post"}],"author":[{"embeddable":true,"href":"https:\/\/tvbrazilusa.com\/pt\/wp-json\/wp\/v2\/users\/1"}],"replies":[{"embeddable":true,"href":"https:\/\/tvbrazilusa.com\/pt\/wp-json\/wp\/v2\/comments?post=25506"}],"version-history":[{"count":1,"href":"https:\/\/tvbrazilusa.com\/pt\/wp-json\/wp\/v2\/posts\/25506\/revisions"}],"predecessor-version":[{"id":25507,"href":"https:\/\/tvbrazilusa.com\/pt\/wp-json\/wp\/v2\/posts\/25506\/revisions\/25507"}],"wp:featuredmedia":[{"embeddable":true,"href":"https:\/\/tvbrazilusa.com\/pt\/wp-json\/wp\/v2\/media\/24728"}],"wp:attachment":[{"href":"https:\/\/tvbrazilusa.com\/pt\/wp-json\/wp\/v2\/media?parent=25506"}],"wp:term":[{"taxonomy":"category","embeddable":true,"href":"https:\/\/tvbrazilusa.com\/pt\/wp-json\/wp\/v2\/categories?post=25506"},{"taxonomy":"post_tag","embeddable":true,"href":"https:\/\/tvbrazilusa.com\/pt\/wp-json\/wp\/v2\/tags?post=25506"}],"curies":[{"name":"wp","href":"https:\/\/api.w.org\/{rel}","templated":true}]}}