{"id":25558,"date":"2024-08-16T20:38:51","date_gmt":"2024-08-16T20:38:51","guid":{"rendered":"https:\/\/tvbrazilusa.com\/2024\/08\/16\/bso-2-estudantes-presos-por-fazer-ameacas-a-escola-nas-redes-sociais-wsvn-7news-noticias-de-miami-clima-esportes-fort-lauderdale\/"},"modified":"2024-08-16T20:43:09","modified_gmt":"2024-08-16T20:43:09","slug":"bso-2-estudantes-presos-por-fazer-ameacas-a-escola-nas-redes-sociais-wsvn-7news-noticias-de-miami-clima-esportes-fort-lauderdale","status":"publish","type":"post","link":"https:\/\/tvbrazilusa.com\/pt\/2024\/08\/16\/bso-2-estudantes-presos-por-fazer-ameacas-a-escola-nas-redes-sociais-wsvn-7news-noticias-de-miami-clima-esportes-fort-lauderdale\/","title":{"rendered":"BSO: 2 estudantes presos por fazer amea\u00e7as \u00e0 escola nas redes sociais &#8211; WSVN 7News | Not\u00edcias de Miami, Clima, Esportes | Fort Lauderdale"},"content":{"rendered":"<p> <script async src=\"https:\/\/pagead2.googlesyndication.com\/pagead\/js\/adsbygoogle.js?client=ca-pub-8864793242727901\"\r\n     crossorigin=\"anonymous\"><\/script><br \/>\n<\/p>\n<div itemprop=\"articleBody\">\n<p>Dois estudantes do Condado de Broward foram presos por fazerem amea\u00e7as separadas contra escolas poucos dias depois do in\u00edcio do novo ano letivo, de acordo com o Gabinete do Xerife de Broward. <\/p>\n<p>De acordo com o BSO, no s\u00e1bado, um garoto de 13 anos foi preso depois que detetives da Unidade de Gerenciamento de Amea\u00e7as do BSO receberam uma den\u00fancia do FBI sobre uma publica\u00e7\u00e3o no Snapchat na qual ele amea\u00e7ava um tiroteio em massa nos escrit\u00f3rios do BCPS em Fort Lauderdale. <\/p>\n<p>Os detetives dizem que o aluno, chateado com a nova pol\u00edtica de celulares do distrito, postou uma foto parcial de si mesmo junto com a amea\u00e7a. Ele foi levado sob cust\u00f3dia em sua casa em Weston.<\/p>\n<p>Na quinta-feira, os detetives receberam outra dica do FBI sobre uma amea\u00e7a do Snapchat contra a Cooper City High School. Essa dica levou \u00e0 pris\u00e3o de uma menina de 13 anos.<\/p>\n<p>Ambos os estudantes enfrentam acusa\u00e7\u00f5es criminais de fazer amea\u00e7as escritas de matar, causar ferimentos corporais, conduzir um tiroteio em massa ou cometer um ato de terrorismo. Eles tamb\u00e9m enfrentam uma acusa\u00e7\u00e3o adicional de usar um dispositivo de comunica\u00e7\u00e3o bidirecional para facilitar um crime, de acordo com a lei da Fl\u00f3rida.<\/p>\n<p>\u201cNada disso \u00e9 brincadeira ou assunto para rir\u201d, disse o xerife Gregory Tony. \u201cSe voc\u00ea amea\u00e7ar\u2026 nas redes sociais ou em qualquer outro lugar, n\u00f3s vamos rastre\u00e1-lo e prend\u00ea-lo.\u201d <\/p>\n<p>As pris\u00f5es ocorreram menos de duas semanas depois de autoridades do BSO terem realizado uma entrevista coletiva informando que amea\u00e7as contra escolas seriam levadas a s\u00e9rio e investigadas minuciosamente.<\/p>\n<p>Os detetives tamb\u00e9m est\u00e3o investigando duas amea\u00e7as adicionais que podem resultar em mais pris\u00f5es.<\/p>\n<p><em>Copyright 2024 The Associated Press. Todos os direitos reservados. Este material n\u00e3o pode ser publicado, transmitido, reescrito ou redistribu\u00eddo.<\/em><\/p>\n<div class=\"wp-block-newsletter\">\n\t<strong class=\"wp-block-newsletter__title\">Inscreva-se em nossa Newsletter para receber as \u00faltimas not\u00edcias diretamente na sua caixa de entrada<\/strong><\/p>\n<\/div><\/div>\n<p><br \/>\n<br \/><a href=\"https:\/\/wsvn.com\/news\/local\/broward\/bso-2-students-arrested-for-making-school-threats-on-social-media\/\">Source link <\/a><\/p>","protected":false},"excerpt":{"rendered":"<p>Dois estudantes do Condado de Broward foram presos por fazerem amea\u00e7as separadas contra escolas poucos dias depois do in\u00edcio do novo ano letivo, de acordo com o Gabinete do Xerife&hellip;<\/p>","protected":false},"author":1,"featured_media":25153,"comment_status":"closed","ping_status":"open","sticky":false,"template":"","format":"standard","meta":{"content-type":"","footnotes":""},"categories":[1],"tags":[],"class_list":["post-25558","post","type-post","status-publish","format-standard","has-post-thumbnail","hentry","category-uncategorized"],"_links":{"self":[{"href":"https:\/\/tvbrazilusa.com\/pt\/wp-json\/wp\/v2\/posts\/25558","targetHints":{"allow":["GET"]}}],"collection":[{"href":"https:\/\/tvbrazilusa.com\/pt\/wp-json\/wp\/v2\/posts"}],"about":[{"href":"https:\/\/tvbrazilusa.com\/pt\/wp-json\/wp\/v2\/types\/post"}],"author":[{"embeddable":true,"href":"https:\/\/tvbrazilusa.com\/pt\/wp-json\/wp\/v2\/users\/1"}],"replies":[{"embeddable":true,"href":"https:\/\/tvbrazilusa.com\/pt\/wp-json\/wp\/v2\/comments?post=25558"}],"version-history":[{"count":1,"href":"https:\/\/tvbrazilusa.com\/pt\/wp-json\/wp\/v2\/posts\/25558\/revisions"}],"predecessor-version":[{"id":25559,"href":"https:\/\/tvbrazilusa.com\/pt\/wp-json\/wp\/v2\/posts\/25558\/revisions\/25559"}],"wp:featuredmedia":[{"embeddable":true,"href":"https:\/\/tvbrazilusa.com\/pt\/wp-json\/wp\/v2\/media\/25153"}],"wp:attachment":[{"href":"https:\/\/tvbrazilusa.com\/pt\/wp-json\/wp\/v2\/media?parent=25558"}],"wp:term":[{"taxonomy":"category","embeddable":true,"href":"https:\/\/tvbrazilusa.com\/pt\/wp-json\/wp\/v2\/categories?post=25558"},{"taxonomy":"post_tag","embeddable":true,"href":"https:\/\/tvbrazilusa.com\/pt\/wp-json\/wp\/v2\/tags?post=25558"}],"curies":[{"name":"wp","href":"https:\/\/api.w.org\/{rel}","templated":true}]}}