{"id":25574,"date":"2024-08-16T21:30:22","date_gmt":"2024-08-16T21:30:22","guid":{"rendered":"https:\/\/tvbrazilusa.com\/2024\/08\/16\/autoridades-de-saude-palestinas-dizem-que-o-primeiro-caso-de-poliomielite-foi-confirmado-em-gaza-em-uma-crianca-de-10-meses-wsvn-7news-noticias-de-miami-clima-esportes-fort-lauderdale\/"},"modified":"2024-08-16T21:36:32","modified_gmt":"2024-08-16T21:36:32","slug":"autoridades-de-saude-palestinas-dizem-que-o-primeiro-caso-de-poliomielite-foi-confirmado-em-gaza-em-uma-crianca-de-10-meses-wsvn-7news-noticias-de-miami-clima-esportes-fort-lauderdale","status":"publish","type":"post","link":"https:\/\/tvbrazilusa.com\/pt\/2024\/08\/16\/autoridades-de-saude-palestinas-dizem-que-o-primeiro-caso-de-poliomielite-foi-confirmado-em-gaza-em-uma-crianca-de-10-meses-wsvn-7news-noticias-de-miami-clima-esportes-fort-lauderdale\/","title":{"rendered":"Autoridades de sa\u00fade palestinas dizem que o primeiro caso de poliomielite foi confirmado em Gaza, em uma crian\u00e7a de 10 meses &#8211; WSVN 7News | Not\u00edcias de Miami, Clima, Esportes | Fort Lauderdale"},"content":{"rendered":"<p> <script async src=\"https:\/\/pagead2.googlesyndication.com\/pagead\/js\/adsbygoogle.js?client=ca-pub-8864793242727901\"\r\n     crossorigin=\"anonymous\"><\/script><br \/>\n<\/p>\n<div itemprop=\"articleBody\">\n<p>RAMALLAH, Cisjord\u00e2nia (AP) \u2014 O Minist\u00e9rio da Sa\u00fade palestino disse que registrou o primeiro caso de p\u00f3lio em uma crian\u00e7a de 10 meses n\u00e3o vacinada na cidade de Deir al-Balah, em Gaza. \u00c9 o primeiro caso em anos no enclave costeiro envolvido na guerra entre Israel e Hamas.<\/p>\n<p>Ap\u00f3s a descoberta dos sintomas da crian\u00e7a, testes foram realizados na capital da Jord\u00e2nia, Am\u00e3, e o caso foi confirmado como poliomielite, disse o minist\u00e9rio.<\/p>\n<p>O <a href=\"https:\/\/www.who.int\/health-topics\/poliomyelitis\">doen\u00e7a potencialmente fatal e paralisante<\/a> atinge principalmente crian\u00e7as menores de 5 anos e geralmente se espalha por meio de \u00e1gua contaminada. Paquist\u00e3o e Afeganist\u00e3o s\u00e3o os \u00fanicos pa\u00edses onde a dissemina\u00e7\u00e3o da p\u00f3lio nunca foi interrompida.<\/p>\n<p>A Organiza\u00e7\u00e3o Mundial da Sa\u00fade n\u00e3o respondeu imediatamente aos pedidos de confirma\u00e7\u00e3o do caso.<\/p>\n<p>As ag\u00eancias de sa\u00fade e assist\u00eancia \u00e0 inf\u00e2ncia da ONU est\u00e3o pedindo pausas de sete dias na guerra, a partir do final de agosto, para vacinar 640.000 crian\u00e7as palestinas contra a poliomielite, ap\u00f3s a descoberta do v\u00edrus em \u00e1guas residuais de duas grandes cidades no m\u00eas passado.<\/p>\n<p><em>Copyright 2024 The Associated Press. Todos os direitos reservados. Este material n\u00e3o pode ser publicado, transmitido, reescrito ou redistribu\u00eddo.<\/em><\/p>\n<div class=\"wp-block-newsletter\">\n\t<strong class=\"wp-block-newsletter__title\">Inscreva-se em nossa Newsletter para receber as \u00faltimas not\u00edcias diretamente na sua caixa de entrada<\/strong><\/p>\n<\/div><\/div>\n<p><br \/>\n<br \/><a href=\"https:\/\/wsvn.com\/news\/us-world\/palestinian-health-officials-say-first-case-of-polio-confirmed-in-gaza-in-a-10-month-old-child\/\">Source link <\/a><\/p>","protected":false},"excerpt":{"rendered":"<p>RAMALLAH, Cisjord\u00e2nia (AP) \u2014 O Minist\u00e9rio da Sa\u00fade palestino disse que registrou o primeiro caso de p\u00f3lio em uma crian\u00e7a de 10 meses n\u00e3o vacinada na cidade de Deir al-Balah,&hellip;<\/p>","protected":false},"author":1,"featured_media":25575,"comment_status":"closed","ping_status":"open","sticky":false,"template":"","format":"standard","meta":{"content-type":"","footnotes":""},"categories":[1],"tags":[],"class_list":["post-25574","post","type-post","status-publish","format-standard","has-post-thumbnail","hentry","category-uncategorized"],"_links":{"self":[{"href":"https:\/\/tvbrazilusa.com\/pt\/wp-json\/wp\/v2\/posts\/25574","targetHints":{"allow":["GET"]}}],"collection":[{"href":"https:\/\/tvbrazilusa.com\/pt\/wp-json\/wp\/v2\/posts"}],"about":[{"href":"https:\/\/tvbrazilusa.com\/pt\/wp-json\/wp\/v2\/types\/post"}],"author":[{"embeddable":true,"href":"https:\/\/tvbrazilusa.com\/pt\/wp-json\/wp\/v2\/users\/1"}],"replies":[{"embeddable":true,"href":"https:\/\/tvbrazilusa.com\/pt\/wp-json\/wp\/v2\/comments?post=25574"}],"version-history":[{"count":1,"href":"https:\/\/tvbrazilusa.com\/pt\/wp-json\/wp\/v2\/posts\/25574\/revisions"}],"predecessor-version":[{"id":25576,"href":"https:\/\/tvbrazilusa.com\/pt\/wp-json\/wp\/v2\/posts\/25574\/revisions\/25576"}],"wp:featuredmedia":[{"embeddable":true,"href":"https:\/\/tvbrazilusa.com\/pt\/wp-json\/wp\/v2\/media\/25575"}],"wp:attachment":[{"href":"https:\/\/tvbrazilusa.com\/pt\/wp-json\/wp\/v2\/media?parent=25574"}],"wp:term":[{"taxonomy":"category","embeddable":true,"href":"https:\/\/tvbrazilusa.com\/pt\/wp-json\/wp\/v2\/categories?post=25574"},{"taxonomy":"post_tag","embeddable":true,"href":"https:\/\/tvbrazilusa.com\/pt\/wp-json\/wp\/v2\/tags?post=25574"}],"curies":[{"name":"wp","href":"https:\/\/api.w.org\/{rel}","templated":true}]}}