{"id":25659,"date":"2024-08-17T03:07:00","date_gmt":"2024-08-17T03:07:00","guid":{"rendered":"https:\/\/tvbrazilusa.com\/2024\/08\/17\/perseguicao-a-suspeito-de-assassinato-termina-no-condado-de-henry\/"},"modified":"2024-08-17T03:31:33","modified_gmt":"2024-08-17T03:31:33","slug":"perseguicao-a-suspeito-de-assassinato-termina-no-condado-de-henry","status":"publish","type":"post","link":"https:\/\/tvbrazilusa.com\/pt\/2024\/08\/17\/perseguicao-a-suspeito-de-assassinato-termina-no-condado-de-henry\/","title":{"rendered":"Persegui\u00e7\u00e3o a suspeito de assassinato termina no condado de Henry"},"content":{"rendered":"<script async src=\"https:\/\/pagead2.googlesyndication.com\/pagead\/js\/adsbygoogle.js?client=ca-pub-8864793242727901\"\r\n     crossorigin=\"anonymous\"><\/script>\n<p>A pessoa envolvida no tiroteio fatal contra sua esposa na manh\u00e3 de sexta-feira no Condado de Bibb teria cometido suic\u00eddio na tarde de sexta-feira ap\u00f3s uma persegui\u00e7\u00e3o policial que terminou no Condado de Henry.<br \/>\n<br \/><br \/>\n<br \/><a href=\"https:\/\/www.henryherald.com\/news\/pursuit-of-murder-suspect-ends-in-henry-county\/article_c9761626-5c45-11ef-9d05-07e3805cfc21.html\">Source link <\/a><\/p>","protected":false},"excerpt":{"rendered":"<p>A pessoa envolvida no tiroteio fatal contra sua esposa na manh\u00e3 de sexta-feira no Condado de Bibb teria cometido suic\u00eddio na tarde de sexta-feira ap\u00f3s uma persegui\u00e7\u00e3o policial que terminou&hellip;<\/p>","protected":false},"author":1,"featured_media":25660,"comment_status":"closed","ping_status":"open","sticky":false,"template":"","format":"standard","meta":{"content-type":"","footnotes":""},"categories":[1],"tags":[],"class_list":["post-25659","post","type-post","status-publish","format-standard","has-post-thumbnail","hentry","category-uncategorized"],"_links":{"self":[{"href":"https:\/\/tvbrazilusa.com\/pt\/wp-json\/wp\/v2\/posts\/25659","targetHints":{"allow":["GET"]}}],"collection":[{"href":"https:\/\/tvbrazilusa.com\/pt\/wp-json\/wp\/v2\/posts"}],"about":[{"href":"https:\/\/tvbrazilusa.com\/pt\/wp-json\/wp\/v2\/types\/post"}],"author":[{"embeddable":true,"href":"https:\/\/tvbrazilusa.com\/pt\/wp-json\/wp\/v2\/users\/1"}],"replies":[{"embeddable":true,"href":"https:\/\/tvbrazilusa.com\/pt\/wp-json\/wp\/v2\/comments?post=25659"}],"version-history":[{"count":1,"href":"https:\/\/tvbrazilusa.com\/pt\/wp-json\/wp\/v2\/posts\/25659\/revisions"}],"predecessor-version":[{"id":25661,"href":"https:\/\/tvbrazilusa.com\/pt\/wp-json\/wp\/v2\/posts\/25659\/revisions\/25661"}],"wp:featuredmedia":[{"embeddable":true,"href":"https:\/\/tvbrazilusa.com\/pt\/wp-json\/wp\/v2\/media\/25660"}],"wp:attachment":[{"href":"https:\/\/tvbrazilusa.com\/pt\/wp-json\/wp\/v2\/media?parent=25659"}],"wp:term":[{"taxonomy":"category","embeddable":true,"href":"https:\/\/tvbrazilusa.com\/pt\/wp-json\/wp\/v2\/categories?post=25659"},{"taxonomy":"post_tag","embeddable":true,"href":"https:\/\/tvbrazilusa.com\/pt\/wp-json\/wp\/v2\/tags?post=25659"}],"curies":[{"name":"wp","href":"https:\/\/api.w.org\/{rel}","templated":true}]}}