{"id":25678,"date":"2024-08-17T07:31:18","date_gmt":"2024-08-17T07:31:18","guid":{"rendered":"https:\/\/tvbrazilusa.com\/2024\/08\/17\/nove-casas-mais-caras-vendidas-na-area-de-perth-amboy-de-29-de-julho-a-11-de-agosto\/"},"modified":"2024-08-17T07:55:53","modified_gmt":"2024-08-17T07:55:53","slug":"nove-casas-mais-caras-vendidas-na-area-de-perth-amboy-de-29-de-julho-a-11-de-agosto","status":"publish","type":"post","link":"https:\/\/tvbrazilusa.com\/pt\/2024\/08\/17\/nove-casas-mais-caras-vendidas-na-area-de-perth-amboy-de-29-de-julho-a-11-de-agosto\/","title":{"rendered":"Nove casas mais caras vendidas na \u00e1rea de Perth Amboy, de 29 de julho a 11 de agosto"},"content":{"rendered":"<script async src=\"https:\/\/pagead2.googlesyndication.com\/pagead\/js\/adsbygoogle.js?client=ca-pub-8864793242727901\"\r\n     crossorigin=\"anonymous\"><\/script>\n<div>\n<p class=\"article__paragraph article__paragraph--left\" id=\"6KX7F3NOQ5ELFJFMJYRZS4REX4\">Uma casa em Perth Amboy que foi vendida por US$ 495.000 est\u00e1 no topo da lista das vendas imobili\u00e1rias residenciais mais caras na \u00e1rea de Perth Amboy entre 29 de julho e 11 de agosto.<\/p>\n<p class=\"article__paragraph article__paragraph--left\" id=\"TEYUJKZ7NFDJHM2ODZCSWNXWXQ\">No total, nove vendas de im\u00f3veis residenciais foram registradas na \u00e1rea durante as \u00faltimas duas semanas, com um pre\u00e7o m\u00e9dio de $ 384.944. O pre\u00e7o m\u00e9dio por p\u00e9 quadrado foi de $ 281.<\/p>\n<p class=\"article__paragraph article__paragraph--left\" id=\"C75JWGI5GBADHMWOUVQ52ZJ57M\">Os pre\u00e7os na lista abaixo dizem respeito a vendas de im\u00f3veis cujo t\u00edtulo foi registrado entre a semana de 29 de julho e a semana de 11 de agosto, mesmo que o im\u00f3vel tenha sido vendido antes.<\/p>\n<\/div>\n<p><br \/>\n<br \/><a href=\"https:\/\/www.nj.com\/realestate-news\/2024\/08\/nine-most-expensive-homes-sold-in-the-perth-amboy-area-july-29-aug-11.html\">Source link <\/a><\/p>","protected":false},"excerpt":{"rendered":"<p>Uma casa em Perth Amboy que foi vendida por US$ 495.000 est\u00e1 no topo da lista das vendas imobili\u00e1rias residenciais mais caras na \u00e1rea de Perth Amboy entre 29 de&hellip;<\/p>","protected":false},"author":1,"featured_media":25679,"comment_status":"closed","ping_status":"open","sticky":false,"template":"","format":"standard","meta":{"content-type":"","footnotes":""},"categories":[1],"tags":[12316,2476,2639,2166,2691,2284,2621,2618,12318,12322,2641,2613,2594,2626,2637,2640,2628,2683,2649,2631,2634,2642,12329,12328,12327,12326,12325,12324,12323,12321,12320,12319,12317,12315,12314,12313,12312,12311,12310,12309,1294,2177,1304,3903,1338,2617,2152,2661,1325,1317,1310,1307,1288,1290],"class_list":["post-25678","post","type-post","status-publish","format-standard","has-post-thumbnail","hentry","category-uncategorized","tag-palavra-chaveamboy","tag-palavra-chavearea","tag-palavra-chavearea-de-estar","tag-palavra-chavecasa","tag-palavra-chavecondominio","tag-palavra-chavelista","tag-palavra-chavenegocio","tag-palavra-chavepe","tag-palavra-chaveperth","tag-palavra-chaveperth-amboy","tag-palavra-chavepes","tag-palavra-chavepreco","tag-palavra-chavepreocupacao","tag-palavra-chavepropriedade","tag-palavra-chaveproprietario","tag-palavra-chaveproprietarios","tag-palavra-chavesemana","tag-palavra-chavetitulo","tag-palavra-chavetotal","tag-palavra-chavetransferencia","tag-palavra-chavevenda","tag-palavra-chaveviver","tag-12329","tag-12328","tag-12327","tag-12326","tag-12325","tag-12324","tag-12323","tag-12321","tag-12320","tag-12319","tag-12317","tag-12315","tag-12314","tag-12313","tag-12312","tag-12311","tag-12310","tag-12309","tag-etiquetasubstantivo","tag-frequencia10","tag-frequencia11","tag-frequencia18","tag-frequencia2","tag-frequencia27","tag-frequencia31","tag-frequencia35","tag-frequencia4","tag-frequencia5","tag-frequencia6","tag-frequencia7","tag-pontuacao0","tag-tagnome_proprio"],"_links":{"self":[{"href":"https:\/\/tvbrazilusa.com\/pt\/wp-json\/wp\/v2\/posts\/25678","targetHints":{"allow":["GET"]}}],"collection":[{"href":"https:\/\/tvbrazilusa.com\/pt\/wp-json\/wp\/v2\/posts"}],"about":[{"href":"https:\/\/tvbrazilusa.com\/pt\/wp-json\/wp\/v2\/types\/post"}],"author":[{"embeddable":true,"href":"https:\/\/tvbrazilusa.com\/pt\/wp-json\/wp\/v2\/users\/1"}],"replies":[{"embeddable":true,"href":"https:\/\/tvbrazilusa.com\/pt\/wp-json\/wp\/v2\/comments?post=25678"}],"version-history":[{"count":1,"href":"https:\/\/tvbrazilusa.com\/pt\/wp-json\/wp\/v2\/posts\/25678\/revisions"}],"predecessor-version":[{"id":25680,"href":"https:\/\/tvbrazilusa.com\/pt\/wp-json\/wp\/v2\/posts\/25678\/revisions\/25680"}],"wp:featuredmedia":[{"embeddable":true,"href":"https:\/\/tvbrazilusa.com\/pt\/wp-json\/wp\/v2\/media\/25679"}],"wp:attachment":[{"href":"https:\/\/tvbrazilusa.com\/pt\/wp-json\/wp\/v2\/media?parent=25678"}],"wp:term":[{"taxonomy":"category","embeddable":true,"href":"https:\/\/tvbrazilusa.com\/pt\/wp-json\/wp\/v2\/categories?post=25678"},{"taxonomy":"post_tag","embeddable":true,"href":"https:\/\/tvbrazilusa.com\/pt\/wp-json\/wp\/v2\/tags?post=25678"}],"curies":[{"name":"wp","href":"https:\/\/api.w.org\/{rel}","templated":true}]}}