{"id":25718,"date":"2024-08-17T12:36:00","date_gmt":"2024-08-17T12:36:00","guid":{"rendered":"https:\/\/tvbrazilusa.com\/2024\/08\/17\/farmaceutico-local-culpado-por-mortes-em-surto-de-meningite-nos-eua-nao-contestara-caso-em-michigan\/"},"modified":"2024-08-17T16:03:18","modified_gmt":"2024-08-17T16:03:18","slug":"farmaceutico-local-culpado-por-mortes-em-surto-de-meningite-nos-eua-nao-contestara-caso-em-michigan","status":"publish","type":"post","link":"https:\/\/tvbrazilusa.com\/pt\/2024\/08\/17\/farmaceutico-local-culpado-por-mortes-em-surto-de-meningite-nos-eua-nao-contestara-caso-em-michigan\/","title":{"rendered":"Farmac\u00eautico local culpado por mortes em surto de meningite nos EUA n\u00e3o contestar\u00e1 caso em Michigan"},"content":{"rendered":"<p> <script async src=\"https:\/\/pagead2.googlesyndication.com\/pagead\/js\/adsbygoogle.js?client=ca-pub-8864793242727901\"\r\n     crossorigin=\"anonymous\"><\/script><br \/>\n<\/p>\n<div id=\"\">\n<header class=\"m-article-header m-article-header--standard\">\n\t\t\t\t\t\t\t\t\t\t\t\t<span id=\"article-header-primary-term\"><br \/>\n\t\t\t\t\t\t\t\t<a class=\"a-term a-term--primary\" href=\"https:\/\/www.boston.com\/tag\/local-news\/\"><\/p>\n<p>\t\t\t\t\t\t\t\tNot\u00edcias locais\t\t\t\t\t\t\t\t<\/a><br \/>\n\t\t\t\t\t\t\t<\/span><\/p>\n<h2 class=\"m-article-header__sub-headline\">\u201cLamento muito que isso tenha ocorrido\u201d, disse Glenn Chin, agora com 56 anos, no tribunal de Boston.<\/h2>\n<figure class=\"a-photo m-article-header__photo\"><figcaption class=\"a-photo__caption\">\n<p>\tO procurador-geral assistente de Michigan, Shawn Ryan, fala no tribunal, enquanto o farmac\u00eautico Glenn Chin est\u00e1 sentado, na extrema esquerda, em Howell, Michigan, sexta-feira, 17 de maio de 2024. (AP Photo\/Ed White, arquivo)<em> <\/em>\t<\/figcaption><\/figure>\n<div class=\"m-article-header__meta\">\n<div class=\"m-article-header__byline\">\n<p class=\"m-article-header__author\">\n<p>\t\t\t\t\t\t\t\tPor ED WHITE, Associated Press\t\t\t\t\t\t\t<\/p>\n<p>\t\t\t\t\t\t    \t\t\t\t\t\t\t<time class=\"m-article-header__date\"><\/p>\n<p>        \t\t\t\t\t\t\t17 de agosto de 2024 | 8h36    \t\t\t\t\t\t\t<\/time><\/p><\/div>\n<\/p><\/div>\n<\/header>\n<p>DETROIT (AP) \u2014 Um farmac\u00eautico de Massachusetts acusado de assassinato pela morte de 11 moradores de Michigan em um surto de meningite nos EUA em 2012 concordou em se declarar culpado de homic\u00eddio culposo, de acordo com um e-mail enviado \u00e0s fam\u00edlias e obtido na sexta-feira pela Associated Press.<\/p>\n<p>O acordo com <a href=\"https:\/\/www.boston.com\/news\/crime\/2021\/07\/21\/pharmacist-in-meningitis-outbreak-gets-more-prison-time\/\">Glenn Queixo<\/a> pede uma senten\u00e7a de pris\u00e3o de 7 anos e meio, com cr\u00e9dito por sua senten\u00e7a atual mais longa por crimes federais, disse Johanna Delp, do gabinete do procurador-geral do estado, no e-mail.<\/p>\n<p>Ela disse que Chin comparecer\u00e1 ao tribunal do Condado de Livingston na pr\u00f3xima quinta-feira. Um julgamento planejado para novembro ser\u00e1 cancelado.<\/p>\n<p><a href=\"https:\/\/www.boston.com\/news\/local-news\/2018\/12\/21\/michigan-files-murder-charges-in-2012-mass-meningitis-outbreak\/\">Michigan<\/a> \u00e9 o \u00fanico estado a acusar Chin e Barry Cadden, um executivo do New England Compounding Center em Framingham, Massachusetts, por mortes relacionadas ao surto.<\/p>\n<p>Mais de 700 pessoas em 20 estados adoeceram com meningite f\u00fangica ou outras doen\u00e7as debilitantes, e dezenas morreram em consequ\u00eancia de esteroides contaminados enviados para cl\u00ednicas de tratamento de dor, de acordo com os Centros de Controle e Preven\u00e7\u00e3o de Doen\u00e7as dos EUA.<\/p>\n<p>A \u201csala limpa\u201d do laborat\u00f3rio, onde os esteroides eram preparados, estava cheia de mofo, insetos e rachaduras, disseram os investigadores. Chin supervisionou a produ\u00e7\u00e3o.<\/p>\n<p>Ele est\u00e1 atualmente cumprindo uma senten\u00e7a federal de 10 anos e meio por extors\u00e3o, fraude e outros crimes relacionados ao surto, ap\u00f3s um julgamento em Boston em 2017. Por causa do cr\u00e9dito por sua senten\u00e7a federal, \u00e9 improv\u00e1vel que Chin cumpra tempo adicional sob cust\u00f3dia de Michigan.<\/p>\n<p>\u201cSinto muito que isso tenha ocorrido\u201d, disse Chin, agora com 56 anos, no tribunal de Boston.<\/p>\n<p>Uma mensagem telef\u00f4nica e e-mails solicitando coment\u00e1rios do advogado de Chin n\u00e3o foram retornados imediatamente na sexta-feira.<\/p>\n<p>Cadden, 57, declarou-se culpado de homic\u00eddio culposo em Michigan no in\u00edcio deste ano e foi sentenciado a 10 anos de pris\u00e3o. As acusa\u00e7\u00f5es de homic\u00eddio de segundo grau foram retiradas.<\/p>\n<p>A senten\u00e7a estadual de Cadden est\u00e1 sendo cumprida ao mesmo tempo que sua senten\u00e7a federal de 14 anos e meio, e ele vem recebendo cr\u00e9ditos pelo tempo em cust\u00f3dia desde 2018.<\/p>\n<p>___<\/p>\n<p>Siga Ed White em https:\/\/twitter.com\/edwritez<\/p>\n<\/p><\/div>\n<p><script async src=\"\/\/platform.twitter.com\/widgets.js\" charset=\"utf-8\"><\/script><script>\n\t\tvar consent=\"grant\";\n\t\t\/* The above code is parsing the JSON data from the local storage and storing it in a variable. *\/\n\t\t\t\t\tconst onetrustStorageConsent = JSON.parse(localStorage.getItem( 'consent_one_trust_bdc' ) );\n\t\t\tif ( ( onetrustStorageConsent !== null ) ) {\n\t\t\t\t\/* Checking to see if the user has consented to the use of cookies.\n\t\t\t\t* If they have not, it is deleting the cookie.\n\t\t\t\t* This will comment for now, until further notice.\n\t\t\t\t*\/\n\t\t\t\t\/\/if ( onetrustStorageConsent.C0002 === false ) {\n\t\t\t\t\/\/\tdocument.cookie=\"_fbp=;expires=Thu, 01 Jan 2010 00:00:00 UTC; path=\/; domain=.boston.com\";\n\t\t\t\t\/\/}\n\t\t\t\t\/* Checking if the user has given consent for the cookie C0002.\n\t\t\t\t* If the user has given consent, the variable consent will be set to 'grant'.\n\t\t\t\t* If the user has not given consent,the variable consent will be set to 'revoke'.\n\t\t\t\t* Documentation https:\/\/developers.facebook.com\/docs\/meta-pixel\/implementation\/gdpr\n\t\t\t\t*\/\n\t\t\t\tif ( onetrustStorageConsent.C0002 !== true ) {\n\t\t\t\t\tconsent=\"revoke\";\n\t\t\t\t}\n\t\t\t}\n\t\t\t\t!function(f,b,e,v,n,t,s)\n\t\t{if(f.fbq)return;n=f.fbq=function(){n.callMethod?\n\t\tn.callMethod.apply(n,arguments):n.queue.push(arguments)};\n\t\tif(!f._fbq)f._fbq=n;n.push=n;n.loaded=!0;n.version='2.0';\n\t\tn.queue=[];t=b.createElement(e);t.async=!0;\n\t\tt.src=v;s=b.getElementsByTagName(e)[0];\n\t\ts.parentNode.insertBefore(t,s)}(window, document,'script',\n\t\t'https:\/\/connect.facebook.net\/en_US\/fbevents.js');\n\t\tfbq('consent', consent);\n\t\tfbq('init', '989222871864976');\n\t\tfbq('track', 'PageView');\n\t<\/script><script type=\"module\">\n\t\tvar consent=\"grant\";\n\t\t\/* The above code is parsing the JSON data from the local storage and storing it in a variable. *\/\n\t\t\tconst onetrustStorageConsent = JSON.parse(localStorage.getItem( 'consent_one_trust_bdc' ) );\n\t\t\t\/* Checking to see if the user has consented to the use of cookies.\n\t\t\t* If they have not, it is deleting the cookie.\n\t\t\t* This will comment for now, until further notice.\n\t\t\t*\/\n\t\t\t\/\/if ( onetrustStorageConsent.C0002 === false ) {\n\t\t\t\/\/\tdocument.cookie=\"_fbp=;expires=Thu, 01 Jan 2010 00:00:00 UTC; path=\/; domain=.boston.com\";\n\t\t\t\/\/}\n\t\t\t\/* Checking if the user has given consent for the cookie C0002.\n\t\t\t* If the user has given consent, the variable consent will be set to 'grant'.\n\t\t\t* If the user has not given consent,the variable consent will be set to 'revoke'.\n\t\t\t* Documentation https:\/\/developers.facebook.com\/docs\/meta-pixel\/implementation\/gdpr\n\t\t\t*\/\n\t\t\tif ( ( onetrustStorageConsent !== null ) && (onetrustStorageConsent.C0002 !== true ) ) {\n\t\t\t\tconsent=\"revoke\";\n\t\t\t}\n\t\t\t\t!function(f,b,e,v,n,t,s){if(f.fbq)return;n=f.fbq=function()\n\t\t{n.callMethod? n.callMethod.apply(n,arguments):n.queue.push(arguments)}\n\t\t;if(!f._fbq)f._fbq=n;\n\t\tn.push=n;n.loaded=!0;n.version='2.0';n.queue=[];t=b.createElement(e);t.async=!0;\n\t\tt.src=v;s=b.getElementsByTagName(e)[0];s.parentNode.insertBefore(t,s)}(window,\n\t\tdocument,'script','https:\/\/connect.facebook.net\/en_US\/fbevents.js');\n\t\tfbq('consent', consent);\n\t\tfbq('init', '813236348753005');\n\t\tfbq('track', \"PageView\");\n\t<\/script><br \/>\n<br \/><br \/>\n<br \/><a href=\"https:\/\/www.boston.com\/news\/local-news\/2024\/08\/17\/pharmacist-blamed-for-deaths-in-u-s-meningitis-outbreak-will-plead-no-contest-in-michigan-case\/\">Source link <\/a><\/p>","protected":false},"excerpt":{"rendered":"<p>Not\u00edcias locais \u201cLamento muito que isso tenha ocorrido\u201d, disse Glenn Chin, agora com 56 anos, no tribunal de Boston. O procurador-geral assistente de Michigan, Shawn Ryan, fala no tribunal, enquanto&hellip;<\/p>","protected":false},"author":1,"featured_media":25719,"comment_status":"closed","ping_status":"open","sticky":false,"template":"","format":"standard","meta":{"content-type":"","footnotes":""},"categories":[1],"tags":[],"class_list":["post-25718","post","type-post","status-publish","format-standard","has-post-thumbnail","hentry","category-uncategorized"],"_links":{"self":[{"href":"https:\/\/tvbrazilusa.com\/pt\/wp-json\/wp\/v2\/posts\/25718","targetHints":{"allow":["GET"]}}],"collection":[{"href":"https:\/\/tvbrazilusa.com\/pt\/wp-json\/wp\/v2\/posts"}],"about":[{"href":"https:\/\/tvbrazilusa.com\/pt\/wp-json\/wp\/v2\/types\/post"}],"author":[{"embeddable":true,"href":"https:\/\/tvbrazilusa.com\/pt\/wp-json\/wp\/v2\/users\/1"}],"replies":[{"embeddable":true,"href":"https:\/\/tvbrazilusa.com\/pt\/wp-json\/wp\/v2\/comments?post=25718"}],"version-history":[{"count":1,"href":"https:\/\/tvbrazilusa.com\/pt\/wp-json\/wp\/v2\/posts\/25718\/revisions"}],"predecessor-version":[{"id":25720,"href":"https:\/\/tvbrazilusa.com\/pt\/wp-json\/wp\/v2\/posts\/25718\/revisions\/25720"}],"wp:featuredmedia":[{"embeddable":true,"href":"https:\/\/tvbrazilusa.com\/pt\/wp-json\/wp\/v2\/media\/25719"}],"wp:attachment":[{"href":"https:\/\/tvbrazilusa.com\/pt\/wp-json\/wp\/v2\/media?parent=25718"}],"wp:term":[{"taxonomy":"category","embeddable":true,"href":"https:\/\/tvbrazilusa.com\/pt\/wp-json\/wp\/v2\/categories?post=25718"},{"taxonomy":"post_tag","embeddable":true,"href":"https:\/\/tvbrazilusa.com\/pt\/wp-json\/wp\/v2\/tags?post=25718"}],"curies":[{"name":"wp","href":"https:\/\/api.w.org\/{rel}","templated":true}]}}