{"id":25894,"date":"2024-08-18T11:18:00","date_gmt":"2024-08-18T11:18:00","guid":{"rendered":"https:\/\/tvbrazilusa.com\/2024\/08\/18\/nao-acredito-no-que-algumas-pessoas-vao-acreditar-mulshine\/"},"modified":"2024-08-18T11:51:55","modified_gmt":"2024-08-18T11:51:55","slug":"nao-acredito-no-que-algumas-pessoas-vao-acreditar-mulshine","status":"publish","type":"post","link":"https:\/\/tvbrazilusa.com\/pt\/2024\/08\/18\/nao-acredito-no-que-algumas-pessoas-vao-acreditar-mulshine\/","title":{"rendered":"N\u00e3o acredito no que algumas pessoas v\u00e3o acreditar | Mulshine"},"content":{"rendered":"<script async src=\"https:\/\/pagead2.googlesyndication.com\/pagead\/js\/adsbygoogle.js?client=ca-pub-8864793242727901\"\r\n     crossorigin=\"anonymous\"><\/script>\n<div>\n<p class=\"article__paragraph article__paragraph--left\" id=\"MZZXIYAPN5E3TAGT7S5DWEW23Q\">Isso n\u00e3o poderia ter acontecido em pior hora.<\/p>\n<p class=\"article__paragraph article__paragraph--left\" id=\"TLCNAA7MCRA53FHP6OZPKF3J5U\">Estou falando sobre o advento da intelig\u00eancia artificial amig\u00e1vel ao consumidor.<\/p>\n<p class=\"article__paragraph article__paragraph--left\" id=\"AUYPGAQ5TFAVHIMHBBQEMHIT5I\">Isso realmente precisava acontecer ao mesmo tempo que uma das elei\u00e7\u00f5es mais controversas da hist\u00f3ria?<\/p>\n<p class=\"article__paragraph article__paragraph--left\" id=\"PUZX46AYYNAX7HCZHVRFHDMS2M\">Vimos um exemplo disso na semana passada, quando uma rixa surgiu sobre uma publica\u00e7\u00e3o no site Truth Social de Donald Trump. Nela, Trump questionou o tamanho da multid\u00e3o na pista quando a vice-presidente Kamala Harris pousou em um aeroporto perto de Detroit.<\/p>\n<p class=\"article__paragraph article__paragraph--left\" id=\"ZRPRO6PJ3NCJVBD56WSS3JMQ7U\">&#8220;Algu\u00e9m notou que Kamala TRAI\u00c7OU no aeroporto? N\u00e3o havia ningu\u00e9m no avi\u00e3o, e ela fez &#39;AI&#39;, e mostrou uma &#39;multid\u00e3o&#39; enorme de supostos seguidores, MAS ELES N\u00c3O EXISTIAM!&#8221;, dizia o post.<\/p>\n<p class=\"article__paragraph article__paragraph--left\" id=\"XIIC3JNQHZBX3K5SFY6BOLRC4Q\">Na verdade, eles existiram. Entre eles, havia uma equipe de v\u00eddeo da Fox News que relatou devidamente o tamanho da multid\u00e3o, que era de fato bem grande.<\/p>\n<p class=\"article__paragraph article__paragraph--left\" id=\"QNUF5DFQJRFP5DDHGQ6L2YMN6A\">Isso n\u00e3o impediu que os ac\u00f3litos radicais de Trump espalhassem essa hist\u00f3ria obviamente falsa pela internet. Enquanto isso, The Donald dobrou a aposta no Truth Social.<\/p>\n<p class=\"article__paragraph article__paragraph--left\" id=\"OEZW4VD3WFD3PLKP5EECFLWYJE\">\u201cOlha, n\u00f3s a pegamos com uma &#39;multid\u00e3o&#39; falsa. N\u00e3o tinha ningu\u00e9m l\u00e1!\u201d, ele escreveu em um post posterior.<\/p>\n<p class=\"article__paragraph article__paragraph--left\" id=\"PMAHLLESYFBITOZWW7L3ZAQU5Q\">N\u00e3o foi a campanha de Harris que foi \u201cpega\u201d. Foi Trump. Ele caiu em um meme falso.<\/p>\n<p class=\"article__paragraph article__paragraph--left\" id=\"SYN65GME4JGCNBVOAJYZLNGTOQ\">Mas a campanha de Harris foi t\u00e3o ruim quanto. Na verdade, eles ca\u00edram em um meme da internet que era, sem d\u00favida, pior.<\/p>\n<p class=\"article__paragraph article__paragraph--left\" id=\"4MR3KZFB65B7HPG5CHT5X74AYU\">Isso aconteceu quando, em seu discurso de aceita\u00e7\u00e3o, o candidato a vice-presidente Tim Walz repetiu outra farsa da internet que foi facilmente comprovada como falsa.<\/p>\n<hr\/>\n<p>    <b><i><label for=\"email\">N\u00e3o perca o melhor em editoriais, colunas de opini\u00e3o e coment\u00e1rios dos escritores do NJ.com. Adicione seu e-mail aqui:<br \/>\n<\/label><\/i><\/b><br \/>\n    <input type=\"text\" name=\"email\"\/><br \/>\n    <br \/>\n    <input type=\"submit\" value=\"Subscribe\"\/><\/p>\n<hr\/>\n<p class=\"article__paragraph article__paragraph--left\" id=\"FNWEYOQEKRH7PG7UNVW6YARW6Q\">Essa foi a alega\u00e7\u00e3o, supostamente retirada do livro &#8220;Hillbilly Elegy&#8221;, do republicano JD Vance, de que em sua juventude Vance e seus colegas de faculdade faziam sexo com uma luva de borracha lubrificada enfiada entre as almofadas de um sof\u00e1.<\/p>\n<p class=\"article__paragraph article__paragraph--left\" id=\"4QTLDAXB2FFFJKZOBCHDDXAWRE\">Isso veio \u00e0 tona depois que um brincalh\u00e3o da internet copiou o estilo de escrita e a fonte do livro e inseriu uma passagem.<\/p>\n<p class=\"article__paragraph article__paragraph--left\" id=\"PKY64H347RB6NAVPS735LQPNNA\">Como a maioria desses memes, ele foi quase instantaneamente desmascarado. Mas isso n\u00e3o impediu Walz de se referir a ele durante seu discurso de aceita\u00e7\u00e3o.<\/p>\n<p class=\"article__paragraph article__paragraph--left\" id=\"MWHTEBGZKZFD7KHHPQ4KASJ75I\">\u201cE eu tenho que te dizer; mal posso esperar para debater com esse cara\u201d, disse Walz. \u201cIsso se ele estiver disposto a sair do sof\u00e1 e aparecer.\u201d<\/p>\n<p class=\"article__paragraph article__paragraph--left\" id=\"S7FJ7QI6FBDJVHJ2GLN47MEMUM\">A multid\u00e3o enlouqueceu, mas at\u00e9 um dos meus amigos democratas disse: &#8220;Isso foi um golpe baixo&#8221;.<\/p>\n<p class=\"article__paragraph article__paragraph--left\" id=\"KDCWJDENJFFEJIA6S36ZF6ZLI4\">Ele quis dizer isso tanto literal quanto figurativamente.<\/p>\n<p class=\"article__paragraph article__paragraph--left\" id=\"F4AQQEZQYFASJA52L2JIJHLVPI\">E \u00e9 para l\u00e1 que esta campanha est\u00e1 indo \u2013 de ambos os lados.<\/p>\n<p class=\"article__paragraph article__paragraph--left\" id=\"PILAIJZREBEPJA5QHSXDH7HDZM\">Alguns humoristas do lado de Trump responderam com uma alega\u00e7\u00e3o de que, na juventude, Walz teve que fazer uma lavagem estomacal porque havia bebido s\u00eamen de cavalo.<\/p>\n<p class=\"article__paragraph article__paragraph--left\" id=\"IOIKXO342VET3DHOP6ZNFQD5RI\">Isso foi desmascarado por todos os meus colegas da grande m\u00eddia.<\/p>\n<p class=\"article__paragraph article__paragraph--left\" id=\"HAEB2D6ZXJD3VCBTG3Y53KDSRM\">Mas esse n\u00e3o foi o caso da refer\u00eancia ao \u201csof\u00e1\u201d.<\/p>\n<p class=\"article__paragraph article__paragraph--left\" id=\"KOYMCGRJYNHX5LTA34DETOVRIM\">Isso gerou manchetes como \u201cTim Walz <a href=\"https:\/\/www.yahoo.com\/news\/tim-walz-lands-zinger-vance-233038620.html\" target=\"_blank\" rel=\"noopener\">acerta um zinger<\/a> sobre Vance sobre aquela hist\u00f3ria do sof\u00e1\u201d e \u201c&#39;<a href=\"https:\/\/www.msn.com\/en-us\/news\/politics\/get-off-the-couch-walzs-jd-vance-joke-throws-dirt-some-say-its-about-time\/ar-AA1opLVm?ocid=BingNewsSerp\" target=\"_blank\" rel=\"noopener\">Sai do sof\u00e1&#39;:<\/a> A piada de Walz sobre JD Vance joga sujeira. Alguns dizem que j\u00e1 era hora.\u201d<\/p>\n<p class=\"article__paragraph article__paragraph--left\" id=\"Z72B4ETELFCA7ELNSP2PR6DSZM\">Mas como algu\u00e9m mais simp\u00e1tico ao lado republicano do argumento, deixe-me dizer que o grupo de c\u00e9rebros do GOP \u2014 se \u00e9 que existe tal coisa \u2014 est\u00e1 ignorando o problema real aqui. Essa \u00e9 a obsess\u00e3o de Trump com o tamanho da multid\u00e3o.<\/p>\n<p class=\"article__paragraph article__paragraph--left\" id=\"2KWQPIFYRNB65LBMFDD2Y3Q7FE\">Em 2016, os grandes com\u00edcios de Donald o lan\u00e7aram no cen\u00e1rio nacional e o \u00edmpeto o levou \u00e0 vit\u00f3ria.<\/p>\n<p class=\"article__paragraph article__paragraph--left\" id=\"IKXBYC6MOJGQXI434Q67HWTPBM\">Mas a campanha de Donald em 2020 provou, sem sombra de d\u00favidas, que grandes multid\u00f5es por si s\u00f3 n\u00e3o significam necessariamente grande comparecimento.<\/p>\n<p class=\"article__paragraph article__paragraph--left\" id=\"27LFTH5DGZBP3BQVTKJMCXWMGM\">O tamanho da multid\u00e3o naquele ano levou Trump a acreditar que n\u00e3o precisava investir em esfor\u00e7os para mobilizar eleitores.<\/p>\n<p class=\"article__paragraph article__paragraph--left\" id=\"7YZKTE2ADZB5FCMCLJMWVV5U2Y\">Isso permitiu que os democratas aproveitassem todas as c\u00e9dulas de vota\u00e7\u00e3o enviadas pelo correio durante a crise da COVID,<\/p>\n<p class=\"article__paragraph article__paragraph--left\" id=\"DZKQ2D7BBJDF7OF46Z3F64CB6I\">Enquanto isso, Trump disse aos seus eleitores para n\u00e3o votarem pelo correio, mas para comparecerem \u00e0s urnas no dia da elei\u00e7\u00e3o.<\/p>\n<p class=\"article__paragraph article__paragraph--left\" id=\"IWE2QIMDUVA53NLDX3JUCKN72Y\">Mas caminhar at\u00e9 a caixa de correio \u00e9 muito mais f\u00e1cil do que dirigir at\u00e9 o local de vota\u00e7\u00e3o.<\/p>\n<p class=\"article__paragraph article__paragraph--left\" id=\"B6URY3K26JAX7OSJ6YEOW6UAFE\">Houve algumas indica\u00e7\u00f5es de que Trump aprendeu a li\u00e7\u00e3o. No entanto, essa farsa de Detroit revela que ele ainda est\u00e1 obcecado com sua popularidade pessoal em vez do bem de seu partido.<\/p>\n<p class=\"article__paragraph article__paragraph--left\" id=\"TJMHTMC5HFFSJJ4F2GPFBECBDY\">Mas popularidade e voto popular s\u00e3o duas coisas diferentes. E em 2020, Joe Biden obteve sete milh\u00f5es de votos a mais que Trump.<\/p>\n<p class=\"article__paragraph article__paragraph--left\" id=\"ZBVZYI4DFVELVFAWB7HOKFQHHQ\">Quando menciono isso para f\u00e3s obstinados de The Donald, sempre recebo a mesma resposta: &#8220;Voc\u00ea realmente n\u00e3o acredita que ele conseguiu mais sete milh\u00f5es de votos, acredita?&#8221;<\/p>\n<p class=\"article__paragraph article__paragraph--left\" id=\"YDVZNVTMZ5EWLD7RTITDENLTK4\">N\u00e3o importa no que eu acredito.<\/p>\n<p class=\"article__paragraph article__paragraph--left\" id=\"GQOAV2FB6ZFVBHMZEJVGW4BSJM\">O que os eleitores acreditam importa.<\/p>\n<p class=\"article__paragraph article__paragraph--left\" id=\"2AAENXFP4JBFTAIQIXLGEZY6EI\">E quando se trata dessa campanha, parece que um n\u00famero consider\u00e1vel deles acreditar\u00e1 em qualquer coisa.<\/p>\n<p class=\"article__paragraph article__paragraph--left\" id=\"WRFVDUKYTFF47ID4SAL5I67SB4\">Mais:<a href=\"https:\/\/www.nj.com\/staff\/pmulshin\/posts.html\"> Colunas recentes de Paul Mulshine<\/a><\/p>\n<p class=\"article__paragraph article__paragraph--left\" id=\"UGVFPHUHN5AOVJNQYMTCRQW7TE\"><a href=\"https:\/\/connect.nj.com\/user\/pmulshin\/posts.html\">Paulo Mulshine<\/a> pode ser alcan\u00e7ado em <a href=\"https:\/\/www.nj.com\/opinion\/2024\/08\/mailto:pmulshine@starledger.com\">pmulshine@starledger.com<\/a>.<\/p>\n<p class=\"article__paragraph article__paragraph--left\" id=\"J2FKNA565JC2XFFIFANUV7SNZA\">Siga-o no Twitter <a href=\"http:\/\/twitter.com\/mulshine\/\">@Mulshine.<\/a> Encontrar <a href=\"https:\/\/www.nj.com\/\">NJ.com<\/a> Opini\u00e3o<a href=\"https:\/\/www.facebook.com\/NJ.comOpinion\"> no Facebook <\/a>e <a href=\"https:\/\/twitter.com\/NJ_Opinion\">no Twitter<\/a>.<\/p>\n<\/div>\n<p><script async src=\"\/\/platform.twitter.com\/widgets.js\" charset=\"utf-8\"><\/script><br \/>\n<br \/><br \/>\n<br \/><a href=\"https:\/\/www.nj.com\/opinion\/2024\/08\/i-cant-believe-what-some-people-will-believe-mulshine.html\">Source link <\/a><\/p>","protected":false},"excerpt":{"rendered":"<p>Isso n\u00e3o poderia ter acontecido em pior hora. Estou falando sobre o advento da intelig\u00eancia artificial amig\u00e1vel ao consumidor. Isso realmente precisava acontecer ao mesmo tempo que uma das elei\u00e7\u00f5es&hellip;<\/p>","protected":false},"author":1,"featured_media":25895,"comment_status":"closed","ping_status":"open","sticky":false,"template":"","format":"standard","meta":{"content-type":"","footnotes":""},"categories":[1],"tags":[12736,2102,12727,12714,10600,12710,6809,3835,8189,7071,10232,12732,3673,12722,12729,4251,12708,2185,2164,12704,3635,12716,3631,10540,12737,12735,12734,12733,12731,12730,12728,12726,12725,12724,12723,12721,12720,12719,12718,12717,12715,12713,12712,12711,12709,12707,12706,12705,1294,2177,4321,3903,1338,2184,1325,1317,1310,1307,1301,2159,1288,1290],"class_list":["post-25894","post","type-post","status-publish","format-standard","has-post-thumbnail","hentry","category-uncategorized","tag-palavra-chaveadvento","tag-palavra-chaveaeroporto","tag-palavra-chavealegacao","tag-palavra-chavecampanha","tag-palavra-chavedetroit","tag-palavra-chavedonald","tag-palavra-chavehistoria","tag-palavra-chaveinteligencia","tag-palavra-chaveinternet","tag-palavra-chavelado","tag-palavra-chavelivro","tag-palavra-chavememe","tag-palavra-chavemultidao","tag-palavra-chaveninguem","tag-palavra-chavepopularidade","tag-palavra-chavepostagem","tag-palavra-chavesofa","tag-palavra-chavetamanho","tag-palavra-chavetempo","tag-palavra-chavetrump","tag-palavra-chavetwitter","tag-palavra-chavevance","tag-palavra-chavevoto","tag-palavra-chavewalz","tag-12737","tag-12735","tag-12734","tag-12733","tag-12731","tag-12730","tag-12728","tag-12726","tag-12725","tag-12724","tag-12723","tag-12721","tag-12720","tag-12719","tag-12718","tag-12717","tag-12715","tag-12713","tag-12712","tag-12711","tag-12709","tag-12707","tag-12706","tag-12705","tag-etiquetasubstantivo","tag-frequencia10","tag-frequencia13","tag-frequencia18","tag-frequencia2","tag-frequencia3","tag-frequencia4","tag-frequencia5","tag-frequencia6","tag-frequencia7","tag-frequencia8","tag-frequencia9","tag-pontuacao0","tag-tagnome_proprio"],"_links":{"self":[{"href":"https:\/\/tvbrazilusa.com\/pt\/wp-json\/wp\/v2\/posts\/25894","targetHints":{"allow":["GET"]}}],"collection":[{"href":"https:\/\/tvbrazilusa.com\/pt\/wp-json\/wp\/v2\/posts"}],"about":[{"href":"https:\/\/tvbrazilusa.com\/pt\/wp-json\/wp\/v2\/types\/post"}],"author":[{"embeddable":true,"href":"https:\/\/tvbrazilusa.com\/pt\/wp-json\/wp\/v2\/users\/1"}],"replies":[{"embeddable":true,"href":"https:\/\/tvbrazilusa.com\/pt\/wp-json\/wp\/v2\/comments?post=25894"}],"version-history":[{"count":1,"href":"https:\/\/tvbrazilusa.com\/pt\/wp-json\/wp\/v2\/posts\/25894\/revisions"}],"predecessor-version":[{"id":25896,"href":"https:\/\/tvbrazilusa.com\/pt\/wp-json\/wp\/v2\/posts\/25894\/revisions\/25896"}],"wp:featuredmedia":[{"embeddable":true,"href":"https:\/\/tvbrazilusa.com\/pt\/wp-json\/wp\/v2\/media\/25895"}],"wp:attachment":[{"href":"https:\/\/tvbrazilusa.com\/pt\/wp-json\/wp\/v2\/media?parent=25894"}],"wp:term":[{"taxonomy":"category","embeddable":true,"href":"https:\/\/tvbrazilusa.com\/pt\/wp-json\/wp\/v2\/categories?post=25894"},{"taxonomy":"post_tag","embeddable":true,"href":"https:\/\/tvbrazilusa.com\/pt\/wp-json\/wp\/v2\/tags?post=25894"}],"curies":[{"name":"wp","href":"https:\/\/api.w.org\/{rel}","templated":true}]}}