{"id":25963,"date":"2024-08-18T20:31:06","date_gmt":"2024-08-18T20:31:06","guid":{"rendered":"https:\/\/tvbrazilusa.com\/2024\/08\/18\/eliot-wolf-acredita-que-os-patriots-serao-agressivos-nas-isencoes-apos-o-dia-de-corte\/"},"modified":"2024-08-18T21:19:57","modified_gmt":"2024-08-18T21:19:57","slug":"eliot-wolf-acredita-que-os-patriots-serao-agressivos-nas-isencoes-apos-o-dia-de-corte","status":"publish","type":"post","link":"https:\/\/tvbrazilusa.com\/pt\/2024\/08\/18\/eliot-wolf-acredita-que-os-patriots-serao-agressivos-nas-isencoes-apos-o-dia-de-corte\/","title":{"rendered":"Eliot Wolf acredita que os Patriots ser\u00e3o &#8220;agressivos&#8221; nas isen\u00e7\u00f5es ap\u00f3s o dia de corte"},"content":{"rendered":"<p> <script async src=\"https:\/\/pagead2.googlesyndication.com\/pagead\/js\/adsbygoogle.js?client=ca-pub-8864793242727901\"\r\n     crossorigin=\"anonymous\"><\/script><br \/>\n<\/p>\n<div id=\"\">\n<header class=\"m-article-header m-article-header--standard\">\n\t\t\t\t\t\t\t\t\t\t\t\t<span id=\"article-header-primary-term\"><br \/>\n\t\t\t\t\t\t\t\t<a class=\"a-term a-term--primary\" href=\"https:\/\/www.boston.com\/tag\/new-england-patriots\/\"><\/p>\n<p>\t\t\t\t\t\t\t\tPatriotas\t\t\t\t\t\t\t\t<\/a><br \/>\n\t\t\t\t\t\t\t<\/span><\/p>\n<h2 class=\"m-article-header__sub-headline\">Os Patriots t\u00eam a terceira maior prioridade na lista de dispensas, o que os coloca em uma boa posi\u00e7\u00e3o para adicionar jogadores.<\/h2>\n<figure class=\"a-photo m-article-header__photo\"><figcaption class=\"a-photo__caption\">\n<p>\tEliot Wolf est\u00e1 no meio de sua primeira temporada comandando as opera\u00e7\u00f5es de futebol americano dos Patriots.<em> (Foto AP\/Michael Conroy)<\/em>\t<\/figcaption><\/figure>\n<\/header>\n<p>O dia de corte est\u00e1 chegando na NFL, mas os Patriots est\u00e3o em uma posi\u00e7\u00e3o vantajosa para continuar construindo seu elenco depois de 27 de agosto.<\/p>\n<p>Os Patriots t\u00eam a terceira maior prioridade na lista de dispensas, o que lhes d\u00e1 uma vantagem sobre todos os times, exceto dois, para adicionar jogadores que foram cortados, j\u00e1 que as escala\u00e7\u00f5es ser\u00e3o reduzidas para 53 jogadores. <\/p>\n<p>O vice-presidente executivo de pessoal de jogadores dos Patriots, Eliot Wolf, parece disposto a usar esse recurso quando a oportunidade surgir no final de agosto.<\/p>\n<p>\u201cSim, com certeza\u201d, Wolf disse quando perguntado sobre a vantagem de ter a terceira prioridade no waiver-wire no domingo. \u201cNosso departamento de olheiros agora, tudo o que eles est\u00e3o fazendo \u00e9 apenas assistir ao filme da pr\u00e9-temporada, observando jogadores, conversando com outros times, vendo quem pode ficar dispon\u00edvel. Ter uma terceira vaga de reivindica\u00e7\u00e3o \u00e9 uma boa vantagem, e seremos agressivos, eu acho.\u201d<\/p>\n<figure class=\"wp-block-embed is-type-video is-provider-sendtonews wp-block-embed-sendtonews\"\/>\n<p>Obviamente n\u00e3o se sabe quem estar\u00e1 dispon\u00edvel no waiver wire em 27 de agosto, mas os Patriots certamente t\u00eam algumas \u00e1reas onde podem melhorar. A linha ofensiva \u00e9 a mais not\u00e1vel, lutando durante todo o acampamento, pois ainda n\u00e3o decidiram uma unidade titular.<\/p>\n<p>No entanto, Wolf expressou alguma satisfa\u00e7\u00e3o com a unidade no domingo. <\/p>\n<p>\u201cEstamos bem confort\u00e1veis \u200b\u200bcom nosso grupo agora\u201d, ele disse sobre a possibilidade de adicionar um jogador de linha ofensiva. \u201cObviamente, vamos procurar melhorar a linha ofensiva ou qualquer posi\u00e7\u00e3o, se acharmos que podemos.\u201d<\/p>\n<p>Os Patriots tamb\u00e9m poderiam se dar ao luxo de fazer um upgrade com um novo wide receiver. A New England buscou Brandon Aiyuk em uma troca no in\u00edcio de agosto. Os Patriots supostamente tinham uma troca em andamento com os 49ers, mas o acordo fracassou porque Aiyuk n\u00e3o se comprometeu com uma extens\u00e3o de longo prazo com a New England.<\/p>\n<p>Enquanto a situa\u00e7\u00e3o de Aiyuk continua sem solu\u00e7\u00e3o em S\u00e3o Francisco, Wolf fechou a porta para uma poss\u00edvel retomada de contato com os 49ers e o recebedor sobre a possibilidade de fechar um acordo.<\/p>\n<p>\u201cEra uma esp\u00e9cie de situa\u00e7\u00e3o em que ele ainda estava em S\u00e3o Francisco, e isso ainda n\u00e3o foi resolvido do ponto de vista deles\u201d, disse Wolf. \u201cMas n\u00f3s simplesmente sentimos que, organizacionalmente, nossos jovens recebedores tiveram uma semana muito boa, e eles continuam a progredir, ent\u00e3o estamos animados com esses caras.\u201d<\/p>\n<p>Se os Patriots ainda estiverem interessados \u200b\u200bem adicionar um recebedor, provavelmente haver\u00e1 alguns veteranos not\u00e1veis \u200b\u200bna posi\u00e7\u00e3o que ser\u00e3o cortados, como acontece todo ano. Recebedor dos Commanders, Jahan Dotson <a href=\"https:\/\/x.com\/greggrosenthal\/status\/1824509813499498798?ref_src=twsrc%5Egoogle%7Ctwcamp%5Eserp%7Ctwgr%5Etweet\" target=\"_blank\" rel=\"noreferrer noopener\">parece uma possibilidade intrigante poss\u00edvel<\/a> se ele for cortado. A escolha de primeira rodada de 2022 tem 84 recep\u00e7\u00f5es para 1.041 jardas e 11 touchdowns em 29 jogos na carreira. <\/p>\n<p>Defensivamente, edge rusher parece uma \u00e1rea \u00f3bvia de necessidade depois que os Patriots negociaram Matthew Judon. Os Patriots tiveram alguns destaques no departamento de pass rush neste ver\u00e3o, com Deatrich Wise Jr., Keion White e Oshane Ximines fazendo barulho. <\/p>\n<p>O t\u00e9cnico principal dos Patriots, Jerod Mayo, observou anteriormente que o time &#8220;passou anos sem ter um corredor de primeira linha&#8221;, o que aparentemente daria credibilidade \u00e0 ideia de que eles poderiam adicionar corredores de ponta. <\/p>\n<p>O defensive tackle tamb\u00e9m parece ser outra poss\u00edvel necessidade para os Patriots. A incerteza em torno do status de Christian Barmore para a temporada de 2024 deixa a Nova Inglaterra sem um lineman interior com alto potencial. Embora seja improv\u00e1vel que eles encontrem um defensive tackle que possa ser t\u00e3o bom quanto Barmore, eles poderiam usar a ajuda. <\/p>\n<p>Independentemente da necessidade, os Patriots est\u00e3o em uma posi\u00e7\u00e3o relativamente boa para adicionar talentos ao elenco ap\u00f3s o dia de redu\u00e7\u00e3o. <\/p>\n<div class=\"m-block m-generic-cta\t m-generic-cta--post-content\t m-generic-cta--dark\t m-generic-cta--homepage\t m-generic-cta--email-signup\t\t m-generic-cta-block-style--default \tt-amp__generic-cta\"><\/p>\n<div class=\"m-generic-cta__wrap\">\n<div class=\"m-generic-cta__content\">\n<h3 class=\"m-generic-cta__title\">Inscreva-se para receber atualiza\u00e7\u00f5es dos Patriots\ud83c\udfc8<\/h3>\n<p class=\"m-generic-cta__subtitle\">Receba not\u00edcias de \u00faltima hora e an\u00e1lises na sua caixa de entrada durante a temporada de futebol.<\/p>\n<\/p><\/div>\n<\/p><\/div>\n<\/div><\/div>\n<p><script>\n\t\tvar consent=\"grant\";\n\t\t\/* The above code is parsing the JSON data from the local storage and storing it in a variable. *\/\n\t\t\t\t\tconst onetrustStorageConsent = JSON.parse(localStorage.getItem( 'consent_one_trust_bdc' ) );\n\t\t\tif ( ( onetrustStorageConsent !== null ) ) {\n\t\t\t\t\/* Checking to see if the user has consented to the use of cookies.\n\t\t\t\t* If they have not, it is deleting the cookie.\n\t\t\t\t* This will comment for now, until further notice.\n\t\t\t\t*\/\n\t\t\t\t\/\/if ( onetrustStorageConsent.C0002 === false ) {\n\t\t\t\t\/\/\tdocument.cookie=\"_fbp=;expires=Thu, 01 Jan 2010 00:00:00 UTC; path=\/; domain=.boston.com\";\n\t\t\t\t\/\/}\n\t\t\t\t\/* Checking if the user has given consent for the cookie C0002.\n\t\t\t\t* If the user has given consent, the variable consent will be set to 'grant'.\n\t\t\t\t* If the user has not given consent,the variable consent will be set to 'revoke'.\n\t\t\t\t* Documentation https:\/\/developers.facebook.com\/docs\/meta-pixel\/implementation\/gdpr\n\t\t\t\t*\/\n\t\t\t\tif ( onetrustStorageConsent.C0002 !== true ) {\n\t\t\t\t\tconsent=\"revoke\";\n\t\t\t\t}\n\t\t\t}\n\t\t\t\t!function(f,b,e,v,n,t,s)\n\t\t{if(f.fbq)return;n=f.fbq=function(){n.callMethod?\n\t\tn.callMethod.apply(n,arguments):n.queue.push(arguments)};\n\t\tif(!f._fbq)f._fbq=n;n.push=n;n.loaded=!0;n.version='2.0';\n\t\tn.queue=[];t=b.createElement(e);t.async=!0;\n\t\tt.src=v;s=b.getElementsByTagName(e)[0];\n\t\ts.parentNode.insertBefore(t,s)}(window, document,'script',\n\t\t'https:\/\/connect.facebook.net\/en_US\/fbevents.js');\n\t\tfbq('consent', consent);\n\t\tfbq('init', '989222871864976');\n\t\tfbq('track', 'PageView');\n\t<\/script><script type=\"module\">\n\t\tvar consent=\"grant\";\n\t\t\/* The above code is parsing the JSON data from the local storage and storing it in a variable. *\/\n\t\t\tconst onetrustStorageConsent = JSON.parse(localStorage.getItem( 'consent_one_trust_bdc' ) );\n\t\t\t\/* Checking to see if the user has consented to the use of cookies.\n\t\t\t* If they have not, it is deleting the cookie.\n\t\t\t* This will comment for now, until further notice.\n\t\t\t*\/\n\t\t\t\/\/if ( onetrustStorageConsent.C0002 === false ) {\n\t\t\t\/\/\tdocument.cookie=\"_fbp=;expires=Thu, 01 Jan 2010 00:00:00 UTC; path=\/; domain=.boston.com\";\n\t\t\t\/\/}\n\t\t\t\/* Checking if the user has given consent for the cookie C0002.\n\t\t\t* If the user has given consent, the variable consent will be set to 'grant'.\n\t\t\t* If the user has not given consent,the variable consent will be set to 'revoke'.\n\t\t\t* Documentation https:\/\/developers.facebook.com\/docs\/meta-pixel\/implementation\/gdpr\n\t\t\t*\/\n\t\t\tif ( ( onetrustStorageConsent !== null ) && (onetrustStorageConsent.C0002 !== true ) ) {\n\t\t\t\tconsent=\"revoke\";\n\t\t\t}\n\t\t\t\t!function(f,b,e,v,n,t,s){if(f.fbq)return;n=f.fbq=function()\n\t\t{n.callMethod? n.callMethod.apply(n,arguments):n.queue.push(arguments)}\n\t\t;if(!f._fbq)f._fbq=n;\n\t\tn.push=n;n.loaded=!0;n.version='2.0';n.queue=[];t=b.createElement(e);t.async=!0;\n\t\tt.src=v;s=b.getElementsByTagName(e)[0];s.parentNode.insertBefore(t,s)}(window,\n\t\tdocument,'script','https:\/\/connect.facebook.net\/en_US\/fbevents.js');\n\t\tfbq('consent', consent);\n\t\tfbq('init', '813236348753005');\n\t\tfbq('track', \"PageView\");\n\t<\/script><br \/>\n<br \/><br \/>\n<br \/><a href=\"https:\/\/www.boston.com\/sports\/new-england-patriots\/2024\/08\/18\/patriots-cutdown-day-waivers-eliot-wolf\/\">Source link <\/a><\/p>","protected":false},"excerpt":{"rendered":"<p>Patriotas Os Patriots t\u00eam a terceira maior prioridade na lista de dispensas, o que os coloca em uma boa posi\u00e7\u00e3o para adicionar jogadores. Eliot Wolf est\u00e1 no meio de sua&hellip;<\/p>","protected":false},"author":1,"featured_media":25964,"comment_status":"closed","ping_status":"open","sticky":false,"template":"","format":"standard","meta":{"content-type":"","footnotes":""},"categories":[1],"tags":[],"class_list":["post-25963","post","type-post","status-publish","format-standard","has-post-thumbnail","hentry","category-uncategorized"],"_links":{"self":[{"href":"https:\/\/tvbrazilusa.com\/pt\/wp-json\/wp\/v2\/posts\/25963","targetHints":{"allow":["GET"]}}],"collection":[{"href":"https:\/\/tvbrazilusa.com\/pt\/wp-json\/wp\/v2\/posts"}],"about":[{"href":"https:\/\/tvbrazilusa.com\/pt\/wp-json\/wp\/v2\/types\/post"}],"author":[{"embeddable":true,"href":"https:\/\/tvbrazilusa.com\/pt\/wp-json\/wp\/v2\/users\/1"}],"replies":[{"embeddable":true,"href":"https:\/\/tvbrazilusa.com\/pt\/wp-json\/wp\/v2\/comments?post=25963"}],"version-history":[{"count":1,"href":"https:\/\/tvbrazilusa.com\/pt\/wp-json\/wp\/v2\/posts\/25963\/revisions"}],"predecessor-version":[{"id":25965,"href":"https:\/\/tvbrazilusa.com\/pt\/wp-json\/wp\/v2\/posts\/25963\/revisions\/25965"}],"wp:featuredmedia":[{"embeddable":true,"href":"https:\/\/tvbrazilusa.com\/pt\/wp-json\/wp\/v2\/media\/25964"}],"wp:attachment":[{"href":"https:\/\/tvbrazilusa.com\/pt\/wp-json\/wp\/v2\/media?parent=25963"}],"wp:term":[{"taxonomy":"category","embeddable":true,"href":"https:\/\/tvbrazilusa.com\/pt\/wp-json\/wp\/v2\/categories?post=25963"},{"taxonomy":"post_tag","embeddable":true,"href":"https:\/\/tvbrazilusa.com\/pt\/wp-json\/wp\/v2\/tags?post=25963"}],"curies":[{"name":"wp","href":"https:\/\/api.w.org\/{rel}","templated":true}]}}