{"id":26039,"date":"2024-08-19T02:09:53","date_gmt":"2024-08-19T02:09:53","guid":{"rendered":"https:\/\/tvbrazilusa.com\/2024\/08\/19\/mais-de-20-feridos-apos-roda-gigante-pegar-fogo-em-festival-de-musica-na-alemanha-wsvn-7news-noticias-de-miami-clima-esportes-fort-lauderdale\/"},"modified":"2024-08-19T02:21:25","modified_gmt":"2024-08-19T02:21:25","slug":"mais-de-20-feridos-apos-roda-gigante-pegar-fogo-em-festival-de-musica-na-alemanha-wsvn-7news-noticias-de-miami-clima-esportes-fort-lauderdale","status":"publish","type":"post","link":"https:\/\/tvbrazilusa.com\/pt\/2024\/08\/19\/mais-de-20-feridos-apos-roda-gigante-pegar-fogo-em-festival-de-musica-na-alemanha-wsvn-7news-noticias-de-miami-clima-esportes-fort-lauderdale\/","title":{"rendered":"Mais de 20 feridos ap\u00f3s roda gigante pegar fogo em festival de m\u00fasica na Alemanha &#8211; WSVN 7News | Not\u00edcias de Miami, Clima, Esportes | Fort Lauderdale"},"content":{"rendered":"<p> <script async src=\"https:\/\/pagead2.googlesyndication.com\/pagead\/js\/adsbygoogle.js?client=ca-pub-8864793242727901\"\r\n     crossorigin=\"anonymous\"><\/script><br \/>\n<\/p>\n<div itemprop=\"articleBody\">\n<p><strong>(CNN) \u2014 <\/strong>Mais de 20 pessoas ficaram feridas depois que uma roda-gigante em um festival de m\u00fasica na Alemanha pegou fogo na noite de s\u00e1bado.<\/p>\n<p>Imagens mostram dois vag\u00f5es do brinquedo pegando fogo enquanto fuma\u00e7a sobe no ar no Festival Highfield, perto da cidade de Leipzig.<\/p>\n<p>De acordo com um comunicado da pol\u00edcia da Sax\u00f4nia, o brinquedo pegou fogo pouco depois das 21h, hor\u00e1rio local, por motivos ainda n\u00e3o esclarecidos.<\/p>\n<p>Quatro pessoas sofreram queimaduras devido ao incidente, disse o comunicado, enquanto outra foi tratada por ferimentos causados \u200b\u200bpor queda.<\/p>\n<p>De acordo com o comunicado, 18 pessoas, incluindo socorristas, policiais e outros participantes do passeio, entraram em contato com a fuma\u00e7a e foram levadas a hospitais para tratamento m\u00e9dico.<\/p>\n<p>A pol\u00edcia iniciou uma investiga\u00e7\u00e3o. A cena do incidente foi isolada.<\/p>\n<p>O rapper alem\u00e3o Ski Aggu estava se apresentando no palco do festival quando a roda gigante pegou fogo. Mais tarde, ele foi aos seus stories do Instagram para escrever que estava &#8220;consternado e chocado&#8221; com os eventos da noite.<\/p>\n<p>Ele acrescentou que lhe disseram em seu ouvido que ele n\u00e3o deveria \u201ccancelar o show em nenhuma circunst\u00e2ncia\u201d, mas sim manter o di\u00e1logo com a multid\u00e3o para evitar qualquer p\u00e2nico em massa.<\/p>\n<p><em>The-CNN-Wire\u2122 &#038; \u00a9 2024 Cable News Network, Inc., uma empresa Time Warner. Todos os direitos reservados.<\/em><\/p>\n<div class=\"wp-block-newsletter\">\n\t<strong class=\"wp-block-newsletter__title\">Inscreva-se em nossa Newsletter para receber as \u00faltimas not\u00edcias diretamente na sua caixa de entrada<\/strong><\/p>\n<\/div><\/div>\n<p><br \/>\n<br \/><a href=\"https:\/\/wsvn.com\/news\/us-world\/more-than-20-injured-after-ferris-wheel-catches-fire-at-music-festival-in-germany\/\">Source link <\/a><\/p>","protected":false},"excerpt":{"rendered":"<p>(CNN) \u2014 Mais de 20 pessoas ficaram feridas depois que uma roda-gigante em um festival de m\u00fasica na Alemanha pegou fogo na noite de s\u00e1bado. Imagens mostram dois vag\u00f5es do&hellip;<\/p>","protected":false},"author":1,"featured_media":26040,"comment_status":"closed","ping_status":"open","sticky":false,"template":"","format":"standard","meta":{"content-type":"","footnotes":""},"categories":[1],"tags":[],"class_list":["post-26039","post","type-post","status-publish","format-standard","has-post-thumbnail","hentry","category-uncategorized"],"_links":{"self":[{"href":"https:\/\/tvbrazilusa.com\/pt\/wp-json\/wp\/v2\/posts\/26039","targetHints":{"allow":["GET"]}}],"collection":[{"href":"https:\/\/tvbrazilusa.com\/pt\/wp-json\/wp\/v2\/posts"}],"about":[{"href":"https:\/\/tvbrazilusa.com\/pt\/wp-json\/wp\/v2\/types\/post"}],"author":[{"embeddable":true,"href":"https:\/\/tvbrazilusa.com\/pt\/wp-json\/wp\/v2\/users\/1"}],"replies":[{"embeddable":true,"href":"https:\/\/tvbrazilusa.com\/pt\/wp-json\/wp\/v2\/comments?post=26039"}],"version-history":[{"count":1,"href":"https:\/\/tvbrazilusa.com\/pt\/wp-json\/wp\/v2\/posts\/26039\/revisions"}],"predecessor-version":[{"id":26041,"href":"https:\/\/tvbrazilusa.com\/pt\/wp-json\/wp\/v2\/posts\/26039\/revisions\/26041"}],"wp:featuredmedia":[{"embeddable":true,"href":"https:\/\/tvbrazilusa.com\/pt\/wp-json\/wp\/v2\/media\/26040"}],"wp:attachment":[{"href":"https:\/\/tvbrazilusa.com\/pt\/wp-json\/wp\/v2\/media?parent=26039"}],"wp:term":[{"taxonomy":"category","embeddable":true,"href":"https:\/\/tvbrazilusa.com\/pt\/wp-json\/wp\/v2\/categories?post=26039"},{"taxonomy":"post_tag","embeddable":true,"href":"https:\/\/tvbrazilusa.com\/pt\/wp-json\/wp\/v2\/tags?post=26039"}],"curies":[{"name":"wp","href":"https:\/\/api.w.org\/{rel}","templated":true}]}}