{"id":26060,"date":"2024-08-19T02:32:10","date_gmt":"2024-08-19T02:32:10","guid":{"rendered":"https:\/\/tvbrazilusa.com\/2024\/08\/19\/milhares-de-ativistas-sao-esperados-em-chicago-para-a-convencao-democrata-para-pedir-cessar-fogo-em-gaza-wsvn-7news-noticias-de-miami-clima-esportes-fort-lauderdale\/"},"modified":"2024-08-19T03:40:39","modified_gmt":"2024-08-19T03:40:39","slug":"milhares-de-ativistas-sao-esperados-em-chicago-para-a-convencao-democrata-para-pedir-cessar-fogo-em-gaza-wsvn-7news-noticias-de-miami-clima-esportes-fort-lauderdale","status":"publish","type":"post","link":"https:\/\/tvbrazilusa.com\/pt\/2024\/08\/19\/milhares-de-ativistas-sao-esperados-em-chicago-para-a-convencao-democrata-para-pedir-cessar-fogo-em-gaza-wsvn-7news-noticias-de-miami-clima-esportes-fort-lauderdale\/","title":{"rendered":"Milhares de ativistas s\u00e3o esperados em Chicago para a conven\u00e7\u00e3o democrata para pedir cessar-fogo em Gaza &#8211; WSVN 7News | Not\u00edcias de Miami, Clima, Esportes | Fort Lauderdale"},"content":{"rendered":"<p> <script async src=\"https:\/\/pagead2.googlesyndication.com\/pagead\/js\/adsbygoogle.js?client=ca-pub-8864793242727901\"\r\n     crossorigin=\"anonymous\"><\/script><br \/>\n<\/p>\n<div itemprop=\"articleBody\">\n<p>CHICAGO (AP) \u2014 Milhares de ativistas devem se reunir em Chicago esta semana para a <a href=\"https:\/\/wsvn.com\/news\/politics\/convention-delegates-will-nominate-harris-again-this-time-theres-less-suspense-and-more-pizzazz\/\">Conven\u00e7\u00e3o Nacional Democrata<\/a>na esperan\u00e7a de chamar a aten\u00e7\u00e3o para os direitos ao aborto, a injusti\u00e7a econ\u00f4mica e a guerra em Gaza.<\/p>\n<p>Enquanto a vice-presidente Kamala Harris energizou multid\u00f5es de apoiadores enquanto se preparava para aceitar a nomea\u00e7\u00e3o democrata, ativistas progressistas afirmam que sua miss\u00e3o continua a mesma.<\/p>\n<p>Ativistas dizem que aprenderam li\u00e7\u00f5es com a Conven\u00e7\u00e3o Nacional Republicana do m\u00eas passado em Milwaukee e est\u00e3o prevendo multid\u00f5es maiores e manifesta\u00e7\u00f5es mais vigorosas em Chicago, uma cidade com profundas ra\u00edzes de ativismo social.<\/p>\n<h4 class=\"wp-block-heading\">Quem est\u00e1 protestando?<\/h4>\n<p>Manifesta\u00e7\u00f5es s\u00e3o esperadas todos os dias da conven\u00e7\u00e3o e, embora suas agendas variem, muitos ativistas concordam que um cessar-fogo imediato na guerra entre Israel e o Hamas \u00e9 a prioridade.<\/p>\n<p>As coisas come\u00e7aram no domingo, na v\u00e9spera da conven\u00e7\u00e3o, com uma marcha pela Michigan Avenue contra a guerra em Gaza e a favor do aborto e dos direitos LGBTQ+. A marcha come\u00e7ou no final da tarde e se estendeu noite adentro.<\/p>\n<p>A pol\u00edcia alinhou a rota da marcha e n\u00e3o havia sinais de grandes conflitos. Em um ponto, ativistas antiaborto encenaram um pequeno contraprotesto.<\/p>\n<p>A pol\u00edcia n\u00e3o respondeu imediatamente a um e-mail perguntando se houve pris\u00f5es mais de tr\u00eas horas ap\u00f3s o in\u00edcio da marcha.<\/p>\n<p>A organizadora Linda Loew disse que, embora os democratas tenham pressionado para salvaguardar os direitos reprodutivos em casa, a quest\u00e3o \u00e9 internacional. Eles marcharam em solidariedade com pessoas em todos os lugares que lutam pelo direito de controlar o que acontece com seus corpos, bem como para protestar contra o dinheiro que os EUA gastam para apoiar guerras que poderiam ser usadas para assist\u00eancia m\u00e9dica, disse ela.<\/p>\n<p>\u201cAcreditamos que os bilh\u00f5es de d\u00f3lares que continuam a fluir para o estado de Israel e o fluxo de armas est\u00e3o tendo um impacto desmesurado e horr\u00edvel, mas em particular sobre mulheres, crian\u00e7as e os nascituros\u201d, ela disse. \u201cTodas essas coisas est\u00e3o interligadas.\u201d<\/p>\n<p>O maior grupo, a Coaliz\u00e3o para Marchar na Conven\u00e7\u00e3o Nacional Democrata, planejou manifesta\u00e7\u00f5es no primeiro e no \u00faltimo dia da conven\u00e7\u00e3o.<\/p>\n<p>Os organizadores dizem que esperam pelo menos 20.000 ativistas, incluindo estudantes que protestaram contra a guerra nos campi universit\u00e1rios.<\/p>\n<p>\u201cAs pessoas com poder estar\u00e3o l\u00e1\u201d, disse Liz Rathburn, uma organizadora estudantil da University of Illinois Chicago. \u201cAs pessoas dentro do United Center s\u00e3o as pessoas que decidir\u00e3o nossa pol\u00edtica externa de uma forma ou de outra.\u201d<\/p>\n<h4 class=\"wp-block-heading\">Onde eles est\u00e3o protestando?<\/h4>\n<p>Ativistas processaram a cidade no in\u00edcio deste ano, dizendo que as restri\u00e7\u00f5es sobre onde eles podem se manifestar violam seus direitos constitucionais.<\/p>\n<p>L\u00edderes de Chicago rejeitaram seus pedidos de autoriza\u00e7\u00e3o para protestar perto do United Center, no lado oeste da cidade, onde a conven\u00e7\u00e3o est\u00e1 acontecendo, oferecendo em vez disso um parque \u00e0 beira do lago a mais de 5 quil\u00f4metros de dist\u00e2ncia.<\/p>\n<p>Mais tarde, a cidade concordou em permitir manifesta\u00e7\u00f5es em um parque e uma rota de marcha mais pr\u00f3xima do United Center. Um juiz federal recentemente aprovou a rota do grupo de aproximadamente 1,6 quil\u00f4metro (1 milha).<\/p>\n<p>O porta-voz da Coalition to March on the DNC, Hatem Abudayyeh, disse que o grupo est\u00e1 satisfeito por ter conquistado o direito de protestar mais perto da conven\u00e7\u00e3o, mas ele acredita que sua marcha preferida de 2 milhas (3 quil\u00f4metros) seria mais segura para multid\u00f5es maiores. O grupo est\u00e1 fretando \u00f4nibus para ativistas de cerca de meia d\u00fazia de estados.<\/p>\n<p>\u201cEstamos avan\u00e7ando, a toda velocidade\u201d, disse ele.<\/p>\n<p>A cidade designou um parque a cerca de um quarteir\u00e3o do United Center para um palco de palestrantes. Aqueles que se inscreverem ter\u00e3o 45 minutos.<\/p>\n<p>O Ex\u00e9rcito do Povo Pobre, sediado na Filad\u00e9lfia, que defende a justi\u00e7a econ\u00f4mica, planeja se instalar no Humboldt Park, no lado noroeste da cidade, e realizar\u00e1 eventos com os candidatos de terceiros partidos Jill Stein e Cornel West, al\u00e9m de uma marcha de 5 quil\u00f4metros na segunda-feira at\u00e9 o United Center.<\/p>\n<p>Alguns membros do grupo passaram as \u00faltimas semanas marchando mais de 130 quil\u00f4metros de Milwaukee, onde protestaram durante a conven\u00e7\u00e3o republicana.<\/p>\n<p>\u201cPessoas pobres e sem-teto est\u00e3o sendo brutalizadas, com tendas e acampamentos destru\u00eddos e levados por tratores, de S\u00e3o Francisco \u00e0 Filad\u00e9lfia, Gaza e Cisjord\u00e2nia\u201d, disse a porta-voz Cheri Honkala em uma declara\u00e7\u00e3o quando o grupo chegou a Illinois. \u201cEssas viola\u00e7\u00f5es evit\u00e1veis \u200b\u200bde direitos humanos est\u00e3o sendo cometidas por l\u00edderes democratas e republicanos.\u201d<\/p>\n<h4 class=\"wp-block-heading\">Como um novo indicado muda as coisas?<\/h4>\n<p>Muitos ativistas acreditam que nada mudar\u00e1 porque Harris faz parte do governo Biden.<\/p>\n<p>\u201cAs demandas n\u00e3o mudaram. N\u00e3o vi nenhuma mudan\u00e7a de pol\u00edtica\u201d, disse Erica Bentley, uma ativista do Mamas Activating Movements for Abolition and Solidarity. \u201cSe voc\u00ea vai estar aqui, vai ter que ouvir o que \u00e9 importante para n\u00f3s.\u201d<\/p>\n<p>Manifestantes pr\u00f3-palestinos em Chicago t\u00eam sido altamente vis\u00edveis, fechando estradas para o aeroporto e encenando protestos em escrit\u00f3rios do congresso. Alguns est\u00e3o planejando sua pr\u00f3pria conven\u00e7\u00e3o de um dia no domingo com candidatos de terceiros.<\/p>\n<p>\u201cIndependentemente de quem seja o indicado, estamos marchando contra os democratas e suas pol\u00edticas cru\u00e9is que permitiram que Israel matasse mais de 40.000 palestinos em Gaza\u201d, disse Fayaani Aboma Mijana, organizadora da Alian\u00e7a de Chicago contra a Repress\u00e3o Racista e Pol\u00edtica.<\/p>\n<p>N\u00e3o est\u00e1 claro se a conven\u00e7\u00e3o atrair\u00e1 extremistas de direita que apoiam ardentemente o ex-presidente Donald Trump.<\/p>\n<p>O agente especial adjunto do Servi\u00e7o Secreto, Derek Mayer, disse na semana passada que n\u00e3o h\u00e1 amea\u00e7as espec\u00edficas de seguran\u00e7a conhecidas contra a conven\u00e7\u00e3o.<\/p>\n<h4 class=\"wp-block-heading\">Chicago est\u00e1 pronta?<\/h4>\n<p>A conven\u00e7\u00e3o atrair\u00e1 cerca de 50.000 pessoas \u00e0 terceira maior cidade do pa\u00eds, incluindo delegados, ativistas e jornalistas.<\/p>\n<p>A cidade diz que fez os preparativos necess\u00e1rios com a pol\u00edcia e o Servi\u00e7o Secreto. A seguran\u00e7a ser\u00e1 rigorosa, com fechamentos de ruas ao redor do centro de conven\u00e7\u00f5es.<\/p>\n<p>Para combater as preocupa\u00e7\u00f5es com o tr\u00e2nsito, os l\u00edderes da cidade est\u00e3o promovendo uma nova esta\u00e7\u00e3o de trem de US$ 80 milh\u00f5es a poucos passos do United Center. Eles tamb\u00e9m tentaram embelezar a cidade com flores rec\u00e9m-plantadas e novas placas. Os l\u00edderes da cidade tamb\u00e9m limparam um acampamento de moradores de rua nas proximidades.<\/p>\n<p>A pol\u00edcia passou por treinamento sobre policiamento constitucional, tribunais de condado dizem que est\u00e3o abrindo mais espa\u00e7o em antecipa\u00e7\u00e3o a pris\u00f5es em massa e hospitais pr\u00f3ximos \u00e0 zona de seguran\u00e7a est\u00e3o refor\u00e7ando a prepara\u00e7\u00e3o para emerg\u00eancias.<\/p>\n<p>Autoridades e l\u00edderes do estado disseram que pessoas que vandalizarem a cidade ou forem violentas ser\u00e3o presas.<\/p>\n<p>\u201cVamos garantir que as pessoas tenham seus direitos da Primeira Emenda protegidos, para que possam fazer isso de forma segura\u201d, disse o prefeito Brandon Johnson \u00e0 Associated Press em uma entrevista recente.<\/p>\n<p>Mas alguns t\u00eam preocupa\u00e7\u00f5es persistentes com a seguran\u00e7a, temendo que os protestos possam se tornar imprevis\u00edveis ou se transformar em caos.<\/p>\n<p>O ativista Hy Thurman protestou e foi preso na infame conven\u00e7\u00e3o de 1968. O homem de 74 anos agora mora no Alabama, mas planeja vir a Chicago para protestar contra a guerra em Gaza.<\/p>\n<p>\u201c\u00c9 extremamente pessoal para mim\u201d, ele disse. \u201cVejo paralelos.\u201d<\/p>\n<p>O governador de Illinois, JB Pritzker, disse que espera protestos pac\u00edficos.<\/p>\n<p>\u201cPretendemos proteger os direitos da Primeira Emenda dos manifestantes e tamb\u00e9m os moradores da cidade de Chicago e os visitantes de Chicago ao mesmo tempo\u201d, disse Pritzker \u00e0 AP em uma entrevista recente.<\/p>\n<p><em>Copyright 2024 The Associated Press. Todos os direitos reservados. Este material n\u00e3o pode ser publicado, transmitido, reescrito ou redistribu\u00eddo.<\/em><\/p>\n<div class=\"wp-block-newsletter\">\n\t<strong class=\"wp-block-newsletter__title\">Inscreva-se em nossa Newsletter para receber as \u00faltimas not\u00edcias diretamente na sua caixa de entrada<\/strong><\/p>\n<\/div><\/div>\n<p><br \/>\n<br \/><a href=\"https:\/\/wsvn.com\/news\/politics\/thousands-of-activists-expected-in-chicago-for-democratic-convention-to-call-for-gaza-cease-fire\/\">Source link <\/a><\/p>","protected":false},"excerpt":{"rendered":"<p>CHICAGO (AP) \u2014 Milhares de ativistas devem se reunir em Chicago esta semana para a Conven\u00e7\u00e3o Nacional Democratana esperan\u00e7a de chamar a aten\u00e7\u00e3o para os direitos ao aborto, a injusti\u00e7a&hellip;<\/p>","protected":false},"author":1,"featured_media":26061,"comment_status":"closed","ping_status":"open","sticky":false,"template":"","format":"standard","meta":{"content-type":"","footnotes":""},"categories":[1],"tags":[],"class_list":["post-26060","post","type-post","status-publish","format-standard","has-post-thumbnail","hentry","category-uncategorized"],"_links":{"self":[{"href":"https:\/\/tvbrazilusa.com\/pt\/wp-json\/wp\/v2\/posts\/26060","targetHints":{"allow":["GET"]}}],"collection":[{"href":"https:\/\/tvbrazilusa.com\/pt\/wp-json\/wp\/v2\/posts"}],"about":[{"href":"https:\/\/tvbrazilusa.com\/pt\/wp-json\/wp\/v2\/types\/post"}],"author":[{"embeddable":true,"href":"https:\/\/tvbrazilusa.com\/pt\/wp-json\/wp\/v2\/users\/1"}],"replies":[{"embeddable":true,"href":"https:\/\/tvbrazilusa.com\/pt\/wp-json\/wp\/v2\/comments?post=26060"}],"version-history":[{"count":1,"href":"https:\/\/tvbrazilusa.com\/pt\/wp-json\/wp\/v2\/posts\/26060\/revisions"}],"predecessor-version":[{"id":26062,"href":"https:\/\/tvbrazilusa.com\/pt\/wp-json\/wp\/v2\/posts\/26060\/revisions\/26062"}],"wp:featuredmedia":[{"embeddable":true,"href":"https:\/\/tvbrazilusa.com\/pt\/wp-json\/wp\/v2\/media\/26061"}],"wp:attachment":[{"href":"https:\/\/tvbrazilusa.com\/pt\/wp-json\/wp\/v2\/media?parent=26060"}],"wp:term":[{"taxonomy":"category","embeddable":true,"href":"https:\/\/tvbrazilusa.com\/pt\/wp-json\/wp\/v2\/categories?post=26060"},{"taxonomy":"post_tag","embeddable":true,"href":"https:\/\/tvbrazilusa.com\/pt\/wp-json\/wp\/v2\/tags?post=26060"}],"curies":[{"name":"wp","href":"https:\/\/api.w.org\/{rel}","templated":true}]}}