{"id":26069,"date":"2024-08-19T02:28:45","date_gmt":"2024-08-19T02:28:45","guid":{"rendered":"https:\/\/tvbrazilusa.com\/2024\/08\/19\/os-delegados-da-convencao-nomearao-harris-novamente-desta-vez-ha-menos-suspense-e-mais-entusiasmo-wsvn-7news-noticias-de-miami-clima-esportes-fort-lauderdale\/"},"modified":"2024-08-19T04:02:57","modified_gmt":"2024-08-19T04:02:57","slug":"os-delegados-da-convencao-nomearao-harris-novamente-desta-vez-ha-menos-suspense-e-mais-entusiasmo-wsvn-7news-noticias-de-miami-clima-esportes-fort-lauderdale","status":"publish","type":"post","link":"https:\/\/tvbrazilusa.com\/pt\/2024\/08\/19\/os-delegados-da-convencao-nomearao-harris-novamente-desta-vez-ha-menos-suspense-e-mais-entusiasmo-wsvn-7news-noticias-de-miami-clima-esportes-fort-lauderdale\/","title":{"rendered":"Os delegados da conven\u00e7\u00e3o nomear\u00e3o Harris, novamente. Desta vez, h\u00e1 menos suspense e mais entusiasmo &#8211; WSVN 7News | Not\u00edcias de Miami, Clima, Esportes | Fort Lauderdale"},"content":{"rendered":"<p> <script async src=\"https:\/\/pagead2.googlesyndication.com\/pagead\/js\/adsbygoogle.js?client=ca-pub-8864793242727901\"\r\n     crossorigin=\"anonymous\"><\/script><br \/>\n<\/p>\n<div itemprop=\"articleBody\">\n<p>WASHINGTON (AP) \u2014 Mais uma vez, com sentimento!<\/p>\n<p>J\u00e1 faz quase duas semanas desde que a vice-presidente Kamala Harris ganhou oficialmente a nomea\u00e7\u00e3o presidencial democrata em uma vota\u00e7\u00e3o online, a primeira vez que um indicado foi nomeado antes da conven\u00e7\u00e3o de um partido. Mas os cerca de 4.700 delegados encarregados de escolher um indicado para liderar a chapa o fizeram de locais ao redor do mundo em seus laptops e dispositivos em relativo isolamento uns dos outros. N\u00e3o houve nada da pompa e fanfarra que geralmente acompanham a sele\u00e7\u00e3o do porta-estandarte do partido. Em outras palavras, n\u00e3o foi muito divertido.<\/p>\n<p>Os l\u00edderes do partido Democrata esperam compensar isso realizando uma vota\u00e7\u00e3o cerimonial na Conven\u00e7\u00e3o Nacional Democrata, que come\u00e7a na segunda-feira em Chicago. Entre os principais itens da agenda estar\u00e1 o que \u00e9 essencialmente uma reencena\u00e7\u00e3o da vota\u00e7\u00e3o oficial de nomea\u00e7\u00e3o presidencial do in\u00edcio de agosto, espelhando as vota\u00e7\u00f5es nominais \u00e0s vezes festivas, \u00e0s vezes estridentes, que t\u00eam sido um marco das conven\u00e7\u00f5es partid\u00e1rias presenciais por quase 200 anos.<\/p>\n<p>O Comit\u00ea Nacional Democrata chama isso de &#8220;chamada comemorativa&#8221; e disse em um comunicado que o evento daria aos delegados a oportunidade de &#8220;comemorar a nomea\u00e7\u00e3o&#8221; de Harris, que \u00e9 a primeira mulher negra a liderar a chapa presidencial de um grande partido.<\/p>\n<p>Veja como vai funcionar:<\/p>\n<h4 class=\"wp-block-heading\">Quando \u00e9 a chamada comemorativa?<\/h4>\n<p>Os delegados se reunir\u00e3o no plen\u00e1rio da conven\u00e7\u00e3o na ter\u00e7a-feira para dar seus votos simb\u00f3licos. \u00c9 a terceira conven\u00e7\u00e3o democrata consecutiva em que a chamada nominal foi realizada em uma ter\u00e7a-feira e a primeira chamada nominal presencial desde 2016. Por d\u00e9cadas, os democratas realizaram sua chamada nominal em uma quarta-feira, o pen\u00faltimo dia da conven\u00e7\u00e3o.<\/p>\n<h4 class=\"wp-block-heading\">Haver\u00e1 algum suspense na vota\u00e7\u00e3o nominal?<\/h4>\n<p>J\u00e1 faz mais de 40 anos que n\u00e3o h\u00e1 qualquer d\u00favida sobre quem seria o indicado para uma vota\u00e7\u00e3o nominal de conven\u00e7\u00e3o. Desde ent\u00e3o, um \u00fanico candidato sempre surgiu em cada partido como o indicado presuntivo bem antes da conven\u00e7\u00e3o, tornando a vota\u00e7\u00e3o em si uma conclus\u00e3o precipitada.<\/p>\n<p>Isso \u00e9 especialmente verdadeiro na conven\u00e7\u00e3o Democrata de 2024, j\u00e1 que a vota\u00e7\u00e3o cerimonial n\u00e3o \u00e9 vinculativa e n\u00e3o pode desfazer ou modificar os resultados da vota\u00e7\u00e3o oficial anterior para nomear Harris, realizada ao longo de cinco dias na primeira semana de agosto. Isso n\u00e3o quer dizer que n\u00e3o possa haver alguma tentativa de organizar um voto de protesto no plen\u00e1rio da conven\u00e7\u00e3o, mas isso n\u00e3o ter\u00e1 nenhum impacto no resultado.<\/p>\n<p>O resultado da vota\u00e7\u00e3o oficial de nomea\u00e7\u00e3o do in\u00edcio de agosto foi de 4.563 votos para Harris e 52 para \u201cpresente\u201d, a \u00fanica outra op\u00e7\u00e3o na c\u00e9dula. Outros 79 delegados n\u00e3o votaram.<\/p>\n<h4 class=\"wp-block-heading\">Como ser\u00e1 a chamada cerimonial?<\/h4>\n<p>Os organizadores da conven\u00e7\u00e3o indicaram que a vota\u00e7\u00e3o cerimonial seguir\u00e1 o formato geral das chamadas nominais presenciais anteriores, com alguns floreios estil\u00edsticos. As delega\u00e7\u00f5es estaduais ainda anunciar\u00e3o seus votos do plen\u00e1rio da conven\u00e7\u00e3o em uma sess\u00e3o presidida pelo secret\u00e1rio da conven\u00e7\u00e3o. Essas apresenta\u00e7\u00f5es geralmente s\u00e3o uma oportunidade para cada delega\u00e7\u00e3o expressar seu apoio ao indicado e ao partido, ao mesmo tempo em que demonstram seu orgulho pelo estado. Este ano, cada apresenta\u00e7\u00e3o ser\u00e1 acompanhada por uma m\u00fasica para representar a delega\u00e7\u00e3o, semelhante \u00e0 m\u00fasica &#8220;walk-up&#8221; de um rebatedor famoso em um jogo de beisebol. Um DJ tocar\u00e1 a m\u00fasica no palco principal, enquanto imagens ic\u00f4nicas de cada estado e territ\u00f3rio ser\u00e3o exibidas em telas grandes.<\/p>\n<h4 class=\"wp-block-heading\">Qual \u00e9 a ordem de vota\u00e7\u00e3o para os estados?<\/h4>\n<p>O secret\u00e1rio da conven\u00e7\u00e3o convocar\u00e1 as delega\u00e7\u00f5es estaduais a votarem principalmente em ordem alfab\u00e9tica, com algumas exce\u00e7\u00f5es importantes. A vota\u00e7\u00e3o na chamada comemorativa come\u00e7ar\u00e1 com o estado natal do presidente Joe Biden, Delaware, como uma homenagem ao presidente. A vota\u00e7\u00e3o na chamada terminar\u00e1 com o estado natal do candidato a vice-presidente Tim Walz, Minnesota, e o estado natal de Harris, Calif\u00f3rnia. Os organizadores dizem que a ordem modificada simboliza a passagem da tocha de Biden para Harris e a &#8220;pr\u00f3xima gera\u00e7\u00e3o de lideran\u00e7a democrata&#8221;.<\/p>\n<p>Modificar a ordem em que as delega\u00e7\u00f5es emitem seus votos \u00e9 uma ferramenta comum que ambos os partidos t\u00eam usado para coreografar a chamada nominal, a fim de permitir que certos estados desempenhem um papel mais importante no processo.<\/p>\n<h4 class=\"wp-block-heading\">Eles votam diretamente?<\/h4>\n<p>Em vota\u00e7\u00f5es nominais anteriores em conven\u00e7\u00f5es de ambos os partidos, a vota\u00e7\u00e3o para temporariamente quando o indicado ultrapassa os votos necess\u00e1rios para ganhar a indica\u00e7\u00e3o, para que os delegados marquem a ocasi\u00e3o e fa\u00e7am uma celebra\u00e7\u00e3o no plen\u00e1rio. Eventualmente, a vota\u00e7\u00e3o \u00e9 retomada at\u00e9 que todas as delega\u00e7\u00f5es tenham votado. Os organizadores da conven\u00e7\u00e3o n\u00e3o indicaram como ou se os delegados marcariam o marco de Harris conquistando simbolicamente a indica\u00e7\u00e3o. A distin\u00e7\u00e3o \u00e9 um tanto discut\u00edvel este ano, j\u00e1 que Harris j\u00e1 \u00e9 a indicada, com base na vota\u00e7\u00e3o oficial realizada no in\u00edcio de agosto.<\/p>\n<h4 class=\"wp-block-heading\">H\u00e1 uma vota\u00e7\u00e3o para o candidato a vice-presidente?<\/h4>\n<p>Os delegados far\u00e3o votos simb\u00f3licos na chamada comemorativa para Harris e Walz, de acordo com uma declara\u00e7\u00e3o de autoridades da conven\u00e7\u00e3o, um afastamento das chamadas tradicionais.<\/p>\n<p>Normalmente, o candidato a vice-presidente \u00e9 oficialmente escolhido pelos delegados por meio de um procedimento separado, geralmente em um dia diferente da conven\u00e7\u00e3o. Os candidatos a vice-presidente de ambos os partidos geralmente s\u00e3o selecionados por aclama\u00e7\u00e3o ou por uma vota\u00e7\u00e3o oral de toda a delega\u00e7\u00e3o da conven\u00e7\u00e3o, em vez de por uma vota\u00e7\u00e3o nominal separada. Esse processo separado geralmente \u00e9 uma formalidade, j\u00e1 que a identidade do candidato a vice-presidente presumido geralmente \u00e9 conhecida bem antes do in\u00edcio da conven\u00e7\u00e3o.<\/p>\n<p>Este ano, Walz ganhou a nomea\u00e7\u00e3o para vice-presidente no in\u00edcio de agosto. Depois de se tornar a indicada \u00e0 presid\u00eancia, Harris oficialmente indicou Walz para ser sua companheira de chapa, e o presidente da conven\u00e7\u00e3o declarou Walz a indicada de acordo com as regras do partido. O mesmo procedimento foi usado para indicar Harris como a indicada \u00e0 vice-presid\u00eancia na conven\u00e7\u00e3o de 2020.<\/p>\n<h4 class=\"wp-block-heading\">Quando Harris e Walz aceitar\u00e3o as indica\u00e7\u00f5es?<\/h4>\n<p>Harris e Walz se tornaram os indicados democratas \u00e0 presid\u00eancia e \u00e0 vice-presid\u00eancia em 6 de agosto. Mas cada um aceitar\u00e1 simbolicamente as indica\u00e7\u00f5es em discursos antes da conven\u00e7\u00e3o completa. Harris falar\u00e1 na quinta-feira, mantendo a tradi\u00e7\u00e3o de ambos os partidos de o indicado discursar na conven\u00e7\u00e3o na noite final.<\/p>\n<p>Walz falar\u00e1 na quarta-feira \u00e0 noite. Por d\u00e9cadas, o candidato democrata \u00e0 vice-presid\u00eancia discursou na conven\u00e7\u00e3o na noite final, logo antes do candidato presidencial. Essa pr\u00e1tica terminou em 1996, e o discurso do candidato \u00e0 vice-presid\u00eancia tem sido realizado na quarta-feira \u00e0 noite desde ent\u00e3o, com exce\u00e7\u00e3o de 2012, quando foi realizado na quinta-feira.<\/p>\n<h4 class=\"wp-block-heading\">As vota\u00e7\u00f5es nominais sempre foram feitas presencialmente?<\/h4>\n<p>Na conven\u00e7\u00e3o de 2020, o ent\u00e3o candidato Joe Biden ganhou a indica\u00e7\u00e3o depois que os delegados votaram virtualmente por meio de uma s\u00e9rie de elaboradas apresenta\u00e7\u00f5es remotas de v\u00eddeo ao vivo de todos os estados e territ\u00f3rios dos EUA, um processo criado em resposta \u00e0 pandemia da COVID-19.<\/p>\n<p>A natureza \u00fanica e \u00e0s vezes peculiar das apresenta\u00e7\u00f5es remotas rapidamente se tornou uma das favoritas da conven\u00e7\u00e3o. Este ano, os planejadores da conven\u00e7\u00e3o disseram em uma declara\u00e7\u00e3o no domingo que a chamada comemorativa mais uma vez incorporar\u00e1 alguns elementos de v\u00eddeo ao vivo para \u201cmostrar a diversidade e a beleza da Am\u00e9rica\u201d.<\/p>\n<h4 class=\"wp-block-heading\">Por que a vota\u00e7\u00e3o oficial de nomea\u00e7\u00e3o foi realizada antes da conven\u00e7\u00e3o deste ano?<\/h4>\n<p>Os funcion\u00e1rios do DNC indicaram pela primeira vez em maio que conduziriam uma chamada virtual antes da conven\u00e7\u00e3o para eliminar um obst\u00e1culo potencial para colocar o indicado democrata na c\u00e9dula em Ohio. O prazo de Ohio para registrar a c\u00e9dula da elei\u00e7\u00e3o geral era 7 de agosto. Embora o prazo tenha sido modificado em anos anteriores de elei\u00e7\u00f5es presidenciais para acomodar conven\u00e7\u00f5es de fim de ver\u00e3o de ambos os partidos, este ano os republicanos estaduais planejaram inicialmente impor o prazo existente, com um legislador republicano chamando o compromisso de agendamento de &#8220;um problema democrata&#8221;.<\/p>\n<p>A legislatura controlada pelos republicanos acabou fazendo uma acomoda\u00e7\u00e3o para a conven\u00e7\u00e3o a pedido do governador republicano Mike DeWine, mas a lei n\u00e3o entra em vigor at\u00e9 31 de agosto. Citando preocupa\u00e7\u00f5es de que os republicanos de Ohio ainda poderiam tentar impedir que seu candidato entrasse na vota\u00e7\u00e3o, apesar da corre\u00e7\u00e3o legislativa, os funcion\u00e1rios do DNC seguiram em frente com sua chamada virtual conforme planejado originalmente.<\/p>\n<p><em>Copyright 2024 The Associated Press. Todos os direitos reservados. Este material n\u00e3o pode ser publicado, transmitido, reescrito ou redistribu\u00eddo.<\/em><\/p>\n<div class=\"wp-block-newsletter\">\n\t<strong class=\"wp-block-newsletter__title\">Inscreva-se em nossa Newsletter para receber as \u00faltimas not\u00edcias diretamente na sua caixa de entrada<\/strong><\/p>\n<\/div><\/div>\n<p><br \/>\n<br \/><a href=\"https:\/\/wsvn.com\/news\/politics\/convention-delegates-will-nominate-harris-again-this-time-theres-less-suspense-and-more-pizzazz\/\">Source link <\/a><\/p>","protected":false},"excerpt":{"rendered":"<p>WASHINGTON (AP) \u2014 Mais uma vez, com sentimento! J\u00e1 faz quase duas semanas desde que a vice-presidente Kamala Harris ganhou oficialmente a nomea\u00e7\u00e3o presidencial democrata em uma vota\u00e7\u00e3o online, a&hellip;<\/p>","protected":false},"author":1,"featured_media":26070,"comment_status":"closed","ping_status":"open","sticky":false,"template":"","format":"standard","meta":{"content-type":"","footnotes":""},"categories":[1],"tags":[],"class_list":["post-26069","post","type-post","status-publish","format-standard","has-post-thumbnail","hentry","category-uncategorized"],"_links":{"self":[{"href":"https:\/\/tvbrazilusa.com\/pt\/wp-json\/wp\/v2\/posts\/26069","targetHints":{"allow":["GET"]}}],"collection":[{"href":"https:\/\/tvbrazilusa.com\/pt\/wp-json\/wp\/v2\/posts"}],"about":[{"href":"https:\/\/tvbrazilusa.com\/pt\/wp-json\/wp\/v2\/types\/post"}],"author":[{"embeddable":true,"href":"https:\/\/tvbrazilusa.com\/pt\/wp-json\/wp\/v2\/users\/1"}],"replies":[{"embeddable":true,"href":"https:\/\/tvbrazilusa.com\/pt\/wp-json\/wp\/v2\/comments?post=26069"}],"version-history":[{"count":1,"href":"https:\/\/tvbrazilusa.com\/pt\/wp-json\/wp\/v2\/posts\/26069\/revisions"}],"predecessor-version":[{"id":26071,"href":"https:\/\/tvbrazilusa.com\/pt\/wp-json\/wp\/v2\/posts\/26069\/revisions\/26071"}],"wp:featuredmedia":[{"embeddable":true,"href":"https:\/\/tvbrazilusa.com\/pt\/wp-json\/wp\/v2\/media\/26070"}],"wp:attachment":[{"href":"https:\/\/tvbrazilusa.com\/pt\/wp-json\/wp\/v2\/media?parent=26069"}],"wp:term":[{"taxonomy":"category","embeddable":true,"href":"https:\/\/tvbrazilusa.com\/pt\/wp-json\/wp\/v2\/categories?post=26069"},{"taxonomy":"post_tag","embeddable":true,"href":"https:\/\/tvbrazilusa.com\/pt\/wp-json\/wp\/v2\/tags?post=26069"}],"curies":[{"name":"wp","href":"https:\/\/api.w.org\/{rel}","templated":true}]}}