{"id":26103,"date":"2024-08-16T23:42:11","date_gmt":"2024-08-16T23:42:11","guid":{"rendered":"https:\/\/tvbrazilusa.com\/2024\/08\/16\/aqui-esta-o-que-la-nina-pode-significar-para-as-temperaturas-e-precipitacao-do-inverno-na-florida\/"},"modified":"2024-08-19T08:07:40","modified_gmt":"2024-08-19T08:07:40","slug":"aqui-esta-o-que-la-nina-pode-significar-para-as-temperaturas-e-precipitacao-do-inverno-na-florida","status":"publish","type":"post","link":"https:\/\/tvbrazilusa.com\/pt\/2024\/08\/16\/aqui-esta-o-que-la-nina-pode-significar-para-as-temperaturas-e-precipitacao-do-inverno-na-florida\/","title":{"rendered":"Aqui est\u00e1 o que La Ni\u00f1a pode significar para as temperaturas e precipita\u00e7\u00e3o do inverno na Fl\u00f3rida"},"content":{"rendered":"<p> <script async src=\"https:\/\/pagead2.googlesyndication.com\/pagead\/js\/adsbygoogle.js?client=ca-pub-8864793242727901\"\r\n     crossorigin=\"anonymous\"><\/script><br \/>\n<\/p>\n<div>\n<p>FL\u00d3RIDA \u2014 Um padr\u00e3o clim\u00e1tico La Ni\u00f1a deve trazer um clima \u00famido, mas ameno, para a Fl\u00f3rida no pr\u00f3ximo inverno, de acordo com uma nova previs\u00e3o estendida.<\/p>\n<\/div>\n<div>\n<p>Geral, <a href=\"https:\/\/www.farmersalmanac.com\/extended-forecast\" rel=\"nofollow noopener\" target=\"_blank\">Previs\u00e3o do Farmers&#39; Almanac para o inverno de 2025<\/a> pede \u201cuma temporada de tempestades r\u00e1pidas que trar\u00e3o chuva e neve, com pouco centro da cidade entre elas\u201d.<\/p>\n<p>Espera-se que La Ni\u00f1a, um termo que descreve o resfriamento peri\u00f3dico das temperaturas da superf\u00edcie no Pac\u00edfico equatorial central e oriental, se desenvolva e continue a trazer clima \u00famido e frio para a maior parte do pa\u00eds durante o inverno, que come\u00e7a com o solst\u00edcio de inverno em 21 de dezembro. O inverno meteorol\u00f3gico come\u00e7a em 1\u00ba de dezembro.<\/p>\n<\/div>\n<div>\n<p>Na Fl\u00f3rida \u2014 que o Almanaque inclui em sua previs\u00e3o de zona para o sudeste \u2014 o inverno de 2024-25 deve ser tempestuoso, com precipita\u00e7\u00e3o acima do normal e temperaturas pr\u00f3ximas ou acima do normal.<\/p>\n<p>A previs\u00e3o \u00e9 que o inverno seja quente, com temperaturas acima da m\u00e9dia no Texas, nas Plan\u00edcies do Sul e em todo o sudeste e na costa atl\u00e2ntica.<\/p>\n<\/div>\n<div>\n<p>As temperaturas mais frias da esta\u00e7\u00e3o ser\u00e3o encontradas das Plan\u00edcies do Norte at\u00e9 a regi\u00e3o dos Grandes Lagos. Mas \u00e1reas a leste das Montanhas Rochosas at\u00e9 os Apalaches tamb\u00e9m passar\u00e3o por muitos per\u00edodos de condi\u00e7\u00f5es frias. <\/p>\n<p>A perspectiva vem com um alerta de \u201cbandeira vermelha\u201d para 20 a 27 de janeiro, quando os meteorologistas esperam que uma trajet\u00f3ria de tempestade ativa traga frequentes per\u00edodos de precipita\u00e7\u00e3o pesada, bem como ventos fortes e rajados. Isso pode significar neve pesada, chuva, granizo ou gelo em grande parte do pa\u00eds, disse a previs\u00e3o.<\/p>\n<\/div>\n<div>\n<p>Al\u00e9m disso, uma tempestade de neve no in\u00edcio de fevereiro pode trazer pelo menos 15 cent\u00edmetros de neve para o Texas e o dobro dessa quantidade para a cordilheira Bitterroot Mountain, em Idaho, segundo a previs\u00e3o.<\/p>\n<p>Espera-se que condi\u00e7\u00f5es \u00famidas prevale\u00e7am no ter\u00e7o leste do pa\u00eds, especialmente nas regi\u00f5es dos Grandes Lagos, Vale do Ohio, Centro-Oeste e Noroeste do Pac\u00edfico. Os estados do Sudoeste e Centro-Sul est\u00e3o a caminho de um inverno com precipita\u00e7\u00e3o m\u00e9dia a abaixo da m\u00e9dia, de acordo com a previs\u00e3o.<\/p>\n<\/div>\n<div>\n<p>Espera-se que as regi\u00f5es das Plan\u00edcies do Norte e dos Grandes Lagos experimentem as temperaturas mais frias do inverno, e as \u00e1reas a leste das Montanhas Rochosas e dos Apalaches podem ver per\u00edodos de tempo frio, disse a previs\u00e3o. Uma rajada de ar \u00e1rtico gelado deve derrubar as temperaturas em todo o pa\u00eds na \u00faltima semana de janeiro e no in\u00edcio de fevereiro, especialmente nas Plan\u00edcies do Norte. A \u00e1rea dos Grandes Lagos pode ver fortes chuvas de neve e rajadas de neve, disse a previs\u00e3o.<\/p>\n<p>A previs\u00e3o tamb\u00e9m aponta temperaturas m\u00e9dias de inverno no sudoeste e um inverno excepcionalmente frio no noroeste do Pac\u00edfico.<\/p>\n<\/div>\n<p><br \/>\n<br \/><a href=\"http:\/\/patch.com\/florida\/newportrichey\/here-s-what-la-nia-could-mean-winter-temps-snowfall-fl?utm_source=article-mostrecent&#038;utm_medium=rss&#038;utm_term=weather&#038;utm_campaign=recirc&#038;utm_content=aol\">Source link <\/a><\/p>","protected":false},"excerpt":{"rendered":"<p>FL\u00d3RIDA \u2014 Um padr\u00e3o clim\u00e1tico La Ni\u00f1a deve trazer um clima \u00famido, mas ameno, para a Fl\u00f3rida no pr\u00f3ximo inverno, de acordo com uma nova previs\u00e3o estendida. Geral, Previs\u00e3o do&hellip;<\/p>","protected":false},"author":1,"featured_media":26104,"comment_status":"closed","ping_status":"open","sticky":false,"template":"","format":"standard","meta":{"content-type":"","footnotes":""},"categories":[1],"tags":[],"class_list":["post-26103","post","type-post","status-publish","format-standard","has-post-thumbnail","hentry","category-uncategorized"],"_links":{"self":[{"href":"https:\/\/tvbrazilusa.com\/pt\/wp-json\/wp\/v2\/posts\/26103","targetHints":{"allow":["GET"]}}],"collection":[{"href":"https:\/\/tvbrazilusa.com\/pt\/wp-json\/wp\/v2\/posts"}],"about":[{"href":"https:\/\/tvbrazilusa.com\/pt\/wp-json\/wp\/v2\/types\/post"}],"author":[{"embeddable":true,"href":"https:\/\/tvbrazilusa.com\/pt\/wp-json\/wp\/v2\/users\/1"}],"replies":[{"embeddable":true,"href":"https:\/\/tvbrazilusa.com\/pt\/wp-json\/wp\/v2\/comments?post=26103"}],"version-history":[{"count":1,"href":"https:\/\/tvbrazilusa.com\/pt\/wp-json\/wp\/v2\/posts\/26103\/revisions"}],"predecessor-version":[{"id":26105,"href":"https:\/\/tvbrazilusa.com\/pt\/wp-json\/wp\/v2\/posts\/26103\/revisions\/26105"}],"wp:featuredmedia":[{"embeddable":true,"href":"https:\/\/tvbrazilusa.com\/pt\/wp-json\/wp\/v2\/media\/26104"}],"wp:attachment":[{"href":"https:\/\/tvbrazilusa.com\/pt\/wp-json\/wp\/v2\/media?parent=26103"}],"wp:term":[{"taxonomy":"category","embeddable":true,"href":"https:\/\/tvbrazilusa.com\/pt\/wp-json\/wp\/v2\/categories?post=26103"},{"taxonomy":"post_tag","embeddable":true,"href":"https:\/\/tvbrazilusa.com\/pt\/wp-json\/wp\/v2\/tags?post=26103"}],"curies":[{"name":"wp","href":"https:\/\/api.w.org\/{rel}","templated":true}]}}