{"id":26131,"date":"2024-08-19T10:54:42","date_gmt":"2024-08-19T10:54:42","guid":{"rendered":"https:\/\/tvbrazilusa.com\/2024\/08\/19\/uly-monster-diaz-de-miami-se-aposenta-das-lutas-sem-luvas-apos-uma-carreira-historica-wsvn-7news-noticias-de-miami-clima-esportes-fort-lauderdale\/"},"modified":"2024-08-19T10:59:16","modified_gmt":"2024-08-19T10:59:16","slug":"uly-monster-diaz-de-miami-se-aposenta-das-lutas-sem-luvas-apos-uma-carreira-historica-wsvn-7news-noticias-de-miami-clima-esportes-fort-lauderdale","status":"publish","type":"post","link":"https:\/\/tvbrazilusa.com\/pt\/2024\/08\/19\/uly-monster-diaz-de-miami-se-aposenta-das-lutas-sem-luvas-apos-uma-carreira-historica-wsvn-7news-noticias-de-miami-clima-esportes-fort-lauderdale\/","title":{"rendered":"Uly &#39;Monster&#39; Diaz de Miami se aposenta das lutas sem luvas ap\u00f3s uma carreira hist\u00f3rica &#8211; WSVN 7News | Not\u00edcias de Miami, Clima, Esportes | Fort Lauderdale"},"content":{"rendered":"<p> <script async src=\"https:\/\/pagead2.googlesyndication.com\/pagead\/js\/adsbygoogle.js?client=ca-pub-8864793242727901\"\r\n     crossorigin=\"anonymous\"><\/script><br \/>\n<\/p>\n<div itemprop=\"articleBody\">\n<p>PEMBROKE PINES, FL\u00d3RIDA (WSVN) &#8211; O amado lutador de Miami, Uly \u201cMonster\u201d Diaz, encerrou oficialmente sua carreira ap\u00f3s uma impressionante trajet\u00f3ria nos esportes de combate. <\/p>\n<p>Apesar de come\u00e7ar sua carreira de lutador aos 35 anos \u2014 idade em que muitos lutadores est\u00e3o pensando em se aposentar \u2014 Diaz construiu uma reputa\u00e7\u00e3o formid\u00e1vel, principalmente em lutas sem luvas.<\/p>\n<p>\u201c\u00c9 isso. Este \u00e9 o esporte sangrento, o original\u201d, Diaz refletiu sobre sua carreira. \u201cOs neandertais faziam isso h\u00e1 centenas de milhares de anos.\u201d<\/p>\n<p>Depois de oito anos e mais de 30 lutas profissionais, Diaz, conhecido por seu impressionante nocaute em 3 segundos em lutas sem luvas, decidiu se aposentar. <\/p>\n<p>\u201cEstou decidindo me aposentar porque acho que fiz grandes coisas na minha carreira\u201d, disse Diaz. \u201cEstou feliz com o que fiz. Deixei meu nome nos livros de hist\u00f3ria.\u201d<\/p>\n<p>A luta final de Diaz aconteceu na semana passada diante de uma multid\u00e3o lotada no Charles F. Dodge Center em Pembroke Pines. O evento atraiu estrelas locais e internacionais, incluindo a lenda da NBA Shaquille O&#39;Neal, que estava l\u00e1 para testemunhar a \u00faltima luta profissional do lutador do sul da Fl\u00f3rida no ringue.<\/p>\n<p>\u201cEle \u00e9 um dos antepassados \u200b\u200bdo BYB em todos os brig\u00f5es de quintal\u201d, comentou O&#39;Neal. \u201c\u00c9 simplesmente \u00f3timo ver. Parab\u00e9ns a ele por uma \u00f3tima carreira.\u201d<\/p>\n<p>Diaz expressou sua gratid\u00e3o pelo apoio que recebeu ao longo de sua carreira. <\/p>\n<p>\u201cEu assisto Shaq desde que eu era crian\u00e7a. \u00c9 incr\u00edvel cham\u00e1-lo de amigo e ainda mais incr\u00edvel t\u00ea-lo aqui na multid\u00e3o para minha \u00faltima luta\u201d, ele disse.<\/p>\n<p>Diaz planejou h\u00e1 muito tempo sua sa\u00edda do esporte, optando por se aposentar em seus pr\u00f3prios termos. <\/p>\n<p>\u201cEstou mais do que agradecido e muito agradecido\u201d, disse Diaz. \u201cTodo mundo conhece minha hist\u00f3ria. Lutar mudou minha vida, lutar salvou minha vida. Ent\u00e3o, estou feliz por estar no ponto da minha vida em que posso pendurar as chuteiras. Fiz uma carreira linda.\u201d<\/p>\n<p>A noite n\u00e3o foi s\u00f3 sobre a aposentadoria de Diaz. A luta preliminar entre Angel Keihl e Desiree Davila deixou a multid\u00e3o animada. <\/p>\n<p>Durante uma entrevista p\u00f3s-luta, Donovan Campbell, do 7News, comentou com Keihl: &#8220;Voc\u00ea ouve com as mulheres, &#39;A\u00e7\u00facar, tempero e tudo de bom.&#39; N\u00e3o h\u00e1 nada de bom em ser atingido no rosto com os n\u00f3s dos dedos nus.&#8221;<\/p>\n<p>Keihl respondeu com confian\u00e7a: \u201cEst\u00e1 tudo bem. Isso tudo \u00e9 bem. N\u00e3o me importa quanto a\u00e7\u00facar, n\u00e3o me importa quanto tempero. Honestamente, como eu sou por dentro \u00e9 como eu sou por fora. Sou cheia de personalidade e dou um soco na sua cara se ela quiser.\u201d<\/p>\n<p>Keihl venceu a luta contra Davila.<\/p>\n<p>Conforme Diaz se afasta do ringue, ele deixa para tr\u00e1s um legado que ajudou a moldar o esporte emergente da luta sem luvas. Sua influ\u00eancia \u00e9 sentida n\u00e3o apenas no sul da Fl\u00f3rida, mas entre lutadores no mundo todo que, como Diaz, est\u00e3o dispostos a arriscar tudo.<\/p>\n<p><em>Copyright 2024 Sunbeam Television Corp. Todos os direitos reservados. Este material n\u00e3o pode ser publicado, transmitido, reescrito ou redistribu\u00eddo.<\/em><\/p>\n<div class=\"wp-block-newsletter\">\n\t<strong class=\"wp-block-newsletter__title\">Inscreva-se em nossa Newsletter para receber as \u00faltimas not\u00edcias diretamente na sua caixa de entrada<\/strong><\/p>\n<\/div><\/div>\n<p><br \/>\n<br \/><a href=\"https:\/\/wsvn.com\/sports\/miamis-uly-monster-diaz-retires-from-bare-knuckle-fighting-after-storied-career\/\">Source link <\/a><\/p>","protected":false},"excerpt":{"rendered":"<p>PEMBROKE PINES, FL\u00d3RIDA (WSVN) &#8211; O amado lutador de Miami, Uly \u201cMonster\u201d Diaz, encerrou oficialmente sua carreira ap\u00f3s uma impressionante trajet\u00f3ria nos esportes de combate. Apesar de come\u00e7ar sua carreira&hellip;<\/p>","protected":false},"author":1,"featured_media":26132,"comment_status":"closed","ping_status":"open","sticky":false,"template":"","format":"standard","meta":{"content-type":"","footnotes":""},"categories":[1],"tags":[],"class_list":["post-26131","post","type-post","status-publish","format-standard","has-post-thumbnail","hentry","category-uncategorized"],"_links":{"self":[{"href":"https:\/\/tvbrazilusa.com\/pt\/wp-json\/wp\/v2\/posts\/26131","targetHints":{"allow":["GET"]}}],"collection":[{"href":"https:\/\/tvbrazilusa.com\/pt\/wp-json\/wp\/v2\/posts"}],"about":[{"href":"https:\/\/tvbrazilusa.com\/pt\/wp-json\/wp\/v2\/types\/post"}],"author":[{"embeddable":true,"href":"https:\/\/tvbrazilusa.com\/pt\/wp-json\/wp\/v2\/users\/1"}],"replies":[{"embeddable":true,"href":"https:\/\/tvbrazilusa.com\/pt\/wp-json\/wp\/v2\/comments?post=26131"}],"version-history":[{"count":1,"href":"https:\/\/tvbrazilusa.com\/pt\/wp-json\/wp\/v2\/posts\/26131\/revisions"}],"predecessor-version":[{"id":26133,"href":"https:\/\/tvbrazilusa.com\/pt\/wp-json\/wp\/v2\/posts\/26131\/revisions\/26133"}],"wp:featuredmedia":[{"embeddable":true,"href":"https:\/\/tvbrazilusa.com\/pt\/wp-json\/wp\/v2\/media\/26132"}],"wp:attachment":[{"href":"https:\/\/tvbrazilusa.com\/pt\/wp-json\/wp\/v2\/media?parent=26131"}],"wp:term":[{"taxonomy":"category","embeddable":true,"href":"https:\/\/tvbrazilusa.com\/pt\/wp-json\/wp\/v2\/categories?post=26131"},{"taxonomy":"post_tag","embeddable":true,"href":"https:\/\/tvbrazilusa.com\/pt\/wp-json\/wp\/v2\/tags?post=26131"}],"curies":[{"name":"wp","href":"https:\/\/api.w.org\/{rel}","templated":true}]}}