{"id":26160,"date":"2024-08-19T12:09:41","date_gmt":"2024-08-19T12:09:41","guid":{"rendered":"https:\/\/tvbrazilusa.com\/2024\/08\/19\/a-coreia-do-norte-reabrira-para-o-turismo-internacional-neste-inverno-dizem-operadores-turisticos-wsvn-7news-noticias-de-miami-clima-esportes-fort-lauderdale\/"},"modified":"2024-08-19T12:39:44","modified_gmt":"2024-08-19T12:39:44","slug":"a-coreia-do-norte-reabrira-para-o-turismo-internacional-neste-inverno-dizem-operadores-turisticos-wsvn-7news-noticias-de-miami-clima-esportes-fort-lauderdale","status":"publish","type":"post","link":"https:\/\/tvbrazilusa.com\/pt\/2024\/08\/19\/a-coreia-do-norte-reabrira-para-o-turismo-internacional-neste-inverno-dizem-operadores-turisticos-wsvn-7news-noticias-de-miami-clima-esportes-fort-lauderdale\/","title":{"rendered":"A Coreia do Norte reabrir\u00e1 para o turismo internacional neste inverno, dizem operadores tur\u00edsticos &#8211; WSVN 7News | Not\u00edcias de Miami, Clima, Esportes | Fort Lauderdale"},"content":{"rendered":"<p> <script async src=\"https:\/\/pagead2.googlesyndication.com\/pagead\/js\/adsbygoogle.js?client=ca-pub-8864793242727901\"\r\n     crossorigin=\"anonymous\"><\/script><br \/>\n<\/p>\n<div itemprop=\"articleBody\">\n<p><strong>(CNN) \u2014 <\/strong>A Coreia do Norte deve reabrir o turismo internacional limitado at\u00e9 o final de 2024, quase cinco anos ap\u00f3s fechar completamente as fronteiras do pa\u00eds devido \u00e0 pandemia de Covid-19, anunciaram duas empresas de turismo com conex\u00f5es com o pa\u00eds isolado.<\/p>\n<p>A Koryo Tours, sediada em Pequim, e a KTG Tours, sediada em Shenyang, fizeram an\u00fancios on-line separados na quarta-feira, dizendo que grupos tur\u00edsticos teriam permiss\u00e3o para visitar a cidade montanhosa de Samjiyon, o suposto local de nascimento do falecido l\u00edder norte-coreano Kim Jong Il.<\/p>\n<p>\u201cRecebemos a confirma\u00e7\u00e3o do nosso parceiro local de que o turismo em Samjiyon e provavelmente no resto do pa\u00eds ser\u00e1 retomado oficialmente em dezembro de 2024\u201d, Koryo Tours <a href=\"https:\/\/koryogroup.com\/blog\/north-korea-is-open-for-tourism-official-announcement\" target=\"_blank\" rel=\"noreferrer noopener\">disse<\/a>acrescentando que o itiner\u00e1rio e mais detalhes ser\u00e3o finalizados \u201cnos pr\u00f3ximos dias e semanas\u201d.<\/p>\n<p>Em um Facebook separado <a href=\"https:\/\/www.facebook.com\/NorthKoreaTravel\/posts\/pfbid0ARTa769KFHkQx5vxqqHo9SWumqxYd9xX8WaXfzwKXHCaVyRtbd9CYadq1GT18fjzl\" target=\"_blank\" rel=\"noreferrer noopener\">publicar<\/a>KTG Tours tamb\u00e9m disse que as datas exatas para as turn\u00eas seriam confirmadas. \u201cAt\u00e9 agora, apenas Samjiyon foi mencionado, mas achamos que PY [Pyongyang] e outros lugares tamb\u00e9m abrir\u00e3o!\u201d<\/p>\n<p>Samjiyon fica na fronteira com a China e fica perto do pico mais alto da Pen\u00ednsula Coreana, o Monte Paektu, um vulc\u00e3o ativo de suma import\u00e2ncia e significado hist\u00f3rico para os norte-coreanos e sul-coreanos, pois \u00e9 considerado o ber\u00e7o do povo coreano.<\/p>\n<h2 class=\"wp-block-heading\">A linhagem &#39;Paektu&#39;<\/h2>\n<p>Embora os sul-coreanos estejam proibidos de visitar o Norte, o ex-presidente da Coreia do Sul, Moon Jae-in, e a ent\u00e3o primeira-dama Kim Jung-sook visitaram o topo da montanha com Kim Jong Un e sua esposa Ri Sol Ju em 2018, destacando o simbolismo da montanha.<\/p>\n<p>Visitar o cume do Monte Paektu \u00e9 semelhante a fazer uma peregrina\u00e7\u00e3o religiosa para os norte-coreanos. A lend\u00e1ria linhagem \u201cPaektu\u201d \u00e9 o que d\u00e1 legitimidade \u00e0 fam\u00edlia governante Kim, dizem os observadores, que notam as alega\u00e7\u00f5es conflitantes dos historiadores ocidentais de que o l\u00edder de segunda gera\u00e7\u00e3o nasceu na R\u00fassia.<\/p>\n<p>Samjiyon j\u00e1 foi um destino popular para turistas chineses, que costumavam chegar de \u00f4nibus antes da Covid-19. O turismo fornecia receita \u00e0 Coreia do Norte, apesar das san\u00e7\u00f5es internacionais sobre os programas ilegais de m\u00edsseis nucleares e bal\u00edsticos de Pyongyang.<\/p>\n<p>O l\u00edder norte-coreano Kim Jong Un inspecionou pessoalmente os canteiros de obras em Samjiyon no in\u00edcio de julho, segundo a m\u00eddia estatal <a href=\"https:\/\/kcnawatch.xyz\/newstream\/1720913414-735933698\/respected-comrade-kim-jong-un-inspects-construction-project-of-samjiyon-city\/\" target=\"_blank\" rel=\"noreferrer noopener\">relatado<\/a>.<\/p>\n<p>A m\u00eddia estatal norte-coreana at\u00e9 agora n\u00e3o relatou mudan\u00e7as relacionadas \u00e0 reabertura do pa\u00eds de forma limitada para visitantes estrangeiros, mas o l\u00edder norte-coreano Kim Jong Un indicou anteriormente que priorizaria visitantes de na\u00e7\u00f5es &#8220;amigas&#8221;, que incluem R\u00fassia e China.<\/p>\n<h2 class=\"wp-block-heading\">O caminho para a reabertura<\/h2>\n<p>A pandemia deixou as fronteiras da Coreia do Norte hermeticamente fechadas de quase todo o mundo exterior por v\u00e1rios anos \u2014 restri\u00e7\u00f5es que continuam em grande parte, exceto para pequenos grupos tur\u00edsticos da R\u00fassia \u2014 que foram autorizados a entrar neste ano em meio \u00e0 parceria cada vez mais profunda de Kim com o ditador russo Vladimir Putin.<\/p>\n<p>Cerca de 100 turistas russos foram recebidos na Coreia do Norte no in\u00edcio deste ano, viajando em um avi\u00e3o da Air Koryo de propriedade da Coreia do Norte, saindo de Vladivostok.<\/p>\n<p>Mas as restri\u00e7\u00f5es de fronteira causadas pela pandemia for\u00e7aram a maioria das miss\u00f5es diplom\u00e1ticas e organiza\u00e7\u00f5es internacionais sem fins lucrativos a se retirarem da Coreia do Norte, deixando a na\u00e7\u00e3o empobrecida de cerca de 25 milh\u00f5es de habitantes, sem d\u00favida, o pa\u00eds mais isolado desde a Guerra Fria.<\/p>\n<p>Os passaportes dos Estados Unidos n\u00e3o s\u00e3o v\u00e1lidos para viagens para, dentro ou atrav\u00e9s da Coreia do Norte, a menos que sejam especialmente validados pelo Departamento de Estado dos EUA. O departamento <a href=\"https:\/\/travel.state.gov\/content\/travel\/en\/traveladvisories\/traveladvisories\/north-korea-travel-advisory.html\" target=\"_blank\" rel=\"noreferrer noopener\">classifica<\/a> Coreia do Norte como \u201cN\u00edvel 4: n\u00e3o viajar\u201d.<\/p>\n<p>Os an\u00fancios de reabertura do turismo ocorreram cerca de um m\u00eas depois de Kim visitar um novo local tur\u00edstico \u00e0 beira-mar, a zona Wonsan-Kalma, atualmente em desenvolvimento na costa leste do pa\u00eds.<\/p>\n<p>Kim disse que o resort seria inaugurado em maio de 2025, ap\u00f3s anos de atrasos na constru\u00e7\u00e3o devido \u00e0 pandemia de Covid e \u00e0s san\u00e7\u00f5es das Na\u00e7\u00f5es Unidas, informou a ag\u00eancia de not\u00edcias estatal KCNA.<\/p>\n<p><em>The-CNN-Wire\u2122 &#038; \u00a9 2024 Cable News Network, Inc., uma empresa Time Warner. Todos os direitos reservados.<\/em><\/p>\n<div class=\"wp-block-newsletter\">\n\t<strong class=\"wp-block-newsletter__title\">Inscreva-se em nossa Newsletter para receber as \u00faltimas not\u00edcias diretamente na sua caixa de entrada<\/strong><\/p>\n<\/div><\/div>\n<p><br \/>\n<br \/><a href=\"https:\/\/wsvn.com\/news\/us-world\/north-korea-will-reopen-to-international-tourism-this-winter-tour-operators-say\/\">Source link <\/a><\/p>","protected":false},"excerpt":{"rendered":"<p>(CNN) \u2014 A Coreia do Norte deve reabrir o turismo internacional limitado at\u00e9 o final de 2024, quase cinco anos ap\u00f3s fechar completamente as fronteiras do pa\u00eds devido \u00e0 pandemia&hellip;<\/p>","protected":false},"author":1,"featured_media":26161,"comment_status":"closed","ping_status":"open","sticky":false,"template":"","format":"standard","meta":{"content-type":"","footnotes":""},"categories":[1],"tags":[],"class_list":["post-26160","post","type-post","status-publish","format-standard","has-post-thumbnail","hentry","category-uncategorized"],"_links":{"self":[{"href":"https:\/\/tvbrazilusa.com\/pt\/wp-json\/wp\/v2\/posts\/26160","targetHints":{"allow":["GET"]}}],"collection":[{"href":"https:\/\/tvbrazilusa.com\/pt\/wp-json\/wp\/v2\/posts"}],"about":[{"href":"https:\/\/tvbrazilusa.com\/pt\/wp-json\/wp\/v2\/types\/post"}],"author":[{"embeddable":true,"href":"https:\/\/tvbrazilusa.com\/pt\/wp-json\/wp\/v2\/users\/1"}],"replies":[{"embeddable":true,"href":"https:\/\/tvbrazilusa.com\/pt\/wp-json\/wp\/v2\/comments?post=26160"}],"version-history":[{"count":1,"href":"https:\/\/tvbrazilusa.com\/pt\/wp-json\/wp\/v2\/posts\/26160\/revisions"}],"predecessor-version":[{"id":26162,"href":"https:\/\/tvbrazilusa.com\/pt\/wp-json\/wp\/v2\/posts\/26160\/revisions\/26162"}],"wp:featuredmedia":[{"embeddable":true,"href":"https:\/\/tvbrazilusa.com\/pt\/wp-json\/wp\/v2\/media\/26161"}],"wp:attachment":[{"href":"https:\/\/tvbrazilusa.com\/pt\/wp-json\/wp\/v2\/media?parent=26160"}],"wp:term":[{"taxonomy":"category","embeddable":true,"href":"https:\/\/tvbrazilusa.com\/pt\/wp-json\/wp\/v2\/categories?post=26160"},{"taxonomy":"post_tag","embeddable":true,"href":"https:\/\/tvbrazilusa.com\/pt\/wp-json\/wp\/v2\/tags?post=26160"}],"curies":[{"name":"wp","href":"https:\/\/api.w.org\/{rel}","templated":true}]}}