{"id":26178,"date":"2024-08-19T13:32:26","date_gmt":"2024-08-19T13:32:26","guid":{"rendered":"https:\/\/tvbrazilusa.com\/2024\/08\/19\/trabalhadores-da-att-fazem-piquete-no-sudoeste-de-miami-dade-wsvn-7news-noticias-de-miami-clima-esportes-fort-lauderdale\/"},"modified":"2024-08-19T13:39:43","modified_gmt":"2024-08-19T13:39:43","slug":"trabalhadores-da-att-fazem-piquete-no-sudoeste-de-miami-dade-wsvn-7news-noticias-de-miami-clima-esportes-fort-lauderdale","status":"publish","type":"post","link":"https:\/\/tvbrazilusa.com\/pt\/2024\/08\/19\/trabalhadores-da-att-fazem-piquete-no-sudoeste-de-miami-dade-wsvn-7news-noticias-de-miami-clima-esportes-fort-lauderdale\/","title":{"rendered":"Trabalhadores da AT&#038;T fazem piquete no sudoeste de Miami-Dade &#8211; WSVN 7News | Not\u00edcias de Miami, Clima, Esportes | Fort Lauderdale"},"content":{"rendered":"<p> <script async src=\"https:\/\/pagead2.googlesyndication.com\/pagead\/js\/adsbygoogle.js?client=ca-pub-8864793242727901\"\r\n     crossorigin=\"anonymous\"><\/script><br \/>\n<\/p>\n<div itemprop=\"articleBody\">\n<p>SUDOESTE DE MIAMI-DADE, FL\u00d3RIDA (WSVN) &#8211; Funcion\u00e1rios da AT&#038;T foram vistos fazendo piquete do lado de fora da sede da empresa no sul da Fl\u00f3rida.  <\/p>\n<p>O avi\u00e3o 7Skyforce sobrevoou a sede localizada na Southwest 56th Street e 127th Avenue, onde dezenas de trabalhadores estavam em greve na manh\u00e3 de segunda-feira. <\/p>\n<p>A pol\u00edcia estava na \u00e1rea controlando o tr\u00e2nsito. <\/p>\n<p><em>Copyright 2024 Sunbeam Television Corp. Todos os direitos reservados. Este material n\u00e3o pode ser publicado, transmitido, reescrito ou redistribu\u00eddo.<\/em><\/p>\n<div class=\"wp-block-newsletter\">\n\t<strong class=\"wp-block-newsletter__title\">Inscreva-se em nossa Newsletter para receber as \u00faltimas not\u00edcias diretamente na sua caixa de entrada<\/strong><\/p>\n<\/div><\/div>\n<p><br \/>\n<br \/><a href=\"https:\/\/wsvn.com\/news\/local\/miami-dade\/att-workers-picketing-in-sw-miami-dade\/\">Source link <\/a><\/p>","protected":false},"excerpt":{"rendered":"<p>SUDOESTE DE MIAMI-DADE, FL\u00d3RIDA (WSVN) &#8211; Funcion\u00e1rios da AT&#038;T foram vistos fazendo piquete do lado de fora da sede da empresa no sul da Fl\u00f3rida. O avi\u00e3o 7Skyforce sobrevoou a&hellip;<\/p>","protected":false},"author":1,"featured_media":26179,"comment_status":"closed","ping_status":"open","sticky":false,"template":"","format":"standard","meta":{"content-type":"","footnotes":""},"categories":[1],"tags":[],"class_list":["post-26178","post","type-post","status-publish","format-standard","has-post-thumbnail","hentry","category-uncategorized"],"_links":{"self":[{"href":"https:\/\/tvbrazilusa.com\/pt\/wp-json\/wp\/v2\/posts\/26178","targetHints":{"allow":["GET"]}}],"collection":[{"href":"https:\/\/tvbrazilusa.com\/pt\/wp-json\/wp\/v2\/posts"}],"about":[{"href":"https:\/\/tvbrazilusa.com\/pt\/wp-json\/wp\/v2\/types\/post"}],"author":[{"embeddable":true,"href":"https:\/\/tvbrazilusa.com\/pt\/wp-json\/wp\/v2\/users\/1"}],"replies":[{"embeddable":true,"href":"https:\/\/tvbrazilusa.com\/pt\/wp-json\/wp\/v2\/comments?post=26178"}],"version-history":[{"count":1,"href":"https:\/\/tvbrazilusa.com\/pt\/wp-json\/wp\/v2\/posts\/26178\/revisions"}],"predecessor-version":[{"id":26180,"href":"https:\/\/tvbrazilusa.com\/pt\/wp-json\/wp\/v2\/posts\/26178\/revisions\/26180"}],"wp:featuredmedia":[{"embeddable":true,"href":"https:\/\/tvbrazilusa.com\/pt\/wp-json\/wp\/v2\/media\/26179"}],"wp:attachment":[{"href":"https:\/\/tvbrazilusa.com\/pt\/wp-json\/wp\/v2\/media?parent=26178"}],"wp:term":[{"taxonomy":"category","embeddable":true,"href":"https:\/\/tvbrazilusa.com\/pt\/wp-json\/wp\/v2\/categories?post=26178"},{"taxonomy":"post_tag","embeddable":true,"href":"https:\/\/tvbrazilusa.com\/pt\/wp-json\/wp\/v2\/tags?post=26178"}],"curies":[{"name":"wp","href":"https:\/\/api.w.org\/{rel}","templated":true}]}}