{"id":26187,"date":"2024-08-19T14:05:40","date_gmt":"2024-08-19T14:05:40","guid":{"rendered":"https:\/\/tvbrazilusa.com\/2024\/08\/19\/por-que-ha-pombos-gigantes-no-centro-de-orlando-wsvn-7news-noticias-de-miami-clima-esportes-fort-lauderdale\/"},"modified":"2024-08-19T14:16:49","modified_gmt":"2024-08-19T14:16:49","slug":"por-que-ha-pombos-gigantes-no-centro-de-orlando-wsvn-7news-noticias-de-miami-clima-esportes-fort-lauderdale","status":"publish","type":"post","link":"https:\/\/tvbrazilusa.com\/pt\/2024\/08\/19\/por-que-ha-pombos-gigantes-no-centro-de-orlando-wsvn-7news-noticias-de-miami-clima-esportes-fort-lauderdale\/","title":{"rendered":"Por que h\u00e1 pombos gigantes no centro de Orlando? &#8211; WSVN 7News | Not\u00edcias de Miami, Clima, Esportes | Fort Lauderdale"},"content":{"rendered":"<p> <script async src=\"https:\/\/pagead2.googlesyndication.com\/pagead\/js\/adsbygoogle.js?client=ca-pub-8864793242727901\"\r\n     crossorigin=\"anonymous\"><\/script><br \/>\n<\/p>\n<div itemprop=\"articleBody\">\n<p>ORLANDO, Fl\u00f3rida (WESH) \u2014 Voc\u00ea pode notar alguns pombos gigantes se estiver dirigindo pelo centro da cidade hoje em dia.<\/p>\n<p>Tudo faz parte de uma nova e vibrante exposi\u00e7\u00e3o de arte que traz pombos coloridos de 5 metros de altura ao cora\u00e7\u00e3o de Orlando para representar onde a natureza e a vida selvagem urbana se cruzam.<\/p>\n<p>\u201cOs p\u00e1ssaros azuis s\u00e3o realmente legais, lindos porque eu gosto da cor. Eu gosto da cor azul,\u201d disse Sebastian, um visitante franc\u00eas.<\/p>\n<p>\u201cTem um estilo diferente do resto do centro, ent\u00e3o \u00e9 legal\u201d, disse Yamiyl Rios.<\/p>\n<p>Na quinta-feira, nove pombos neon brilhantes de 5 metros de altura foram exibidos em sete telhados no centro de Orlando.<\/p>\n<p>\u201cAs pessoas podem realmente fazer uma pequena e divertida ca\u00e7a ao tesouro no centro da cidade para vivenciar tudo isso\u201d, disse Cole NeSmith, do Creative City Project.<\/p>\n<p>A exposi\u00e7\u00e3o \u00e9 chamada de \u201cBig City Birds\u201d e faz parte da iniciativa \u201cDTO Live\u201d do centro de Orlando para refor\u00e7ar o cen\u00e1rio cultural da \u00e1rea.<\/p>\n<p>O uso de pombos pretende provocar a reflex\u00e3o e iniciar o di\u00e1logo sobre a vida selvagem urbana.<\/p>\n<p>\u201cH\u00e1 uma conversa sobre o relacionamento que temos com a vida selvagem que habita nossos espa\u00e7os urbanos\u201d, disse NeSmith.<\/p>\n<p>A cidade disse que os pombos ficar\u00e3o em exibi\u00e7\u00e3o at\u00e9 17 de outubro.<\/p>\n<p><em>The-CNN-Wire\u2122 &#038; \u00a9 2024 Cable News Network, Inc., uma empresa Time Warner. Todos os direitos reservados.<\/em><\/p>\n<div class=\"wp-block-newsletter\">\n\t<strong class=\"wp-block-newsletter__title\">Inscreva-se em nossa Newsletter para receber as \u00faltimas not\u00edcias diretamente na sua caixa de entrada<\/strong><\/p>\n<\/div><\/div>\n<p><br \/>\n<br \/><a href=\"https:\/\/wsvn.com\/news\/local\/florida\/why-are-there-giant-pigeons-in-downtown-orlando\/\">Source link <\/a><\/p>","protected":false},"excerpt":{"rendered":"<p>ORLANDO, Fl\u00f3rida (WESH) \u2014 Voc\u00ea pode notar alguns pombos gigantes se estiver dirigindo pelo centro da cidade hoje em dia. Tudo faz parte de uma nova e vibrante exposi\u00e7\u00e3o de&hellip;<\/p>","protected":false},"author":1,"featured_media":26188,"comment_status":"closed","ping_status":"open","sticky":false,"template":"","format":"standard","meta":{"content-type":"","footnotes":""},"categories":[1],"tags":[],"class_list":["post-26187","post","type-post","status-publish","format-standard","has-post-thumbnail","hentry","category-uncategorized"],"_links":{"self":[{"href":"https:\/\/tvbrazilusa.com\/pt\/wp-json\/wp\/v2\/posts\/26187","targetHints":{"allow":["GET"]}}],"collection":[{"href":"https:\/\/tvbrazilusa.com\/pt\/wp-json\/wp\/v2\/posts"}],"about":[{"href":"https:\/\/tvbrazilusa.com\/pt\/wp-json\/wp\/v2\/types\/post"}],"author":[{"embeddable":true,"href":"https:\/\/tvbrazilusa.com\/pt\/wp-json\/wp\/v2\/users\/1"}],"replies":[{"embeddable":true,"href":"https:\/\/tvbrazilusa.com\/pt\/wp-json\/wp\/v2\/comments?post=26187"}],"version-history":[{"count":1,"href":"https:\/\/tvbrazilusa.com\/pt\/wp-json\/wp\/v2\/posts\/26187\/revisions"}],"predecessor-version":[{"id":26189,"href":"https:\/\/tvbrazilusa.com\/pt\/wp-json\/wp\/v2\/posts\/26187\/revisions\/26189"}],"wp:featuredmedia":[{"embeddable":true,"href":"https:\/\/tvbrazilusa.com\/pt\/wp-json\/wp\/v2\/media\/26188"}],"wp:attachment":[{"href":"https:\/\/tvbrazilusa.com\/pt\/wp-json\/wp\/v2\/media?parent=26187"}],"wp:term":[{"taxonomy":"category","embeddable":true,"href":"https:\/\/tvbrazilusa.com\/pt\/wp-json\/wp\/v2\/categories?post=26187"},{"taxonomy":"post_tag","embeddable":true,"href":"https:\/\/tvbrazilusa.com\/pt\/wp-json\/wp\/v2\/tags?post=26187"}],"curies":[{"name":"wp","href":"https:\/\/api.w.org\/{rel}","templated":true}]}}