{"id":26291,"date":"2024-08-19T18:49:54","date_gmt":"2024-08-19T18:49:54","guid":{"rendered":"https:\/\/tvbrazilusa.com\/2024\/08\/19\/motorista-da-ups-do-norte-do-texas-sofre-acidente-apos-desmaiar-devido-ao-calor-wsvn-7news-noticias-de-miami-clima-esportes-fort-lauderdale\/"},"modified":"2024-08-19T19:03:00","modified_gmt":"2024-08-19T19:03:00","slug":"motorista-da-ups-do-norte-do-texas-sofre-acidente-apos-desmaiar-devido-ao-calor-wsvn-7news-noticias-de-miami-clima-esportes-fort-lauderdale","status":"publish","type":"post","link":"https:\/\/tvbrazilusa.com\/pt\/2024\/08\/19\/motorista-da-ups-do-norte-do-texas-sofre-acidente-apos-desmaiar-devido-ao-calor-wsvn-7news-noticias-de-miami-clima-esportes-fort-lauderdale\/","title":{"rendered":"Motorista da UPS do Norte do Texas sofre acidente ap\u00f3s desmaiar devido ao calor &#8211; WSVN 7News | Not\u00edcias de Miami, Clima, Esportes | Fort Lauderdale"},"content":{"rendered":"<p> <script async src=\"https:\/\/pagead2.googlesyndication.com\/pagead\/js\/adsbygoogle.js?client=ca-pub-8864793242727901\"\r\n     crossorigin=\"anonymous\"><\/script><br \/>\n<\/p>\n<div itemprop=\"articleBody\">\n<p>NORTE DO TEXAS, Texas (KTVT) \u2014 Um motorista da UPS do norte do Texas recebeu alta do hospital ap\u00f3s desmaiar devido ao calor e ao acidente com o caminh\u00e3o.<\/p>\n<p>Na sexta-feira, um motorista filmou este v\u00eddeo de celular de um caminh\u00e3o da UPS derrapando no tr\u00e1fego em sentido contr\u00e1rio, quase atingindo um carro vermelho e batendo em \u00e1rvores. De acordo com o sindicato dos motoristas da UPS, Teamsters Local 767, o motorista estava sofrendo de uma doen\u00e7a relacionada ao calor quando perdeu o controle.<\/p>\n<p>\u201cEnquanto ele dirigia, infelizmente ele sucumbiu aos ferimentos relacionados ao calor e desmaiou ao volante\u201d, disse David Reeves, o principal oficial do Teamsters Local 767.<\/p>\n<p>O sindicato diz que o motorista que est\u00e1 baseado na \u00e1rea de Longview foi convidado para ajudar na sexta-feira, dirigindo da unidade da UPS em McKinney. Ele saiu por volta do meio-dia, mas depois de algumas horas, come\u00e7ou a vomitar e a se sentir mal por causa do calor.<\/p>\n<p>\u201cFoi quando ele teve que dizer ao supervisor que n\u00e3o poderia mais concluir seu trabalho naquele dia\u201d, disse Reeves.<\/p>\n<p>Mas o sindicato diz que seu gerente disse a ele para dirigir o caminh\u00e3o de volta para a instala\u00e7\u00e3o. Eles dizem que isso vai contra os pr\u00f3prios protocolos de seguran\u00e7a t\u00e9rmica da UPS e que o gerente deveria ter ligado para o 911.<\/p>\n<p>\u201cA UPS tem que assumir a responsabilidade por isso e paralisar esses motoristas. Eles t\u00eam que ser respons\u00e1veis, francamente, pela seguran\u00e7a do motorista, juntamente com o p\u00fablico em geral\u201d, disse Reeves.<\/p>\n<p>O motorista foi hospitalizado, mas agora est\u00e1 se recuperando em casa.<\/p>\n<p>Entramos em contato com a UPS para comentar o assunto, e ela nos disse que se importa profundamente com o bem-estar do motorista e que trabalhar\u00e1 com as autoridades para investigar o que aconteceu.<\/p>\n<p>Eles dizem que gastam mais de US$ 400 milh\u00f5es anualmente em treinamento de seguran\u00e7a e tamb\u00e9m:<\/p>\n<p>adicionou mais equipamentos de resfriamento \u00e0s instala\u00e7\u00f5es e ve\u00edculos forneceram aos funcion\u00e1rios equipamentos de resfriamento especializados para fornecer acesso a gelo e \u00e1gua. Mas, de acordo com o Teamsters Local 767, a UPS prometeu que todos os ve\u00edculos novos comprados este ano em sua jurisdi\u00e7\u00e3o teriam ar-condicionado, mas Reeves diz que, at\u00e9 onde ele sabe, nenhum deles tem ar-condicionado.<\/p>\n<p>\u201cIsso \u00e9 inaceit\u00e1vel\u201d, disse Reeves.<\/p>\n<p>No ver\u00e3o passado, um funcion\u00e1rio do Servi\u00e7o Postal dos Estados Unidos de Dallas, Eugene Gates Jr., morreu de uma doen\u00e7a relacionada ao calor enquanto entregava correspond\u00eancia em um dia escaldante de junho.<\/p>\n<p>\u201cEles t\u00eam uma ind\u00fastria multibilion\u00e1ria e n\u00e3o est\u00e3o cuidando do bem-estar de seus funcion\u00e1rios\u201d, disse sua vi\u00fava.<\/p>\n<p>O sindicato dos caminhoneiros Local 767 espera se reunir com a UPS para encontrar solu\u00e7\u00f5es para que ningu\u00e9m mais se machuque no trabalho.<\/p>\n<p>\u201cAcredito que a UPS precisa se manter focada em cuidar de seus funcion\u00e1rios e n\u00e3o de seus pacotes, essa \u00e9 exatamente a nossa mensagem\u201d, disse Reeves.<\/p>\n<p><em>The-CNN-Wire\u2122 &#038; \u00a9 2024 Cable News Network, Inc., uma empresa Time Warner. Todos os direitos reservados.<\/em><\/p>\n<div class=\"wp-block-newsletter\">\n\t<strong class=\"wp-block-newsletter__title\">Inscreva-se em nossa Newsletter para receber as \u00faltimas not\u00edcias diretamente na sua caixa de entrada<\/strong><\/p>\n<\/div><\/div>\n<p><br \/>\n<br \/><a href=\"https:\/\/wsvn.com\/news\/us-world\/north-texas-ups-driver-crashes-after-passing-out-from-heat\/\">Source link <\/a><\/p>","protected":false},"excerpt":{"rendered":"<p>NORTE DO TEXAS, Texas (KTVT) \u2014 Um motorista da UPS do norte do Texas recebeu alta do hospital ap\u00f3s desmaiar devido ao calor e ao acidente com o caminh\u00e3o. Na&hellip;<\/p>","protected":false},"author":1,"featured_media":26292,"comment_status":"closed","ping_status":"open","sticky":false,"template":"","format":"standard","meta":{"content-type":"","footnotes":""},"categories":[1],"tags":[],"class_list":["post-26291","post","type-post","status-publish","format-standard","has-post-thumbnail","hentry","category-uncategorized"],"_links":{"self":[{"href":"https:\/\/tvbrazilusa.com\/pt\/wp-json\/wp\/v2\/posts\/26291","targetHints":{"allow":["GET"]}}],"collection":[{"href":"https:\/\/tvbrazilusa.com\/pt\/wp-json\/wp\/v2\/posts"}],"about":[{"href":"https:\/\/tvbrazilusa.com\/pt\/wp-json\/wp\/v2\/types\/post"}],"author":[{"embeddable":true,"href":"https:\/\/tvbrazilusa.com\/pt\/wp-json\/wp\/v2\/users\/1"}],"replies":[{"embeddable":true,"href":"https:\/\/tvbrazilusa.com\/pt\/wp-json\/wp\/v2\/comments?post=26291"}],"version-history":[{"count":1,"href":"https:\/\/tvbrazilusa.com\/pt\/wp-json\/wp\/v2\/posts\/26291\/revisions"}],"predecessor-version":[{"id":26293,"href":"https:\/\/tvbrazilusa.com\/pt\/wp-json\/wp\/v2\/posts\/26291\/revisions\/26293"}],"wp:featuredmedia":[{"embeddable":true,"href":"https:\/\/tvbrazilusa.com\/pt\/wp-json\/wp\/v2\/media\/26292"}],"wp:attachment":[{"href":"https:\/\/tvbrazilusa.com\/pt\/wp-json\/wp\/v2\/media?parent=26291"}],"wp:term":[{"taxonomy":"category","embeddable":true,"href":"https:\/\/tvbrazilusa.com\/pt\/wp-json\/wp\/v2\/categories?post=26291"},{"taxonomy":"post_tag","embeddable":true,"href":"https:\/\/tvbrazilusa.com\/pt\/wp-json\/wp\/v2\/tags?post=26291"}],"curies":[{"name":"wp","href":"https:\/\/api.w.org\/{rel}","templated":true}]}}