{"id":26325,"date":"2024-08-19T19:56:57","date_gmt":"2024-08-19T19:56:57","guid":{"rendered":"https:\/\/tvbrazilusa.com\/2024\/08\/19\/assista-o-que-assistir-na-convencao-nacional-democrata\/"},"modified":"2024-08-19T20:02:30","modified_gmt":"2024-08-19T20:02:30","slug":"assista-o-que-assistir-na-convencao-nacional-democrata","status":"publish","type":"post","link":"https:\/\/tvbrazilusa.com\/pt\/2024\/08\/19\/assista-o-que-assistir-na-convencao-nacional-democrata\/","title":{"rendered":"Assista: O que assistir na Conven\u00e7\u00e3o Nacional Democrata"},"content":{"rendered":"<p> <script async src=\"https:\/\/pagead2.googlesyndication.com\/pagead\/js\/adsbygoogle.js?client=ca-pub-8864793242727901\"\r\n     crossorigin=\"anonymous\"><\/script><br \/>\n<\/p>\n<p>Harris e Walz apresentar\u00e3o seu caso ao povo americano. A editora de pol\u00edtica Victoria McGrane relata de Chicago o que esperar.<\/p>\n<p>O posto <a href=\"https:\/\/www.boston.com\/news\/boston-globe-today\/2024\/08\/19\/watch-what-to-watch-at-the-democratic-national-convention\/\">Assista: O que assistir na Conven\u00e7\u00e3o Nacional Democrata<\/a> apareceu primeiro em <a href=\"https:\/\/www.boston.com\">Boston.com<\/a>.<\/p>\n<p><br \/>\n<br \/><a href=\"https:\/\/www.boston.com\/news\/boston-globe-today\/2024\/08\/19\/watch-what-to-watch-at-the-democratic-national-convention\/\">Source link <\/a><\/p>","protected":false},"excerpt":{"rendered":"<p>Harris e Walz apresentar\u00e3o seu caso ao povo americano. A editora de pol\u00edtica Victoria McGrane relata de Chicago o que esperar. O posto Assista: O que assistir na Conven\u00e7\u00e3o Nacional&hellip;<\/p>","protected":false},"author":1,"featured_media":26326,"comment_status":"closed","ping_status":"open","sticky":false,"template":"","format":"standard","meta":{"content-type":"","footnotes":""},"categories":[1],"tags":[],"class_list":["post-26325","post","type-post","status-publish","format-standard","has-post-thumbnail","hentry","category-uncategorized"],"_links":{"self":[{"href":"https:\/\/tvbrazilusa.com\/pt\/wp-json\/wp\/v2\/posts\/26325","targetHints":{"allow":["GET"]}}],"collection":[{"href":"https:\/\/tvbrazilusa.com\/pt\/wp-json\/wp\/v2\/posts"}],"about":[{"href":"https:\/\/tvbrazilusa.com\/pt\/wp-json\/wp\/v2\/types\/post"}],"author":[{"embeddable":true,"href":"https:\/\/tvbrazilusa.com\/pt\/wp-json\/wp\/v2\/users\/1"}],"replies":[{"embeddable":true,"href":"https:\/\/tvbrazilusa.com\/pt\/wp-json\/wp\/v2\/comments?post=26325"}],"version-history":[{"count":1,"href":"https:\/\/tvbrazilusa.com\/pt\/wp-json\/wp\/v2\/posts\/26325\/revisions"}],"predecessor-version":[{"id":26327,"href":"https:\/\/tvbrazilusa.com\/pt\/wp-json\/wp\/v2\/posts\/26325\/revisions\/26327"}],"wp:featuredmedia":[{"embeddable":true,"href":"https:\/\/tvbrazilusa.com\/pt\/wp-json\/wp\/v2\/media\/26326"}],"wp:attachment":[{"href":"https:\/\/tvbrazilusa.com\/pt\/wp-json\/wp\/v2\/media?parent=26325"}],"wp:term":[{"taxonomy":"category","embeddable":true,"href":"https:\/\/tvbrazilusa.com\/pt\/wp-json\/wp\/v2\/categories?post=26325"},{"taxonomy":"post_tag","embeddable":true,"href":"https:\/\/tvbrazilusa.com\/pt\/wp-json\/wp\/v2\/tags?post=26325"}],"curies":[{"name":"wp","href":"https:\/\/api.w.org\/{rel}","templated":true}]}}