{"id":26335,"date":"2024-08-19T19:21:57","date_gmt":"2024-08-19T19:21:57","guid":{"rendered":"https:\/\/tvbrazilusa.com\/2024\/08\/19\/exposicao-imersiva-em-boston-pede-libertacao-de-refens-israelenses\/"},"modified":"2024-08-19T20:15:21","modified_gmt":"2024-08-19T20:15:21","slug":"exposicao-imersiva-em-boston-pede-libertacao-de-refens-israelenses","status":"publish","type":"post","link":"https:\/\/tvbrazilusa.com\/pt\/2024\/08\/19\/exposicao-imersiva-em-boston-pede-libertacao-de-refens-israelenses\/","title":{"rendered":"Exposi\u00e7\u00e3o imersiva em Boston pede liberta\u00e7\u00e3o de ref\u00e9ns israelenses"},"content":{"rendered":"<p> <script async src=\"https:\/\/pagead2.googlesyndication.com\/pagead\/js\/adsbygoogle.js?client=ca-pub-8864793242727901\"\r\n     crossorigin=\"anonymous\"><\/script><br \/>\n<\/p>\n<div id=\"\">\n<header class=\"m-article-header m-article-header--standard\">\n\t\t\t\t\t\t\t\t\t\t\t\t<span id=\"article-header-primary-term\"><br \/>\n\t\t\t\t\t\t\t\t<a class=\"a-term a-term--primary\" href=\"https:\/\/www.boston.com\/tag\/local-news\/\"><\/p>\n<p>\t\t\t\t\t\t\t\tNot\u00edcias locais\t\t\t\t\t\t\t\t<\/a><br \/>\n\t\t\t\t\t\t\t<\/span><\/p>\n<h2 class=\"m-article-header__sub-headline\">A exposi\u00e7\u00e3o realizada na City Hall Plaza de Boston vai at\u00e9 20 de agosto.<\/h2>\n<figure class=\"a-photo m-article-header__photo\"><figcaption class=\"a-photo__caption\">\n<p>\tOs organizadores montaram uma exposi\u00e7\u00e3o imersiva na City Hall Plaza para recriar o t\u00fanel onde os ref\u00e9ns est\u00e3o em Gaza.<em> Lindsay Shachnow<\/em>\t<\/figcaption><\/figure>\n<\/header>\n<p>Um grande cont\u00eainer de transporte preto pintado com spray com as palavras, \u201cTraga-os para casa agora!\u201d foi instalado na Boston&#39;s City Hall Plaza. L\u00e1 dentro, as pessoas andam por uma simula\u00e7\u00e3o de tr\u00eas minutos de um t\u00fanel do Hamas.<\/p>\n<p>\u201cVoc\u00ea tem os sons e as imagens e isso cria uma experi\u00eancia imersiva para algu\u00e9m vir e ter uma no\u00e7\u00e3o das condi\u00e7\u00f5es deplor\u00e1veis \u200b\u200be desumanas dos ref\u00e9ns\u201d, disse o organizador da exposi\u00e7\u00e3o, Douglas Hauer, ao Boston.com. <\/p>\n<p><a href=\"https:\/\/www.instagram.com\/hostagetunnelexhibit?igsh=MzRlODBiNWFlZA==\">Boston se une contra o terror<\/a>: A Exposi\u00e7\u00e3o Imersiva do T\u00fanel de Ref\u00e9ns, inaugurada no domingo e que vai at\u00e9 20 de agosto, \u00e9 <a href=\"https:\/\/www.eventbrite.com\/e\/boston-unites-against-terror-hostage-tunnel-immersive-exhibit-tickets-946420458067\">gratuito e aberto ao p\u00fablico<\/a>. <\/p>\n<p>Cerca de 110 ref\u00e9ns, que foram mantidos em cativeiro por mais de 300 dias por terroristas do Hamas que entraram em Israel em 7 de outubro, permanecem em Gaza depois que cerca de 100 foram libertados durante um curto cessar-fogo no final de novembro. <a href=\"https:\/\/apnews.com\/article\/israel-hostages-gaza-war-talks-339a8dd7966143f04f012fa4d2b67162\">de acordo com a Associated Press<\/a>.<\/p>\n<figure class=\"wp-block-image size-full\"><img loading=\"lazy\" decoding=\"async\" width=\"2560\" height=\"1707\" src=\"https:\/\/bdc2020.o0bc.com\/wp-content\/uploads\/2024\/08\/DSF4366-66c3949fcd5d0-scaled.jpg\" alt=\"\" class=\"wp-image-31318282\" srcset=\"https:\/\/bdc2020.o0bc.com\/wp-content\/uploads\/2024\/08\/DSF4366-66c3949fcd5d0-scaled.jpg?width=200 200w, https:\/\/bdc2020.o0bc.com\/wp-content\/uploads\/2024\/08\/DSF4366-66c3949fcd5d0-scaled.jpg?width=300 300w, https:\/\/bdc2020.o0bc.com\/wp-content\/uploads\/2024\/08\/DSF4366-66c3949fcd5d0-scaled.jpg?width=400 400w, https:\/\/bdc2020.o0bc.com\/wp-content\/uploads\/2024\/08\/DSF4366-66c3949fcd5d0-scaled.jpg?width=500 500w, https:\/\/bdc2020.o0bc.com\/wp-content\/uploads\/2024\/08\/DSF4366-66c3949fcd5d0-scaled.jpg?width=600 600w, https:\/\/bdc2020.o0bc.com\/wp-content\/uploads\/2024\/08\/DSF4366-66c3949fcd5d0-scaled.jpg?width=700 700w, https:\/\/bdc2020.o0bc.com\/wp-content\/uploads\/2024\/08\/DSF4366-66c3949fcd5d0-scaled.jpg?width=800 800w, https:\/\/bdc2020.o0bc.com\/wp-content\/uploads\/2024\/08\/DSF4366-66c3949fcd5d0-scaled.jpg?width=900 900w\" sizes=\"auto, (max-width: 2560px) 100vw, 2560px\"\/><figcaption class=\"wp-element-caption\">Uma exposi\u00e7\u00e3o imersiva na City Hall Plaza tem como objetivo conscientizar sobre os ref\u00e9ns em Gaza. <em>Lindsay Shachnow<\/em><\/figcaption><\/figure>\n<p>Enquanto isso, mais de 40.000 palestinos morreram durante a subsequente invas\u00e3o retaliat\u00f3ria de Israel em Gaza, informou o Minist\u00e9rio da Sa\u00fade do territ\u00f3rio. <a href=\"https:\/\/apnews.com\/article\/gaza-death-toll-hamas-war-israel-40000-32a79e03c8eb62669412dab23d03219e\">disse \u00e0 Associated Press<\/a>.<\/p>\n<p>O conceito da exposi\u00e7\u00e3o imersiva surgiu em Genebra, quando um grupo de israelenses tentou conscientizar diplomatas nas Na\u00e7\u00f5es Unidas sobre o ataque de 7 de outubro e as experi\u00eancias dos ref\u00e9ns em Gaza, disse Hauer. <\/p>\n<p>A exposi\u00e7\u00e3o foi exibida pela primeira vez nos Estados Unidos, no National Mall, em Washington, DC, antes de chegar a Boston.<\/p>\n<p>Hauer disse que a escolha de instalar a exposi\u00e7\u00e3o na City Hall Plaza foi \u201crealmente deliberada\u201d.<\/p>\n<p>\u201cQueremos que haja visibilidade da trag\u00e9dia em andamento de civis mantidos ref\u00e9ns em Gaza, e queremos isso no epicentro da vida c\u00edvica em Boston\u201d, disse Hauer, um advogado de Boston e novo estudante rab\u00ednico.<\/p>\n<p>Hauer disse que est\u00e1 preocupado com poss\u00edveis protestos no evento.<\/p>\n<p>\u201cH\u00e1 preocupa\u00e7\u00f5es sobre vandalismo e seguran\u00e7a pessoal das pessoas que v\u00eam e participam da exposi\u00e7\u00e3o\u201d, disse ele.<\/p>\n<figure class=\"wp-block-image size-full\"><img loading=\"lazy\" decoding=\"async\" width=\"2560\" height=\"1707\" src=\"https:\/\/bdc2020.o0bc.com\/wp-content\/uploads\/2024\/08\/DSF4374-66c3934098a16-scaled.jpg\" alt=\"\" class=\"wp-image-31318227\" srcset=\"https:\/\/bdc2020.o0bc.com\/wp-content\/uploads\/2024\/08\/DSF4374-66c3934098a16-scaled.jpg?width=200 200w, https:\/\/bdc2020.o0bc.com\/wp-content\/uploads\/2024\/08\/DSF4374-66c3934098a16-scaled.jpg?width=300 300w, https:\/\/bdc2020.o0bc.com\/wp-content\/uploads\/2024\/08\/DSF4374-66c3934098a16-scaled.jpg?width=400 400w, https:\/\/bdc2020.o0bc.com\/wp-content\/uploads\/2024\/08\/DSF4374-66c3934098a16-scaled.jpg?width=500 500w, https:\/\/bdc2020.o0bc.com\/wp-content\/uploads\/2024\/08\/DSF4374-66c3934098a16-scaled.jpg?width=600 600w, https:\/\/bdc2020.o0bc.com\/wp-content\/uploads\/2024\/08\/DSF4374-66c3934098a16-scaled.jpg?width=700 700w, https:\/\/bdc2020.o0bc.com\/wp-content\/uploads\/2024\/08\/DSF4374-66c3934098a16-scaled.jpg?width=800 800w, https:\/\/bdc2020.o0bc.com\/wp-content\/uploads\/2024\/08\/DSF4374-66c3934098a16-scaled.jpg?width=900 900w\" sizes=\"auto, (max-width: 2560px) 100vw, 2560px\"\/><figcaption class=\"wp-element-caption\">Effie Yahalomi (\u00e0 esquerda) compareceu ao evento com seu marido Mark Yahalomi para falar sobre seu irm\u00e3o Sangui Dekel Chen, que foi feito ref\u00e9m. <em>Lindsay Shachnow<\/em><\/figcaption><\/figure>\n<p>Effie Yahalomi disse que seu irm\u00e3o, Ohad, um guarda florestal, levou um tiro na perna e na m\u00e3o em casa antes de ser feito ref\u00e9m. O sobrinho de Yahalomi, Eitan, tamb\u00e9m foi mantido em cativeiro por 52 dias e foi solto, ela disse.<\/p>\n<p>\u201cMeu irm\u00e3o foi levado com suas boxers de sua pr\u00f3pria casa\u201d, ela disse. \u201cPessoas entraram em sua casa, atiraram nele, levaram sua fam\u00edlia, o levaram. Ele \u00e9 um civil. Isso n\u00e3o est\u00e1 certo.\u201d<\/p>\n<p>Yahalomi disse que espera que a exposi\u00e7\u00e3o permita que as pessoas sintam por um \u201cr\u00e1pido momento\u201d o que os \u201cref\u00e9ns est\u00e3o sentindo naqueles t\u00faneis\u201d. Yahalomi diz que est\u00e1 fazendo tudo ao seu alcance para trazer Ohad de volta para casa.<\/p>\n<p>\u201cQuero pedir a ele que se mantenha firme, que se mantenha forte\u201d, disse ela.<\/p>\n<p>O presidente-executivo da B&#39;nai B&#39;rith International, Daniel Mariaschin, disse que seu primo Sagui Dekel Chen saiu cedo para trabalhar na manh\u00e3 de 7 de outubro quando viu terroristas se aproximando.<\/p>\n<p>\u201cEle aparentemente pegou sua pr\u00f3pria arma para atirar contra os terroristas e, no final, foi derrotado\u201d, disse Mariaschin ao Boston.com.<\/p>\n<p>A terceira filha de Chen nasceu enquanto ele permanecia em cativeiro.<\/p>\n<p>Charles Miller compareceu ao evento e disse que ficou com uma \u201csensa\u00e7\u00e3o de enjoo\u201d depois de entrar no t\u00fanel.<\/p>\n<p>\u201cVoc\u00ea acaba com uma sensa\u00e7\u00e3o de morte no cora\u00e7\u00e3o quando anda por essas exposi\u00e7\u00f5es\u201d, disse ele ao Boston.com.<\/p>\n<p>Irit Yakhnes, C\u00f4nsul Geral Adjunto de Israel na Nova Inglaterra, chamou o t\u00fanel de uma \u201cexposi\u00e7\u00e3o muito impactante\u201d depois de caminhar por ele na manh\u00e3 de segunda-feira.<\/p>\n<p>\u201cA sufoca\u00e7\u00e3o, os barulhos, a sensa\u00e7\u00e3o de que voc\u00ea est\u00e1 sem f\u00f4lego, e n\u00f3s estamos l\u00e1 h\u00e1 apenas tr\u00eas minutos\u201d, Yakhnes disse ao Boston.com. \u201cEsperamos que todos venham e entendam que esta causa \u00e9 para trazer essas pessoas para casa, e nada mais.\u201d<\/p>\n<div class=\"m-block m-generic-cta\t m-generic-cta--post-content\t m-generic-cta--dark\t m-generic-cta--homepage\t m-generic-cta--email-signup\t\t m-generic-cta-block-style--default \tt-amp__generic-cta\"><\/p>\n<div class=\"m-generic-cta__wrap\">\n<div class=\"m-generic-cta__content\">\n<h3 class=\"m-generic-cta__title\">Boston.com Hoje<\/h3>\n<p class=\"m-generic-cta__subtitle\">Inscreva-se para receber as \u00faltimas manchetes na sua caixa de entrada todas as manh\u00e3s.<\/p>\n<\/p><\/div>\n<\/p><\/div>\n<\/div><\/div>\n<p><script>\n\t\tvar consent=\"grant\";\n\t\t\/* The above code is parsing the JSON data from the local storage and storing it in a variable. *\/\n\t\t\t\t\tconst onetrustStorageConsent = JSON.parse(localStorage.getItem( 'consent_one_trust_bdc' ) );\n\t\t\tif ( ( onetrustStorageConsent !== null ) ) {\n\t\t\t\t\/* Checking to see if the user has consented to the use of cookies.\n\t\t\t\t* If they have not, it is deleting the cookie.\n\t\t\t\t* This will comment for now, until further notice.\n\t\t\t\t*\/\n\t\t\t\t\/\/if ( onetrustStorageConsent.C0002 === false ) {\n\t\t\t\t\/\/\tdocument.cookie=\"_fbp=;expires=Thu, 01 Jan 2010 00:00:00 UTC; path=\/; domain=.boston.com\";\n\t\t\t\t\/\/}\n\t\t\t\t\/* Checking if the user has given consent for the cookie C0002.\n\t\t\t\t* If the user has given consent, the variable consent will be set to 'grant'.\n\t\t\t\t* If the user has not given consent,the variable consent will be set to 'revoke'.\n\t\t\t\t* Documentation https:\/\/developers.facebook.com\/docs\/meta-pixel\/implementation\/gdpr\n\t\t\t\t*\/\n\t\t\t\tif ( onetrustStorageConsent.C0002 !== true ) {\n\t\t\t\t\tconsent=\"revoke\";\n\t\t\t\t}\n\t\t\t}\n\t\t\t\t!function(f,b,e,v,n,t,s)\n\t\t{if(f.fbq)return;n=f.fbq=function(){n.callMethod?\n\t\tn.callMethod.apply(n,arguments):n.queue.push(arguments)};\n\t\tif(!f._fbq)f._fbq=n;n.push=n;n.loaded=!0;n.version='2.0';\n\t\tn.queue=[];t=b.createElement(e);t.async=!0;\n\t\tt.src=v;s=b.getElementsByTagName(e)[0];\n\t\ts.parentNode.insertBefore(t,s)}(window, document,'script',\n\t\t'https:\/\/connect.facebook.net\/en_US\/fbevents.js');\n\t\tfbq('consent', consent);\n\t\tfbq('init', '989222871864976');\n\t\tfbq('track', 'PageView');\n\t<\/script><script type=\"module\">\n\t\tvar consent=\"grant\";\n\t\t\/* The above code is parsing the JSON data from the local storage and storing it in a variable. *\/\n\t\t\tconst onetrustStorageConsent = JSON.parse(localStorage.getItem( 'consent_one_trust_bdc' ) );\n\t\t\t\/* Checking to see if the user has consented to the use of cookies.\n\t\t\t* If they have not, it is deleting the cookie.\n\t\t\t* This will comment for now, until further notice.\n\t\t\t*\/\n\t\t\t\/\/if ( onetrustStorageConsent.C0002 === false ) {\n\t\t\t\/\/\tdocument.cookie=\"_fbp=;expires=Thu, 01 Jan 2010 00:00:00 UTC; path=\/; domain=.boston.com\";\n\t\t\t\/\/}\n\t\t\t\/* Checking if the user has given consent for the cookie C0002.\n\t\t\t* If the user has given consent, the variable consent will be set to 'grant'.\n\t\t\t* If the user has not given consent,the variable consent will be set to 'revoke'.\n\t\t\t* Documentation https:\/\/developers.facebook.com\/docs\/meta-pixel\/implementation\/gdpr\n\t\t\t*\/\n\t\t\tif ( ( onetrustStorageConsent !== null ) && (onetrustStorageConsent.C0002 !== true ) ) {\n\t\t\t\tconsent=\"revoke\";\n\t\t\t}\n\t\t\t\t!function(f,b,e,v,n,t,s){if(f.fbq)return;n=f.fbq=function()\n\t\t{n.callMethod? n.callMethod.apply(n,arguments):n.queue.push(arguments)}\n\t\t;if(!f._fbq)f._fbq=n;\n\t\tn.push=n;n.loaded=!0;n.version='2.0';n.queue=[];t=b.createElement(e);t.async=!0;\n\t\tt.src=v;s=b.getElementsByTagName(e)[0];s.parentNode.insertBefore(t,s)}(window,\n\t\tdocument,'script','https:\/\/connect.facebook.net\/en_US\/fbevents.js');\n\t\tfbq('consent', consent);\n\t\tfbq('init', '813236348753005');\n\t\tfbq('track', \"PageView\");\n\t<\/script><script async src=\"\/\/www.instagram.com\/embed.js\"><\/script><br \/>\n<br \/><br \/>\n<br \/><a href=\"https:\/\/www.boston.com\/news\/local-news\/2024\/08\/19\/immersive-exhibit-in-boston-calls-for-the-release-of-israeli-hostages\/\">Source link <\/a><\/p>","protected":false},"excerpt":{"rendered":"<p>Not\u00edcias locais A exposi\u00e7\u00e3o realizada na City Hall Plaza de Boston vai at\u00e9 20 de agosto. Os organizadores montaram uma exposi\u00e7\u00e3o imersiva na City Hall Plaza para recriar o t\u00fanel&hellip;<\/p>","protected":false},"author":1,"featured_media":26336,"comment_status":"closed","ping_status":"open","sticky":false,"template":"","format":"standard","meta":{"content-type":"","footnotes":""},"categories":[1],"tags":[],"class_list":["post-26335","post","type-post","status-publish","format-standard","has-post-thumbnail","hentry","category-uncategorized"],"_links":{"self":[{"href":"https:\/\/tvbrazilusa.com\/pt\/wp-json\/wp\/v2\/posts\/26335","targetHints":{"allow":["GET"]}}],"collection":[{"href":"https:\/\/tvbrazilusa.com\/pt\/wp-json\/wp\/v2\/posts"}],"about":[{"href":"https:\/\/tvbrazilusa.com\/pt\/wp-json\/wp\/v2\/types\/post"}],"author":[{"embeddable":true,"href":"https:\/\/tvbrazilusa.com\/pt\/wp-json\/wp\/v2\/users\/1"}],"replies":[{"embeddable":true,"href":"https:\/\/tvbrazilusa.com\/pt\/wp-json\/wp\/v2\/comments?post=26335"}],"version-history":[{"count":1,"href":"https:\/\/tvbrazilusa.com\/pt\/wp-json\/wp\/v2\/posts\/26335\/revisions"}],"predecessor-version":[{"id":26337,"href":"https:\/\/tvbrazilusa.com\/pt\/wp-json\/wp\/v2\/posts\/26335\/revisions\/26337"}],"wp:featuredmedia":[{"embeddable":true,"href":"https:\/\/tvbrazilusa.com\/pt\/wp-json\/wp\/v2\/media\/26336"}],"wp:attachment":[{"href":"https:\/\/tvbrazilusa.com\/pt\/wp-json\/wp\/v2\/media?parent=26335"}],"wp:term":[{"taxonomy":"category","embeddable":true,"href":"https:\/\/tvbrazilusa.com\/pt\/wp-json\/wp\/v2\/categories?post=26335"},{"taxonomy":"post_tag","embeddable":true,"href":"https:\/\/tvbrazilusa.com\/pt\/wp-json\/wp\/v2\/tags?post=26335"}],"curies":[{"name":"wp","href":"https:\/\/api.w.org\/{rel}","templated":true}]}}