{"id":26350,"date":"2024-08-19T20:40:03","date_gmt":"2024-08-19T20:40:03","guid":{"rendered":"https:\/\/tvbrazilusa.com\/2024\/08\/19\/manifestantes-se-reunem-do-lado-de-fora-da-convencao-nacional-democrata-enquanto-autoridades-de-chicago-prometem-manter-a-paz\/"},"modified":"2024-08-19T20:42:29","modified_gmt":"2024-08-19T20:42:29","slug":"manifestantes-se-reunem-do-lado-de-fora-da-convencao-nacional-democrata-enquanto-autoridades-de-chicago-prometem-manter-a-paz","status":"publish","type":"post","link":"https:\/\/tvbrazilusa.com\/pt\/2024\/08\/19\/manifestantes-se-reunem-do-lado-de-fora-da-convencao-nacional-democrata-enquanto-autoridades-de-chicago-prometem-manter-a-paz\/","title":{"rendered":"Manifestantes se re\u00fanem do lado de fora da Conven\u00e7\u00e3o Nacional Democrata enquanto autoridades de Chicago prometem manter a paz"},"content":{"rendered":"<p> <script async src=\"https:\/\/pagead2.googlesyndication.com\/pagead\/js\/adsbygoogle.js?client=ca-pub-8864793242727901\"\r\n     crossorigin=\"anonymous\"><\/script><br \/>\n<\/p>\n<div id=\"\">\n<header class=\"m-article-header m-article-header--standard\">\n\t\t\t\t\t\t\t\t\t\t\t\t<span id=\"article-header-primary-term\"><br \/>\n\t\t\t\t\t\t\t\t<a class=\"a-term a-term--primary\" href=\"https:\/\/www.boston.com\/tag\/politics\/\"><\/p>\n<p>\t\t\t\t\t\t\t\tPol\u00edtica\t\t\t\t\t\t\t\t<\/a><br \/>\n\t\t\t\t\t\t\t<\/span><\/p>\n<h2 class=\"m-article-header__sub-headline\"\/>\n<figure class=\"a-photo m-article-header__photo\"><figcaption class=\"a-photo__caption\">\n<p>\tA pol\u00edcia de Chicago e os manifestantes se preparam para o in\u00edcio da &#8220;Marcha na Conven\u00e7\u00e3o Nacional Democrata&#8221; durante o primeiro dia da Conven\u00e7\u00e3o Nacional Democrata, em 19 de agosto de 2024, em Chicago, Illinois.<em> Foto de Scott Olson\/Getty Images<\/em>\t<\/figcaption><\/figure>\n<div class=\"m-article-header__meta\">\n<div class=\"m-article-header__byline\">\n<p class=\"m-article-header__author\">\n<p>\t\t\t\t\t\t\t\tPor SOPHIA TAREEN, JOEY CAPPELLETTI e LEA SKENE, Associated Press\t\t\t\t\t\t\t<\/p>\n<p>\t\t\t\t\t\t    \t\t\t\t\t\t\t<time class=\"m-article-header__date\"><\/p>\n<p>        \t\t\t\t\t\t\t19 de agosto de 2024 | 16h40    \t\t\t\t\t\t\t<\/time><\/p><\/div>\n<\/p><\/div>\n<\/header>\n<p>CHICAGO (AP) \u2014 Alguns milhares de manifestantes marcharam em dire\u00e7\u00e3o ao local da Conven\u00e7\u00e3o Nacional Democrata em sua abertura, na segunda-feira, para expressar sua oposi\u00e7\u00e3o \u00e0 guerra em Gaza, enquanto autoridades de Chicago disseram estar comprometidas em manter as manifesta\u00e7\u00f5es pac\u00edficas.<\/p>\n<p>Os manifestantes disseram que seus planos n\u00e3o mudaram desde que o presidente Joe Biden deixou a disputa e o partido rapidamente se uniu em apoio \u00e0 vice-presidente Kamala Harris, que aceitar\u00e1 formalmente a nomea\u00e7\u00e3o democrata esta semana. Os ativistas disseram que estavam prontos para amplificar sua mensagem progressista diante dos principais l\u00edderes democratas do pa\u00eds.<\/p>\n<p>\u201cTemos que fazer a nossa parte na barriga da besta para impedir o genoc\u00eddio, acabar com a ajuda dos EUA a Israel e apoiar a Palestina\u201d, disse Hatem Abudayyeh, porta-voz da Coaliz\u00e3o para Marchar na Conven\u00e7\u00e3o Nacional Democrata, que inclui centenas de organiza\u00e7\u00f5es.<\/p>\n<p>Os manifestantes marcharam por uma rota de uma milha de extens\u00e3o, terminando em um parque perto do United Center, onde a conven\u00e7\u00e3o est\u00e1 sendo realizada, enquanto centenas de policiais se alinhavam nas ruas. A forte presen\u00e7a policial na marcha inclu\u00eda o superintendente da pol\u00edcia de Chicago, Larry Snelling, que andou em um grupo de policiais \u00e0 frente dos manifestantes.<\/p>\n<p>\u201cBiden, voc\u00ea n\u00e3o pode se esconder. N\u00f3s o acusamos de genoc\u00eddio\u201d, eles gritavam em meio ao rufar de tambores. \u201cHarris, voc\u00ea n\u00e3o pode se esconder. N\u00f3s o acusamos de genoc\u00eddio.\u201d<\/p>\n<p>O prefeito Brandon Johnson disse que as autoridades estavam bem preparadas. \u201cA cidade de Chicago \u00e9 realmente boa em coisas assim\u201d, ele disse em uma entrevista coletiva. \u201cEstamos prontos.\u201d<\/p>\n<p>Os organizadores disseram que esperavam que o comparecimento ao com\u00edcio e \u00e0 marcha de segunda-feira fosse de pelo menos 20.000 pessoas. Parecia que alguns milhares estavam presentes no in\u00edcio da marcha, embora as autoridades da cidade de Chicago tenham se recusado a dar uma estimativa da multid\u00e3o.<\/p>\n<p>A \u00e1rea de Chicago tem uma das maiores comunidades palestinas do pa\u00eds, e \u00f4nibus traziam ativistas de todo o pa\u00eds.<\/p>\n<p>Taylor Cook, um organizador da Freedom Road Socialist Organization, viajou de Atlanta para a marcha. Cook disse que o grupo estava pressionando todos os democratas a pedirem o fim da ajuda a Israel, com foco particular em Harris.<\/p>\n<p>\u201cEstamos dizendo a Kamala que ela foi c\u00famplice disso. As pessoas acham que \u00e9 s\u00f3 Joe Biden, mas ela \u00e9 vice-presidente\u201d, disse Cook. \u201cEnt\u00e3o estamos dizendo que voc\u00ea precisa parar se quiser nosso voto.\u201d<\/p>\n<p>Medea Benjamin, que viajou de Washington, DC, para Chicago, com um grupo de manifestantes liderado por mulheres pedindo paz, disse que ficou chocada que o governo Biden aprovou recentemente US$ 20 bilh\u00f5es adicionais em vendas de armas para Israel.<\/p>\n<p>\u201cH\u00e1 uma discrep\u00e2ncia incr\u00edvel entre o que as pessoas est\u00e3o pedindo neste pa\u00eds e o que a administra\u00e7\u00e3o est\u00e1 fazendo\u201d, ela disse antes do com\u00edcio em Union Park. \u201cEstamos t\u00e3o enojados com isso.\u201d<\/p>\n<p>Ativistas dizem que aprenderam li\u00e7\u00f5es com a Conven\u00e7\u00e3o Nacional Republicana do m\u00eas passado em Milwaukee. Eles esperam multid\u00f5es maiores e manifesta\u00e7\u00f5es mais robustas em Chicago.<\/p>\n<p>Apoiadores pr\u00f3-palestinos foram ao parque, a oeste do distrito financeiro de Loop, para o com\u00edcio.<\/p>\n<p>Antes da marcha, o candidato presidencial independente Cornel West discursou para a multid\u00e3o, que o recebeu com aplausos.<\/p>\n<p>\u201cN\u00e3o se trata de alguma pol\u00edtica maquiav\u00e9lica ou algum c\u00e1lculo utilit\u00e1rio sobre uma elei\u00e7\u00e3o\u201d, ele gritou em um microfone. \u201cIsso \u00e9 sobre moralidade. Isso \u00e9 sobre espiritualidade.\u201d<\/p>\n<p>Cerca de 40 apoiadores pr\u00f3-Israel caminharam pelo parque durante o protesto. Permanecendo em sil\u00eancio enquanto agitavam bandeiras israelenses, eles foram acompanhados por cerca de 20 policiais em bicicletas. Embora as tens\u00f5es tenham aumentado \u00e0s vezes, n\u00e3o houve alterca\u00e7\u00f5es f\u00edsicas.<\/p>\n<p>Josh Weiner, cofundador da Chicago Jewish Alliance que caminhou com o grupo pr\u00f3-Israel, disse que sua inten\u00e7\u00e3o era \u201cfazer nossa presen\u00e7a ser sentida\u201d.<\/p>\n<p>Weiner disse que o grupo solicitou licen\u00e7as que n\u00e3o foram aprovadas pela cidade.<\/p>\n<p>\u201cOs manifestantes pr\u00f3-Palestina obtiveram v\u00e1rias autoriza\u00e7\u00f5es, incluindo uma marcha, que parece estar um pouco inclinada para um lado\u201d, disse Weiner.<\/p>\n<p>Snelling, o superintendente da pol\u00edcia, elogiou a pol\u00edcia e os organizadores da marcha por um protesto pac\u00edfico na noite de domingo pedindo aborto e direitos LGBTQ+ e o fim da guerra em Gaza. A pol\u00edcia de Chicago disse que duas pessoas foram presas sob acusa\u00e7\u00f5es de contraven\u00e7\u00e3o por resistir \u00e0 pol\u00edcia e danificar propriedade.<\/p>\n<p>\u201cEscute, \u00e9 simples assim. O Departamento de Pol\u00edcia de Chicago est\u00e1 aqui para proteger todos nesta cidade\u201d, disse Snelling. \u201cO que n\u00e3o toleraremos \u00e9 intimida\u00e7\u00e3o. N\u00e3o toleraremos viol\u00eancia.\u201d<\/p>\n<p>As quest\u00f5es dos manifestantes incluem mudan\u00e7as clim\u00e1ticas, direitos ao aborto e igualdade racial, para citar algumas, mas muitos concordam que pressionar por um cessar-fogo imediato na guerra Israel-Hamas \u00e9 a principal mensagem das manifesta\u00e7\u00f5es. Eles compararam isso \u00e0 Guerra do Vietn\u00e3 de sua gera\u00e7\u00e3o.<\/p>\n<p>Chicago, que sediou mais conven\u00e7\u00f5es pol\u00edticas do que qualquer outra cidade dos EUA, n\u00e3o conseguiu escapar das compara\u00e7\u00f5es com a infame conven\u00e7\u00e3o de 1968, onde a pol\u00edcia e manifestantes contra a Guerra do Vietn\u00e3 entraram em confronto violento na televis\u00e3o ao vivo.<\/p>\n<p>Alguns neg\u00f3cios fecharam suas janelas com t\u00e1buas como precau\u00e7\u00e3o, e tribunais de condado disseram que abririam mais espa\u00e7o em caso de pris\u00f5es em massa. A pol\u00edcia de Chicago diz que os policiais passaram por treinamento extensivo sobre policiamento constitucional e t\u00e1ticas de desescalada.<\/p>\n<p>Ativistas da coaliz\u00e3o e a cidade t\u00eam tido diverg\u00eancias sobre a localiza\u00e7\u00e3o dos protestos e outras quest\u00f5es log\u00edsticas. Um juiz ficou do lado da cidade sobre uma rota de marcha de aproximadamente 1,6 km (1 milha), que os organizadores argumentam n\u00e3o ser grande o suficiente para as multid\u00f5es esperadas.<\/p>\n<p>Nenhum orador ou espectador apareceu no in\u00edcio da tarde em um palco de oradores oferecido por autoridades da cidade perto do United Center. Oito grupos com agendas progressistas se inscreveram para intervalos de 45 minutos para falar na segunda-feira. Em outros dias, alguns grupos conservadores, incluindo o Illinois Policy Institute, t\u00eam planos de falar.<\/p>\n<p>Tamb\u00e9m na segunda-feira, o Ex\u00e9rcito dos Pobres, sediado na Filad\u00e9lfia, que defende a justi\u00e7a econ\u00f4mica, planejou se instalar no Parque Humboldt, no lado noroeste da cidade, para realizar eventos com os candidatos presidenciais de terceiros partidos, Jill Stein e West, al\u00e9m de uma marcha de 5 quil\u00f4metros.<\/p>\n<p>\u201cA Primeira Emenda \u00e9 fundamental para nossa democracia\u201d, Johnson, um ex-organizador sindical, disse \u00e0 The Associated Press em uma entrevista na semana passada. \u201cFarei tudo o que estiver ao meu alcance para proteger o direito de se reunir em protesto.\u201d<\/p>\n<\/p><\/div>\n<p><script>\n\t\tvar consent=\"grant\";\n\t\t\/* The above code is parsing the JSON data from the local storage and storing it in a variable. *\/\n\t\t\t\t\tconst onetrustStorageConsent = JSON.parse(localStorage.getItem( 'consent_one_trust_bdc' ) );\n\t\t\tif ( ( onetrustStorageConsent !== null ) ) {\n\t\t\t\t\/* Checking to see if the user has consented to the use of cookies.\n\t\t\t\t* If they have not, it is deleting the cookie.\n\t\t\t\t* This will comment for now, until further notice.\n\t\t\t\t*\/\n\t\t\t\t\/\/if ( onetrustStorageConsent.C0002 === false ) {\n\t\t\t\t\/\/\tdocument.cookie=\"_fbp=;expires=Thu, 01 Jan 2010 00:00:00 UTC; path=\/; domain=.boston.com\";\n\t\t\t\t\/\/}\n\t\t\t\t\/* Checking if the user has given consent for the cookie C0002.\n\t\t\t\t* If the user has given consent, the variable consent will be set to 'grant'.\n\t\t\t\t* If the user has not given consent,the variable consent will be set to 'revoke'.\n\t\t\t\t* Documentation https:\/\/developers.facebook.com\/docs\/meta-pixel\/implementation\/gdpr\n\t\t\t\t*\/\n\t\t\t\tif ( onetrustStorageConsent.C0002 !== true ) {\n\t\t\t\t\tconsent=\"revoke\";\n\t\t\t\t}\n\t\t\t}\n\t\t\t\t!function(f,b,e,v,n,t,s)\n\t\t{if(f.fbq)return;n=f.fbq=function(){n.callMethod?\n\t\tn.callMethod.apply(n,arguments):n.queue.push(arguments)};\n\t\tif(!f._fbq)f._fbq=n;n.push=n;n.loaded=!0;n.version='2.0';\n\t\tn.queue=[];t=b.createElement(e);t.async=!0;\n\t\tt.src=v;s=b.getElementsByTagName(e)[0];\n\t\ts.parentNode.insertBefore(t,s)}(window, document,'script',\n\t\t'https:\/\/connect.facebook.net\/en_US\/fbevents.js');\n\t\tfbq('consent', consent);\n\t\tfbq('init', '989222871864976');\n\t\tfbq('track', 'PageView');\n\t<\/script><script type=\"module\">\n\t\tvar consent=\"grant\";\n\t\t\/* The above code is parsing the JSON data from the local storage and storing it in a variable. *\/\n\t\t\tconst onetrustStorageConsent = JSON.parse(localStorage.getItem( 'consent_one_trust_bdc' ) );\n\t\t\t\/* Checking to see if the user has consented to the use of cookies.\n\t\t\t* If they have not, it is deleting the cookie.\n\t\t\t* This will comment for now, until further notice.\n\t\t\t*\/\n\t\t\t\/\/if ( onetrustStorageConsent.C0002 === false ) {\n\t\t\t\/\/\tdocument.cookie=\"_fbp=;expires=Thu, 01 Jan 2010 00:00:00 UTC; path=\/; domain=.boston.com\";\n\t\t\t\/\/}\n\t\t\t\/* Checking if the user has given consent for the cookie C0002.\n\t\t\t* If the user has given consent, the variable consent will be set to 'grant'.\n\t\t\t* If the user has not given consent,the variable consent will be set to 'revoke'.\n\t\t\t* Documentation https:\/\/developers.facebook.com\/docs\/meta-pixel\/implementation\/gdpr\n\t\t\t*\/\n\t\t\tif ( ( onetrustStorageConsent !== null ) && (onetrustStorageConsent.C0002 !== true ) ) {\n\t\t\t\tconsent=\"revoke\";\n\t\t\t}\n\t\t\t\t!function(f,b,e,v,n,t,s){if(f.fbq)return;n=f.fbq=function()\n\t\t{n.callMethod? n.callMethod.apply(n,arguments):n.queue.push(arguments)}\n\t\t;if(!f._fbq)f._fbq=n;\n\t\tn.push=n;n.loaded=!0;n.version='2.0';n.queue=[];t=b.createElement(e);t.async=!0;\n\t\tt.src=v;s=b.getElementsByTagName(e)[0];s.parentNode.insertBefore(t,s)}(window,\n\t\tdocument,'script','https:\/\/connect.facebook.net\/en_US\/fbevents.js');\n\t\tfbq('consent', consent);\n\t\tfbq('init', '813236348753005');\n\t\tfbq('track', \"PageView\");\n\t<\/script><br \/>\n<br \/><br \/>\n<br \/><a href=\"https:\/\/www.boston.com\/news\/politics\/2024\/08\/19\/protesters-rally-outside-of-democratic-national-convention-as-chicago-officials-pledge-to-keep-peace\/\">Source link <\/a><\/p>","protected":false},"excerpt":{"rendered":"<p>Pol\u00edtica A pol\u00edcia de Chicago e os manifestantes se preparam para o in\u00edcio da &#8220;Marcha na Conven\u00e7\u00e3o Nacional Democrata&#8221; durante o primeiro dia da Conven\u00e7\u00e3o Nacional Democrata, em 19 de&hellip;<\/p>","protected":false},"author":1,"featured_media":26351,"comment_status":"closed","ping_status":"open","sticky":false,"template":"","format":"standard","meta":{"content-type":"","footnotes":""},"categories":[1],"tags":[],"class_list":["post-26350","post","type-post","status-publish","format-standard","has-post-thumbnail","hentry","category-uncategorized"],"_links":{"self":[{"href":"https:\/\/tvbrazilusa.com\/pt\/wp-json\/wp\/v2\/posts\/26350","targetHints":{"allow":["GET"]}}],"collection":[{"href":"https:\/\/tvbrazilusa.com\/pt\/wp-json\/wp\/v2\/posts"}],"about":[{"href":"https:\/\/tvbrazilusa.com\/pt\/wp-json\/wp\/v2\/types\/post"}],"author":[{"embeddable":true,"href":"https:\/\/tvbrazilusa.com\/pt\/wp-json\/wp\/v2\/users\/1"}],"replies":[{"embeddable":true,"href":"https:\/\/tvbrazilusa.com\/pt\/wp-json\/wp\/v2\/comments?post=26350"}],"version-history":[{"count":1,"href":"https:\/\/tvbrazilusa.com\/pt\/wp-json\/wp\/v2\/posts\/26350\/revisions"}],"predecessor-version":[{"id":26352,"href":"https:\/\/tvbrazilusa.com\/pt\/wp-json\/wp\/v2\/posts\/26350\/revisions\/26352"}],"wp:featuredmedia":[{"embeddable":true,"href":"https:\/\/tvbrazilusa.com\/pt\/wp-json\/wp\/v2\/media\/26351"}],"wp:attachment":[{"href":"https:\/\/tvbrazilusa.com\/pt\/wp-json\/wp\/v2\/media?parent=26350"}],"wp:term":[{"taxonomy":"category","embeddable":true,"href":"https:\/\/tvbrazilusa.com\/pt\/wp-json\/wp\/v2\/categories?post=26350"},{"taxonomy":"post_tag","embeddable":true,"href":"https:\/\/tvbrazilusa.com\/pt\/wp-json\/wp\/v2\/tags?post=26350"}],"curies":[{"name":"wp","href":"https:\/\/api.w.org\/{rel}","templated":true}]}}