{"id":26404,"date":"2024-08-19T23:20:15","date_gmt":"2024-08-19T23:20:15","guid":{"rendered":"https:\/\/tvbrazilusa.com\/2024\/08\/19\/bill-simmons-acredita-que-ha-burburinho-legitimo-em-torno-da-compra-do-celtics-por-jeff-bezos\/"},"modified":"2024-08-19T23:28:42","modified_gmt":"2024-08-19T23:28:42","slug":"bill-simmons-acredita-que-ha-burburinho-legitimo-em-torno-da-compra-do-celtics-por-jeff-bezos","status":"publish","type":"post","link":"https:\/\/tvbrazilusa.com\/pt\/2024\/08\/19\/bill-simmons-acredita-que-ha-burburinho-legitimo-em-torno-da-compra-do-celtics-por-jeff-bezos\/","title":{"rendered":"Bill Simmons acredita que h\u00e1 &#8220;burburinho leg\u00edtimo&#8221; em torno da compra do Celtics por Jeff Bezos"},"content":{"rendered":"<p> <script async src=\"https:\/\/pagead2.googlesyndication.com\/pagead\/js\/adsbygoogle.js?client=ca-pub-8864793242727901\"\r\n     crossorigin=\"anonymous\"><\/script><br \/>\n<\/p>\n<div id=\"\">\n<header class=\"m-article-header m-article-header--standard\">\n\t\t\t\t\t\t\t\t\t\t\t\t<span id=\"article-header-primary-term\"><br \/>\n\t\t\t\t\t\t\t\t<a class=\"a-term a-term--primary\" href=\"https:\/\/www.boston.com\/tag\/boston-celtics\/\"><\/p>\n<p>\t\t\t\t\t\t\t\tCeltas\t\t\t\t\t\t\t\t<\/a><br \/>\n\t\t\t\t\t\t\t<\/span><\/p>\n<h2 class=\"m-article-header__sub-headline\">&#8220;Para ele, n\u00e3o seria diferente do que comprar este famoso iate gigante de US$ 300 milh\u00f5es.&#8221;<\/h2>\n<figure class=\"a-photo m-article-header__photo\"><figcaption class=\"a-photo__caption\">\n<p>\tJeff Bezos supostamente tem uma fortuna estimada em quase US$ 200 bilh\u00f5es. <em> (Foto AP\/Charlie Riedel)<\/em>\t<\/figcaption><\/figure>\n<\/header>\n<p>Como os Celtics<a href=\"https:\/\/www.boston.com\/sports\/boston-celtics\/2024\/07\/01\/celtics-sale-statement-report-wyc-grousbeck\/\" target=\"_blank\" rel=\"noreferrer noopener\"> continuar a analisar ofertas em busca de um novo grupo de propriet\u00e1rios<\/a>o veterano escritor de basquete Bill Simmons acredita que uma das pessoas mais ricas do mundo est\u00e1 interessada em comprar a lend\u00e1ria franquia de basquete.<\/p>\n<p>Sim\u00f5es, <a href=\"https:\/\/www.youtube.com\/watch?v=9E3AYG-CyQA\" target=\"_blank\" rel=\"noreferrer noopener\">falando em seu podcast sobre <\/a><em><a href=\"https:\/\/www.youtube.com\/watch?v=9E3AYG-CyQA\" target=\"_blank\" rel=\"noreferrer noopener\">O Campainha<\/a><\/em><a href=\"https:\/\/www.youtube.com\/watch?v=9E3AYG-CyQA\" target=\"_blank\" rel=\"noreferrer noopener\">  rede,<\/a> observou na segunda-feira que Jeff Bezos \u2014 fundador, presidente executivo e ex-presidente da gigante do com\u00e9rcio eletr\u00f4nico Amazon \u2014 est\u00e1 interessado em abrir sua carteira e comprar o Celtics. <\/p>\n<p>\u201cNos \u00faltimos dias, houve um burburinho que eu acho leg\u00edtimo sobre Jeff Bezos comprando o Celtics, e eu acho que \u00e9 real. Eu acho que ele vai ser um dos pretendentes\u201d, disse Simmons em seu podcast na segunda-feira. \u201cO que me fez pensar, Jeff Bezos quando ele est\u00e1 olhando para o Celtics, o que ele est\u00e1 vendo? O que ele quer? <\/p>\n<p>\u201cE eu acho que a \u00fanica maneira de fazer sentido \u00e9 que \u00e9 uma das franquias de joias da coroa. \u00c9 por isso que voc\u00ea entende. Para ele, n\u00e3o seria diferente de se voc\u00ea comprasse esse famoso iate gigante de US$ 300 milh\u00f5es, mas acho que \u00e9 real que ele esteja potencialmente na disputa por isso.\u201d<\/p>\n<p>Bezos certamente tem capital para comprar os Celtics, com <a href=\"https:\/\/www.forbes.com\/real-time-billionaires\/#236ecbf63d78\" target=\"_blank\" rel=\"noreferrer noopener\">A Forbes atualmente o classifica como a segunda pessoa mais rica do mundo, com US$ 196,7 bilh\u00f5es. <\/a>Esta n\u00e3o seria a primeira vez que Bezos coloca seu nome na disputa por uma franquia esportiva, j\u00e1 que ele foi vinculado \u00e0 venda do Washington Commanders no ano passado<a href=\"https:\/\/www.ft.com\/content\/88d5b589-9dbe-4dc1-b8d3-0d42f4e1eb87\" target=\"_blank\" rel=\"noreferrer noopener\"> antes de ser superado pelo eventual propriet\u00e1rio Josh Harris<\/a> e seu grupo de propriet\u00e1rios. <\/p>\n<p>De acordo com Simmons, ter um propriet\u00e1rio com recursos financeiros como Bezos se juntando \u00e0 liga seria um resultado bem-vindo \u2014 j\u00e1 que um potencial ponto de venda de US$ 6 bilh\u00f5es para os Celtics poderia definir o mercado \u00e0 medida que a liga come\u00e7a a avaliar a expans\u00e3o nos pr\u00f3ximos anos. <\/p>\n<p>\u201c\u00c9 um pre\u00e7o louco, mas eles provavelmente v\u00e3o conseguir\u201d, disse Simmons. \u201cEles querem os US$ 6 bilh\u00f5es porque querem times de expans\u00e3o em Seattle e Vegas \u2014 e a Cidade do M\u00e9xico est\u00e1 meio que se aproximando como o terceiro time \u2014 mas eles querem US$ 6 bilh\u00f5es cada para as duas franquias para expans\u00e3o, o que significaria um cheque de US$ 400 milh\u00f5es para cada dono da NBA, todos os 30.<\/p>\n<p>\u201cA fam\u00edlia Grousbeck, o pai (Irv Grousbeck) est\u00e1 conduzindo a venda. Ele tem 90 anos, \u00e9 uma lenda. Ele vai pagar 25 vezes mais do que pagou pelo time. Ele s\u00f3 quer o pre\u00e7o mais alto. \u2026 Ele quer o maior pre\u00e7o que puder conseguir.\u201d<\/p>\n<p>Em 1\u00ba de julho, o propriet\u00e1rio majorit\u00e1rio do Celtics, Wyc Grousbeck, anunciou que a Boston Basketball Partners LLC \u2014 o grupo propriet\u00e1rio do time \u2014 planejava vender suas a\u00e7\u00f5es da franquia, poucas semanas ap\u00f3s Boston conquistar seu 18\u00ba campeonato, um recorde. <\/p>\n<p><a href=\"https:\/\/www.boston.com\/sports\/boston-celtics\/2024\/07\/08\/wyc-grousbeck-sheds-more-light-on-plan-to-sell-celtics-during-cnbc-interview\/\">Em uma entrevista \u00e0 CNBC uma semana depois,<\/a> Grousbeck reconheceu que o grupo propriet\u00e1rio espera concluir a venda em duas partes \u2014 ecoando a linguagem observada na declara\u00e7\u00e3o da equipe sobre os planos de Grousbeck de permanecer como governador da equipe at\u00e9 2028.<\/p>\n<p>\u201cO plano, a expectativa \u00e9 vender o time em duas partes, 51 por cento indo bem em breve\u201d, disse Grousbeck. \u201cQuarenta e nove por cento e ent\u00e3o fechar em um segundo fechamento, essa \u00e9 a expectativa em 2028. Estou planejando ou espero ficar at\u00e9 2028 e vamos contratar banqueiros e consultores e esse vai ser um processo de licita\u00e7\u00e3o e tanto.\u201d<\/p>\n<p>Al\u00e9m do envolvimento especulado de Bezos no processo de licita\u00e7\u00e3o em andamento, outros compradores potenciais surgiram no m\u00eas passado \u2014 com o propriet\u00e1rio minorit\u00e1rio <a href=\"https:\/\/x.com\/pagsceltics\/status\/1807903454150431104\" target=\"_blank\" rel=\"noreferrer noopener\">Stephen Pagliuca j\u00e1 manifestou interesse em comprar o time.  <\/a><\/p>\n<div class=\"m-block m-generic-cta\t m-generic-cta--post-content\t m-generic-cta--dark\t m-generic-cta--homepage\t m-generic-cta--email-signup\t\t m-generic-cta-block-style--default \tt-amp__generic-cta\"><\/p>\n<div class=\"m-generic-cta__wrap\">\n<div class=\"m-generic-cta__content\">\n<h3 class=\"m-generic-cta__title\">Inscreva-se para receber atualiza\u00e7\u00f5es do Celtics\ud83c\udfc0<\/h3>\n<p class=\"m-generic-cta__subtitle\">Receba not\u00edcias de \u00faltima hora e an\u00e1lises na sua caixa de entrada durante a temporada de basquete.<\/p>\n<\/p><\/div>\n<\/p><\/div>\n<\/div><\/div>\n<p><script>\n\t\tvar consent=\"grant\";\n\t\t\/* The above code is parsing the JSON data from the local storage and storing it in a variable. *\/\n\t\t\t\t\tconst onetrustStorageConsent = JSON.parse(localStorage.getItem( 'consent_one_trust_bdc' ) );\n\t\t\tif ( ( onetrustStorageConsent !== null ) ) {\n\t\t\t\t\/* Checking to see if the user has consented to the use of cookies.\n\t\t\t\t* If they have not, it is deleting the cookie.\n\t\t\t\t* This will comment for now, until further notice.\n\t\t\t\t*\/\n\t\t\t\t\/\/if ( onetrustStorageConsent.C0002 === false ) {\n\t\t\t\t\/\/\tdocument.cookie=\"_fbp=;expires=Thu, 01 Jan 2010 00:00:00 UTC; path=\/; domain=.boston.com\";\n\t\t\t\t\/\/}\n\t\t\t\t\/* Checking if the user has given consent for the cookie C0002.\n\t\t\t\t* If the user has given consent, the variable consent will be set to 'grant'.\n\t\t\t\t* If the user has not given consent,the variable consent will be set to 'revoke'.\n\t\t\t\t* Documentation https:\/\/developers.facebook.com\/docs\/meta-pixel\/implementation\/gdpr\n\t\t\t\t*\/\n\t\t\t\tif ( onetrustStorageConsent.C0002 !== true ) {\n\t\t\t\t\tconsent=\"revoke\";\n\t\t\t\t}\n\t\t\t}\n\t\t\t\t!function(f,b,e,v,n,t,s)\n\t\t{if(f.fbq)return;n=f.fbq=function(){n.callMethod?\n\t\tn.callMethod.apply(n,arguments):n.queue.push(arguments)};\n\t\tif(!f._fbq)f._fbq=n;n.push=n;n.loaded=!0;n.version='2.0';\n\t\tn.queue=[];t=b.createElement(e);t.async=!0;\n\t\tt.src=v;s=b.getElementsByTagName(e)[0];\n\t\ts.parentNode.insertBefore(t,s)}(window, document,'script',\n\t\t'https:\/\/connect.facebook.net\/en_US\/fbevents.js');\n\t\tfbq('consent', consent);\n\t\tfbq('init', '989222871864976');\n\t\tfbq('track', 'PageView');\n\t<\/script><script type=\"module\">\n\t\tvar consent=\"grant\";\n\t\t\/* The above code is parsing the JSON data from the local storage and storing it in a variable. *\/\n\t\t\tconst onetrustStorageConsent = JSON.parse(localStorage.getItem( 'consent_one_trust_bdc' ) );\n\t\t\t\/* Checking to see if the user has consented to the use of cookies.\n\t\t\t* If they have not, it is deleting the cookie.\n\t\t\t* This will comment for now, until further notice.\n\t\t\t*\/\n\t\t\t\/\/if ( onetrustStorageConsent.C0002 === false ) {\n\t\t\t\/\/\tdocument.cookie=\"_fbp=;expires=Thu, 01 Jan 2010 00:00:00 UTC; path=\/; domain=.boston.com\";\n\t\t\t\/\/}\n\t\t\t\/* Checking if the user has given consent for the cookie C0002.\n\t\t\t* If the user has given consent, the variable consent will be set to 'grant'.\n\t\t\t* If the user has not given consent,the variable consent will be set to 'revoke'.\n\t\t\t* Documentation https:\/\/developers.facebook.com\/docs\/meta-pixel\/implementation\/gdpr\n\t\t\t*\/\n\t\t\tif ( ( onetrustStorageConsent !== null ) && (onetrustStorageConsent.C0002 !== true ) ) {\n\t\t\t\tconsent=\"revoke\";\n\t\t\t}\n\t\t\t\t!function(f,b,e,v,n,t,s){if(f.fbq)return;n=f.fbq=function()\n\t\t{n.callMethod? n.callMethod.apply(n,arguments):n.queue.push(arguments)}\n\t\t;if(!f._fbq)f._fbq=n;\n\t\tn.push=n;n.loaded=!0;n.version='2.0';n.queue=[];t=b.createElement(e);t.async=!0;\n\t\tt.src=v;s=b.getElementsByTagName(e)[0];s.parentNode.insertBefore(t,s)}(window,\n\t\tdocument,'script','https:\/\/connect.facebook.net\/en_US\/fbevents.js');\n\t\tfbq('consent', consent);\n\t\tfbq('init', '813236348753005');\n\t\tfbq('track', \"PageView\");\n\t<\/script><br \/>\n<br \/><br \/>\n<br \/><a href=\"https:\/\/www.boston.com\/sports\/boston-celtics\/2024\/08\/19\/jeff-bezos-boston-celtics-nba-sale-rumors-bill-simmons-basketball-bill-simmons\/\">Source link <\/a><\/p>","protected":false},"excerpt":{"rendered":"<p>Celtas &#8220;Para ele, n\u00e3o seria diferente do que comprar este famoso iate gigante de US$ 300 milh\u00f5es.&#8221; Jeff Bezos supostamente tem uma fortuna estimada em quase US$ 200 bilh\u00f5es. (Foto&hellip;<\/p>","protected":false},"author":1,"featured_media":26405,"comment_status":"closed","ping_status":"open","sticky":false,"template":"","format":"standard","meta":{"content-type":"","footnotes":""},"categories":[1],"tags":[],"class_list":["post-26404","post","type-post","status-publish","format-standard","has-post-thumbnail","hentry","category-uncategorized"],"_links":{"self":[{"href":"https:\/\/tvbrazilusa.com\/pt\/wp-json\/wp\/v2\/posts\/26404","targetHints":{"allow":["GET"]}}],"collection":[{"href":"https:\/\/tvbrazilusa.com\/pt\/wp-json\/wp\/v2\/posts"}],"about":[{"href":"https:\/\/tvbrazilusa.com\/pt\/wp-json\/wp\/v2\/types\/post"}],"author":[{"embeddable":true,"href":"https:\/\/tvbrazilusa.com\/pt\/wp-json\/wp\/v2\/users\/1"}],"replies":[{"embeddable":true,"href":"https:\/\/tvbrazilusa.com\/pt\/wp-json\/wp\/v2\/comments?post=26404"}],"version-history":[{"count":1,"href":"https:\/\/tvbrazilusa.com\/pt\/wp-json\/wp\/v2\/posts\/26404\/revisions"}],"predecessor-version":[{"id":26406,"href":"https:\/\/tvbrazilusa.com\/pt\/wp-json\/wp\/v2\/posts\/26404\/revisions\/26406"}],"wp:featuredmedia":[{"embeddable":true,"href":"https:\/\/tvbrazilusa.com\/pt\/wp-json\/wp\/v2\/media\/26405"}],"wp:attachment":[{"href":"https:\/\/tvbrazilusa.com\/pt\/wp-json\/wp\/v2\/media?parent=26404"}],"wp:term":[{"taxonomy":"category","embeddable":true,"href":"https:\/\/tvbrazilusa.com\/pt\/wp-json\/wp\/v2\/categories?post=26404"},{"taxonomy":"post_tag","embeddable":true,"href":"https:\/\/tvbrazilusa.com\/pt\/wp-json\/wp\/v2\/tags?post=26404"}],"curies":[{"name":"wp","href":"https:\/\/api.w.org\/{rel}","templated":true}]}}