{"id":26416,"date":"2024-08-19T23:41:48","date_gmt":"2024-08-19T23:41:48","guid":{"rendered":"https:\/\/tvbrazilusa.com\/2024\/08\/19\/autoridades-de-inteligencia-dos-eua-dizem-que-o-ira-e-o-culpado-pelos-ataques-ciberneticos-contra-as-campanhas-de-trump-e-biden-harris-wsvn-7news-noticias-de-miami-clima-esportes-fort-lauderda\/"},"modified":"2024-08-19T23:57:02","modified_gmt":"2024-08-19T23:57:02","slug":"autoridades-de-inteligencia-dos-eua-dizem-que-o-ira-e-o-culpado-pelos-ataques-ciberneticos-contra-as-campanhas-de-trump-e-biden-harris-wsvn-7news-noticias-de-miami-clima-esportes-fort-lauderda","status":"publish","type":"post","link":"https:\/\/tvbrazilusa.com\/pt\/2024\/08\/19\/autoridades-de-inteligencia-dos-eua-dizem-que-o-ira-e-o-culpado-pelos-ataques-ciberneticos-contra-as-campanhas-de-trump-e-biden-harris-wsvn-7news-noticias-de-miami-clima-esportes-fort-lauderda\/","title":{"rendered":"Autoridades de intelig\u00eancia dos EUA dizem que o Ir\u00e3 \u00e9 o culpado pelos ataques cibern\u00e9ticos contra as campanhas de Trump e Biden-Harris &#8211; WSVN 7News | Not\u00edcias de Miami, Clima, Esportes | Fort Lauderdale"},"content":{"rendered":"<p> <script async src=\"https:\/\/pagead2.googlesyndication.com\/pagead\/js\/adsbygoogle.js?client=ca-pub-8864793242727901\"\r\n     crossorigin=\"anonymous\"><\/script><br \/>\n<\/p>\n<div itemprop=\"articleBody\">\n<p>WASHINGTON (AP) \u2014 Autoridades de intelig\u00eancia dos EUA disseram na segunda-feira que estavam confiantes de que o Ir\u00e3 era respons\u00e1vel pelo ataque cibern\u00e9tico \u00e0 campanha presidencial de Donald Trump, classificando a invas\u00e3o cibern\u00e9tica como parte de um esfor\u00e7o descarado e mais amplo de Teer\u00e3 para interferir na pol\u00edtica americana e minar a f\u00e9 nas institui\u00e7\u00f5es democr\u00e1ticas.<\/p>\n<p>Embora a campanha de Trump e os investigadores de seguran\u00e7a cibern\u00e9tica do setor privado tenham dito anteriormente que o Ir\u00e3 estava por tr\u00e1s das tentativas de invas\u00e3o, foi a primeira vez que o governo dos EUA atribuiu a culpa pelo ataque.<\/p>\n<p>A declara\u00e7\u00e3o conjunta do FBI e de outras ag\u00eancias federais tamb\u00e9m indicou que o Ir\u00e3 foi respons\u00e1vel pelas tentativas de hackear a campanha da vice-presidente Kamala Harris, dizendo que os hackers &#8220;buscaram acesso a indiv\u00edduos com acesso direto \u00e0 campanha presidencial de ambos os partidos pol\u00edticos&#8221;.<\/p>\n<p>O objetivo do hacking e de outras atividades, disseram autoridades federais, n\u00e3o era apenas semear a disc\u00f3rdia, mas tamb\u00e9m moldar o resultado das elei\u00e7\u00f5es que o Ir\u00e3 percebe como \u201cparticularmente consequentes em termos do impacto que poderiam ter em seus interesses de seguran\u00e7a nacional\u201d.<\/p>\n<p>\u201cObservamos uma atividade iraniana cada vez mais agressiva durante este ciclo eleitoral, envolvendo especificamente opera\u00e7\u00f5es de influ\u00eancia visando o p\u00fablico americano e opera\u00e7\u00f5es cibern\u00e9ticas visando campanhas presidenciais\u201d, disse o comunicado, que al\u00e9m do FBI tamb\u00e9m foi divulgado pelo Gabinete do Diretor de Intelig\u00eancia Nacional e pela Ag\u00eancia de Seguran\u00e7a Cibern\u00e9tica e de Infraestrutura.<\/p>\n<p>A declara\u00e7\u00e3o confirma amplamente as descobertas de empresas privadas como a Microsoft, que no in\u00edcio deste m\u00eas divulgou um relat\u00f3rio detalhando as tentativas de agentes estrangeiros de interferir nas elei\u00e7\u00f5es deste ano, e o Google, que disse separadamente que um grupo iraniano ligado \u00e0 Guarda Revolucion\u00e1ria do pa\u00eds tentou se infiltrar nas contas de e-mail pessoais de cerca de uma d\u00fazia de pessoas ligadas ao presidente Joe Biden e Trump desde maio.<\/p>\n<p><em>Copyright 2024 The Associated Press. Todos os direitos reservados. Este material n\u00e3o pode ser publicado, transmitido, reescrito ou redistribu\u00eddo.<\/em><\/p>\n<div class=\"wp-block-newsletter\">\n\t<strong class=\"wp-block-newsletter__title\">Inscreva-se em nossa Newsletter para receber as \u00faltimas not\u00edcias diretamente na sua caixa de entrada<\/strong><\/p>\n<\/div><\/div>\n<p><br \/>\n<br \/><a href=\"https:\/\/wsvn.com\/news\/politics\/us-intelligence-officials-say-iran-is-to-blame-for-hacks-targeting-trump-biden-harris-campaigns\/\">Source link <\/a><\/p>","protected":false},"excerpt":{"rendered":"<p>WASHINGTON (AP) \u2014 Autoridades de intelig\u00eancia dos EUA disseram na segunda-feira que estavam confiantes de que o Ir\u00e3 era respons\u00e1vel pelo ataque cibern\u00e9tico \u00e0 campanha presidencial de Donald Trump, classificando&hellip;<\/p>","protected":false},"author":1,"featured_media":16443,"comment_status":"closed","ping_status":"open","sticky":false,"template":"","format":"standard","meta":{"content-type":"","footnotes":""},"categories":[1],"tags":[],"class_list":["post-26416","post","type-post","status-publish","format-standard","has-post-thumbnail","hentry","category-uncategorized"],"_links":{"self":[{"href":"https:\/\/tvbrazilusa.com\/pt\/wp-json\/wp\/v2\/posts\/26416","targetHints":{"allow":["GET"]}}],"collection":[{"href":"https:\/\/tvbrazilusa.com\/pt\/wp-json\/wp\/v2\/posts"}],"about":[{"href":"https:\/\/tvbrazilusa.com\/pt\/wp-json\/wp\/v2\/types\/post"}],"author":[{"embeddable":true,"href":"https:\/\/tvbrazilusa.com\/pt\/wp-json\/wp\/v2\/users\/1"}],"replies":[{"embeddable":true,"href":"https:\/\/tvbrazilusa.com\/pt\/wp-json\/wp\/v2\/comments?post=26416"}],"version-history":[{"count":1,"href":"https:\/\/tvbrazilusa.com\/pt\/wp-json\/wp\/v2\/posts\/26416\/revisions"}],"predecessor-version":[{"id":26417,"href":"https:\/\/tvbrazilusa.com\/pt\/wp-json\/wp\/v2\/posts\/26416\/revisions\/26417"}],"wp:featuredmedia":[{"embeddable":true,"href":"https:\/\/tvbrazilusa.com\/pt\/wp-json\/wp\/v2\/media\/16443"}],"wp:attachment":[{"href":"https:\/\/tvbrazilusa.com\/pt\/wp-json\/wp\/v2\/media?parent=26416"}],"wp:term":[{"taxonomy":"category","embeddable":true,"href":"https:\/\/tvbrazilusa.com\/pt\/wp-json\/wp\/v2\/categories?post=26416"},{"taxonomy":"post_tag","embeddable":true,"href":"https:\/\/tvbrazilusa.com\/pt\/wp-json\/wp\/v2\/tags?post=26416"}],"curies":[{"name":"wp","href":"https:\/\/api.w.org\/{rel}","templated":true}]}}