{"id":26424,"date":"2024-08-19T23:52:25","date_gmt":"2024-08-19T23:52:25","guid":{"rendered":"https:\/\/tvbrazilusa.com\/2024\/08\/19\/com-a-diferenca-diminuindo-jacoby-brissett-ainda-acredita-que-vai-comecar-no-lugar-de-maye\/"},"modified":"2024-08-20T00:10:16","modified_gmt":"2024-08-20T00:10:16","slug":"com-a-diferenca-diminuindo-jacoby-brissett-ainda-acredita-que-vai-comecar-no-lugar-de-maye","status":"publish","type":"post","link":"https:\/\/tvbrazilusa.com\/pt\/2024\/08\/19\/com-a-diferenca-diminuindo-jacoby-brissett-ainda-acredita-que-vai-comecar-no-lugar-de-maye\/","title":{"rendered":"Com a diferen\u00e7a diminuindo, Jacoby Brissett ainda acredita que vai come\u00e7ar no lugar de Maye"},"content":{"rendered":"<p> <script async src=\"https:\/\/pagead2.googlesyndication.com\/pagead\/js\/adsbygoogle.js?client=ca-pub-8864793242727901\"\r\n     crossorigin=\"anonymous\"><\/script><br \/>\n<\/p>\n<div id=\"\">\n<header class=\"m-article-header m-article-header--standard\">\n\t\t\t\t\t\t\t\t\t\t\t\t<span id=\"article-header-primary-term\"><br \/>\n\t\t\t\t\t\t\t\t<a class=\"a-term a-term--primary\" href=\"https:\/\/www.boston.com\/tag\/new-england-patriots\/\"><\/p>\n<p>\t\t\t\t\t\t\t\tPatriotas\t\t\t\t\t\t\t\t<\/a><br \/>\n\t\t\t\t\t\t\t<\/span><\/p>\n<h2 class=\"m-article-header__sub-headline\">&#8220;Eu ainda me trato como se fosse o titular&#8221;, disse Brissett.<\/h2>\n<figure class=\"a-photo m-article-header__photo\"><figcaption class=\"a-photo__caption\">\n<p>\tJacoby Brissett \u00e9 um escritor e escritor.<em> AP Photo\/Charles Krupa<\/em>\t<\/figcaption><\/figure>\n<\/header>\n<div class=\"m-block t-amp__list-container m-article-list-container  m-article-list-container--frame-border a-border-frame  a-list-header__headline--red m-article-list--alternative--default  m-article-list--floated\">\n<ul class=\"t-amp__list a-list--no-style m-article-list m-article-list--recirculation m-article-list--has-images\">\n<li class=\"m-article-list__item m-article-list__item--featured\">\n\t\t\t\t<a class=\"m-article-list__link-wrapper\" href=\"https:\/\/www.boston.com\/sports\/new-england-patriots\/2024\/08\/19\/5-takeaways-from-day-17-of-patriots-training-camp\/\" data-p1=\"article_recirc_inline_feature\"><br \/>\n\t\t\t\t<img fetchpriority=\"high\" decoding=\"async\" width=\"768\" height=\"432\" src=\"https:\/\/bdc2020.o0bc.com\/wp-content\/uploads\/2024\/08\/7VE7BPC6ELIW7V2IHUJJLG2FXQ-66c393f97240a-768x432.jpeg\" class=\"t-amp__list-image m-article-list__image m-article-list__image--full\" alt=\"\" aria-hidden=\"true\" srcset=\"https:\/\/bdc2020.o0bc.com\/wp-content\/uploads\/2024\/08\/7VE7BPC6ELIW7V2IHUJJLG2FXQ-66c393f97240a-768x432.jpeg?width=200 200w, https:\/\/bdc2020.o0bc.com\/wp-content\/uploads\/2024\/08\/7VE7BPC6ELIW7V2IHUJJLG2FXQ-66c393f97240a-768x432.jpeg?width=300 300w, https:\/\/bdc2020.o0bc.com\/wp-content\/uploads\/2024\/08\/7VE7BPC6ELIW7V2IHUJJLG2FXQ-66c393f97240a-768x432.jpeg?width=400 400w, https:\/\/bdc2020.o0bc.com\/wp-content\/uploads\/2024\/08\/7VE7BPC6ELIW7V2IHUJJLG2FXQ-66c393f97240a-768x432.jpeg?width=500 500w, https:\/\/bdc2020.o0bc.com\/wp-content\/uploads\/2024\/08\/7VE7BPC6ELIW7V2IHUJJLG2FXQ-66c393f97240a-768x432.jpeg?width=600 600w, https:\/\/bdc2020.o0bc.com\/wp-content\/uploads\/2024\/08\/7VE7BPC6ELIW7V2IHUJJLG2FXQ-66c393f97240a-768x432.jpeg?width=700 700w, https:\/\/bdc2020.o0bc.com\/wp-content\/uploads\/2024\/08\/7VE7BPC6ELIW7V2IHUJJLG2FXQ-66c393f97240a-768x432.jpeg?width=800 800w, https:\/\/bdc2020.o0bc.com\/wp-content\/uploads\/2024\/08\/7VE7BPC6ELIW7V2IHUJJLG2FXQ-66c393f97240a-768x432.jpeg?width=900 900w\" sizes=\"(max-width: 768px) 100vw, 768px\"\/>\t\t\t\t\t<\/p>\n<p><h4 class=\"m-article-list__headline t-amp__list-headline\">\n\t\t\t\t\t\t\t<span class=\"m-article-list__link a-link a-link--inline a-link--text-link a-link--text-link-dark\"><\/p>\n<p>\t\t\t\t\t\t\t5 li\u00e7\u00f5es do 17\u00ba dia do campo de treinamento dos Patriots\t\t\t\t\t\t\t<\/span><br \/>\n\t\t\t\t\t\t<\/h4>\n<\/p>\n<p>\t\t\t\t<\/a>\n\t\t\t<\/li>\n<li class=\"m-article-list__item\">\n\t\t\t\t\t\t<a class=\"m-article-list__link-wrapper\" href=\"https:\/\/www.boston.com\/sports\/new-england-patriots\/2024\/08\/19\/matthew-judon-patriots-falcons-trade-disconnect-comments\/\" data-p1=\"article_recirc_inline_feed\"><\/p>\n<p><h4 class=\"m-article-list__headline\">\n\t\t\t\t\t\t\t\t\t<span class=\"m-article-list__link a-link a-link--inline a-link--text-link a-link--text-link-dark\"><\/p>\n<p>\t\t\t\t\t\t\t\t\tMatthew Judon revela &#39;maior desconex\u00e3o&#39; com os Patriots que levou \u00e0 troca\t\t\t\t\t\t\t\t\t<\/span><br \/>\n\t\t\t\t\t\t\t\t<\/h4>\n<\/p>\n<p>\t\t\t\t\t\t<\/a>\n\t\t\t\t\t<\/li>\n<\/ul>\n<\/div>\n<p>O caminho<a href=\"https:\/\/www.patriots.com\/team\/coaches-roster\/jerod-mayo\"> Jerod Mayo t<\/a>perguntas sobre a mudan\u00e7a na situa\u00e7\u00e3o do quarterback dos Patriots. <\/p>\n<p>Indo para o acampamento, Mayo disse que<a href=\"https:\/\/www.boston.com\/sports\/new-england-patriots\/2024\/08\/19\/5-takeaways-from-day-17-of-patriots-training-camp\/?p1=hp_primary\"> Jacoby Brissett<\/a> provavelmente seria o titular porque ele \u00e9 o quarterback mais pronto para os profissionais. Na segunda-feira, Mayo disse que n\u00e3o sabe quem ser\u00e1 o titular da Semana 1 dos Patriots.<\/p>\n<p>Mayo disse durante todo o acampamento que considera que h\u00e1 uma competi\u00e7\u00e3o na posi\u00e7\u00e3o. <\/p>\n<p>Brissett come\u00e7ou na frente na competi\u00e7\u00e3o, mas o quarterback novato Drake Maye aparentemente diminuiu a diferen\u00e7a nas \u00faltimas semanas. <\/p>\n<p>Sempre houve a possibilidade de que a terceira escolha geral pudesse entrar e come\u00e7ar imediatamente, mas conforme o campo de treinamento chega ao fim, parece que a batalha pelo quarterback est\u00e1 mais acirrada do que esteve durante todo o ver\u00e3o. <\/p>\n<p>\u201cEle definitivamente est\u00e1 progredindo, fazendo um bom trabalho\u201d, disse Brissett sobre Maye. \u201cEle est\u00e1 pegando o jeito e fazendo um bom trabalho.\u201d<\/p>\n<p>Brissett disse aos rep\u00f3rteres na segunda-feira que sua mentalidade n\u00e3o mudou, apesar dos novos acontecimentos.<\/p>\n<p>\u201cEu ainda me trato como se fosse o titular\u201d, disse Brissett. <\/p>\n<p>Houve especula\u00e7\u00f5es sobre quando Maye pode estar pronta para jogar. Brissett disse que est\u00e1 ignorando esse tipo de conversa enquanto continua focado em vencer a batalha. <\/p>\n<p>\u201cN\u00e3o posso me preocupar com isso\u201d, disse Brissett. \u201cEu simplesmente vou l\u00e1 e fa\u00e7o meu trabalho e estou nessa liga h\u00e1 tempo suficiente para saber, muitas coisas malucas aconteceram na minha carreira e eu n\u00e3o ficaria chocado com nada, mas ao mesmo tempo estou curtindo esse processo, dando o meu melhor e deixando as fichas ca\u00edrem onde elas podem.\u201d<\/p>\n<p>A competi\u00e7\u00e3o n\u00e3o acabou, Mayo disse recentemente. Ainda h\u00e1 mais alguns treinos antes do jogo final da pr\u00e9-temporada e algumas semanas depois disso, antes dos Patriots viajarem para Cincinnati para a abertura da temporada. <\/p>\n<p>Um final forte ser\u00e1 fundamental, disse Brissett. <\/p>\n<p>\u201cTodos os dias que venho aqui, tento fazer o meu melhor\u201d, disse Brissett. \u201cN\u00e3o importa se foi o Dia 1 ou o Dia 39, ainda estou tentando ir l\u00e1 e dar o meu melhor. N\u00e3o me preocupo realmente com a competi\u00e7\u00e3o, estou mais preocupado comigo mesmo e em ser um bom companheiro de equipe.\u201d <\/p>\n<div class=\"m-block m-generic-cta\t m-generic-cta--post-content\t m-generic-cta--dark\t m-generic-cta--homepage\t m-generic-cta--email-signup\t\t m-generic-cta-block-style--default \tt-amp__generic-cta\"><\/p>\n<div class=\"m-generic-cta__wrap\">\n<div class=\"m-generic-cta__content\">\n<h3 class=\"m-generic-cta__title\">Inscreva-se para receber atualiza\u00e7\u00f5es dos Patriots\ud83c\udfc8<\/h3>\n<p class=\"m-generic-cta__subtitle\">Receba not\u00edcias de \u00faltima hora e an\u00e1lises na sua caixa de entrada durante a temporada de futebol.<\/p>\n<\/p><\/div>\n<\/p><\/div>\n<\/div><\/div>\n<p><script>\n\t\tvar consent=\"grant\";\n\t\t\/* The above code is parsing the JSON data from the local storage and storing it in a variable. *\/\n\t\t\t\t\tconst onetrustStorageConsent = JSON.parse(localStorage.getItem( 'consent_one_trust_bdc' ) );\n\t\t\tif ( ( onetrustStorageConsent !== null ) ) {\n\t\t\t\t\/* Checking to see if the user has consented to the use of cookies.\n\t\t\t\t* If they have not, it is deleting the cookie.\n\t\t\t\t* This will comment for now, until further notice.\n\t\t\t\t*\/\n\t\t\t\t\/\/if ( onetrustStorageConsent.C0002 === false ) {\n\t\t\t\t\/\/\tdocument.cookie=\"_fbp=;expires=Thu, 01 Jan 2010 00:00:00 UTC; path=\/; domain=.boston.com\";\n\t\t\t\t\/\/}\n\t\t\t\t\/* Checking if the user has given consent for the cookie C0002.\n\t\t\t\t* If the user has given consent, the variable consent will be set to 'grant'.\n\t\t\t\t* If the user has not given consent,the variable consent will be set to 'revoke'.\n\t\t\t\t* Documentation https:\/\/developers.facebook.com\/docs\/meta-pixel\/implementation\/gdpr\n\t\t\t\t*\/\n\t\t\t\tif ( onetrustStorageConsent.C0002 !== true ) {\n\t\t\t\t\tconsent=\"revoke\";\n\t\t\t\t}\n\t\t\t}\n\t\t\t\t!function(f,b,e,v,n,t,s)\n\t\t{if(f.fbq)return;n=f.fbq=function(){n.callMethod?\n\t\tn.callMethod.apply(n,arguments):n.queue.push(arguments)};\n\t\tif(!f._fbq)f._fbq=n;n.push=n;n.loaded=!0;n.version='2.0';\n\t\tn.queue=[];t=b.createElement(e);t.async=!0;\n\t\tt.src=v;s=b.getElementsByTagName(e)[0];\n\t\ts.parentNode.insertBefore(t,s)}(window, document,'script',\n\t\t'https:\/\/connect.facebook.net\/en_US\/fbevents.js');\n\t\tfbq('consent', consent);\n\t\tfbq('init', '989222871864976');\n\t\tfbq('track', 'PageView');\n\t<\/script><script type=\"module\">\n\t\tvar consent=\"grant\";\n\t\t\/* The above code is parsing the JSON data from the local storage and storing it in a variable. *\/\n\t\t\tconst onetrustStorageConsent = JSON.parse(localStorage.getItem( 'consent_one_trust_bdc' ) );\n\t\t\t\/* Checking to see if the user has consented to the use of cookies.\n\t\t\t* If they have not, it is deleting the cookie.\n\t\t\t* This will comment for now, until further notice.\n\t\t\t*\/\n\t\t\t\/\/if ( onetrustStorageConsent.C0002 === false ) {\n\t\t\t\/\/\tdocument.cookie=\"_fbp=;expires=Thu, 01 Jan 2010 00:00:00 UTC; path=\/; domain=.boston.com\";\n\t\t\t\/\/}\n\t\t\t\/* Checking if the user has given consent for the cookie C0002.\n\t\t\t* If the user has given consent, the variable consent will be set to 'grant'.\n\t\t\t* If the user has not given consent,the variable consent will be set to 'revoke'.\n\t\t\t* Documentation https:\/\/developers.facebook.com\/docs\/meta-pixel\/implementation\/gdpr\n\t\t\t*\/\n\t\t\tif ( ( onetrustStorageConsent !== null ) && (onetrustStorageConsent.C0002 !== true ) ) {\n\t\t\t\tconsent=\"revoke\";\n\t\t\t}\n\t\t\t\t!function(f,b,e,v,n,t,s){if(f.fbq)return;n=f.fbq=function()\n\t\t{n.callMethod? n.callMethod.apply(n,arguments):n.queue.push(arguments)}\n\t\t;if(!f._fbq)f._fbq=n;\n\t\tn.push=n;n.loaded=!0;n.version='2.0';n.queue=[];t=b.createElement(e);t.async=!0;\n\t\tt.src=v;s=b.getElementsByTagName(e)[0];s.parentNode.insertBefore(t,s)}(window,\n\t\tdocument,'script','https:\/\/connect.facebook.net\/en_US\/fbevents.js');\n\t\tfbq('consent', consent);\n\t\tfbq('init', '813236348753005');\n\t\tfbq('track', \"PageView\");\n\t<\/script><br \/>\n<br \/><br \/>\n<br \/><a href=\"https:\/\/www.boston.com\/sports\/new-england-patriots\/2024\/08\/19\/with-gap-closing-jacoby-brissett-still-believes-he-will-start-for-patriots-over-drake-maye\/\">Source link <\/a><\/p>","protected":false},"excerpt":{"rendered":"<p>Patriotas &#8220;Eu ainda me trato como se fosse o titular&#8221;, disse Brissett. Jacoby Brissett \u00e9 um escritor e escritor. AP Photo\/Charles Krupa 5 li\u00e7\u00f5es do 17\u00ba dia do campo de&hellip;<\/p>","protected":false},"author":1,"featured_media":26425,"comment_status":"closed","ping_status":"open","sticky":false,"template":"","format":"standard","meta":{"content-type":"","footnotes":""},"categories":[1],"tags":[],"class_list":["post-26424","post","type-post","status-publish","format-standard","has-post-thumbnail","hentry","category-uncategorized"],"_links":{"self":[{"href":"https:\/\/tvbrazilusa.com\/pt\/wp-json\/wp\/v2\/posts\/26424","targetHints":{"allow":["GET"]}}],"collection":[{"href":"https:\/\/tvbrazilusa.com\/pt\/wp-json\/wp\/v2\/posts"}],"about":[{"href":"https:\/\/tvbrazilusa.com\/pt\/wp-json\/wp\/v2\/types\/post"}],"author":[{"embeddable":true,"href":"https:\/\/tvbrazilusa.com\/pt\/wp-json\/wp\/v2\/users\/1"}],"replies":[{"embeddable":true,"href":"https:\/\/tvbrazilusa.com\/pt\/wp-json\/wp\/v2\/comments?post=26424"}],"version-history":[{"count":1,"href":"https:\/\/tvbrazilusa.com\/pt\/wp-json\/wp\/v2\/posts\/26424\/revisions"}],"predecessor-version":[{"id":26426,"href":"https:\/\/tvbrazilusa.com\/pt\/wp-json\/wp\/v2\/posts\/26424\/revisions\/26426"}],"wp:featuredmedia":[{"embeddable":true,"href":"https:\/\/tvbrazilusa.com\/pt\/wp-json\/wp\/v2\/media\/26425"}],"wp:attachment":[{"href":"https:\/\/tvbrazilusa.com\/pt\/wp-json\/wp\/v2\/media?parent=26424"}],"wp:term":[{"taxonomy":"category","embeddable":true,"href":"https:\/\/tvbrazilusa.com\/pt\/wp-json\/wp\/v2\/categories?post=26424"},{"taxonomy":"post_tag","embeddable":true,"href":"https:\/\/tvbrazilusa.com\/pt\/wp-json\/wp\/v2\/tags?post=26424"}],"curies":[{"name":"wp","href":"https:\/\/api.w.org\/{rel}","templated":true}]}}