{"id":26427,"date":"2024-08-19T23:45:03","date_gmt":"2024-08-19T23:45:03","guid":{"rendered":"https:\/\/tvbrazilusa.com\/2024\/08\/19\/o-que-o-farmers-almanac-esta-prevendo-para-a-temporada-de-inverno-de-2024-2025\/"},"modified":"2024-08-20T00:22:19","modified_gmt":"2024-08-20T00:22:19","slug":"o-que-o-farmers-almanac-esta-prevendo-para-a-temporada-de-inverno-de-2024-2025","status":"publish","type":"post","link":"https:\/\/tvbrazilusa.com\/pt\/2024\/08\/19\/o-que-o-farmers-almanac-esta-prevendo-para-a-temporada-de-inverno-de-2024-2025\/","title":{"rendered":"O que o Farmers&#39; Almanac est\u00e1 prevendo para a temporada de inverno de 2024-2025"},"content":{"rendered":"<p> <script async src=\"https:\/\/pagead2.googlesyndication.com\/pagead\/js\/adsbygoogle.js?client=ca-pub-8864793242727901\"\r\n     crossorigin=\"anonymous\"><\/script><br \/>\n<\/p>\n<div id=\"\">\n<header class=\"m-article-header m-article-header--standard\">\n\t\t\t\t\t\t\t\t\t\t\t\t<span id=\"article-header-primary-term\"><br \/>\n\t\t\t\t\t\t\t\t<a class=\"a-term a-term--primary\" href=\"https:\/\/www.boston.com\/tag\/weather\/\"><\/p>\n<p>\t\t\t\t\t\t\t\tClima\t\t\t\t\t\t\t\t<\/a><br \/>\n\t\t\t\t\t\t\t<\/span><\/p>\n<h2 class=\"m-article-header__sub-headline\">A publica\u00e7\u00e3o diz que devemos esperar quantidades de precipita\u00e7\u00e3o \u201cacima do normal\u201d na Nova Inglaterra.<\/h2>\n<figure class=\"a-photo m-article-header__photo\"><figcaption class=\"a-photo__caption\">\n\t <em> <\/em>\t<\/figcaption><\/figure>\n<\/header>\n<p>Voc\u00ea ainda pode ter planos para as f\u00e9rias de ver\u00e3o, mas o Farmers&#39;s Almanac j\u00e1 est\u00e1 fazendo suas previs\u00f5es para 2024-2025 <a href=\"https:\/\/www.boston.com\/tag\/winter\/\" target=\"_blank\" rel=\"noreferrer noopener\">esta\u00e7\u00e3o de inverno<\/a>. <\/p>\n<p>Na semana passada, a publica\u00e7\u00e3o sediada em Lewiston, Maine, divulgou seu <a href=\"https:\/\/www.farmersalmanac.com\/extended-forecast\">previs\u00e3o de inverno<\/a> para a pr\u00f3xima temporada, prevendo \u201ctempestades de fogo r\u00e1pido\u201d que trar\u00e3o chuva e neve para a maioria dos locais.<\/p>\n<p>De acordo com o Almanaque, a Nova Inglaterra e o Nordeste ter\u00e3o um inverno \u201ctempestuoso, com quantidades acima do normal de precipita\u00e7\u00e3o de inverno e temperaturas pr\u00f3ximas ou acima do normal\u201d.<\/p>\n<p>\u201cA neve ser\u00e1 mais prevalente no interior e em terrenos montanhosos, enquanto granizo e chuva ser\u00e3o mais comuns perto da costa, especialmente perto e ao longo do corredor I-95\u201d, escreveu a publica\u00e7\u00e3o. <\/p>\n<p>As temperaturas ser\u00e3o \u201cmoderadas\u201d para a regi\u00e3o, mas, no geral, o almanaque diz que a esta\u00e7\u00e3o ser\u00e1 um \u201cturbilh\u00e3o \u00famido de inverno\u201d. <\/p>\n<p>A publica\u00e7\u00e3o sediada no Maine disse que est\u00e1 &#8220;em alerta vermelho&#8221; para a \u00faltima semana de janeiro de 2025 no leste dos Estados Unidos devido ao que prev\u00ea ser uma &#8220;trajet\u00f3ria de tempestade muito ativa&#8221;, com precipita\u00e7\u00e3o intensa e ventos fortes. <\/p>\n<p>\u201cGostar\u00edamos de destacar especialmente os per\u00edodos de 20 a 23 e de 24 a 27 de janeiro, que podem significar grandes quantidades de neve, chuva, granizo e gelo (dependendo de onde voc\u00ea mora)\u201d, diz a previs\u00e3o. <\/p>\n<p>O Almanaque dos Agricultores disse isso <a href=\"https:\/\/www.boston.com\/weather\/weather\/2019\/09\/10\/farmers-almanac-winter-forecasts\/\" target=\"_blank\" rel=\"noreferrer noopener\">baseia suas previs\u00f5es<\/a> em f\u00f3rmula matem\u00e1tica e astron\u00f4mica. Mas os meteorologistas locais aconselham que, embora seja divertido de ler, os leitores <a href=\"https:\/\/www.boston.com\/weather\/weather\/2019\/09\/10\/farmers-almanac-winter-forecasts\/\">n\u00e3o deveria dar muita import\u00e2ncia<\/a> nas previs\u00f5es da publica\u00e7\u00e3o, argumentando que perspectivas sazonais precisas exigem \u201cmuito mais pesquisa\u201d e uma base em climatologia.<\/p>\n<div class=\"m-block m-generic-cta\t m-generic-cta--post-content\t m-generic-cta--dark\t m-generic-cta--homepage\t m-generic-cta--email-signup\t\t m-generic-cta-block-style--default \tt-amp__generic-cta\"><\/p>\n<div class=\"m-generic-cta__wrap\">\n<div class=\"m-generic-cta__content\">\n<h3 class=\"m-generic-cta__title\">Boston.com Hoje<\/h3>\n<p class=\"m-generic-cta__subtitle\">Inscreva-se para receber as \u00faltimas manchetes na sua caixa de entrada todas as manh\u00e3s.<\/p>\n<\/p><\/div>\n<\/p><\/div>\n<\/div><\/div>\n<p><script>\n\t\tvar consent=\"grant\";\n\t\t\/* The above code is parsing the JSON data from the local storage and storing it in a variable. *\/\n\t\t\t\t\tconst onetrustStorageConsent = JSON.parse(localStorage.getItem( 'consent_one_trust_bdc' ) );\n\t\t\tif ( ( onetrustStorageConsent !== null ) ) {\n\t\t\t\t\/* Checking to see if the user has consented to the use of cookies.\n\t\t\t\t* If they have not, it is deleting the cookie.\n\t\t\t\t* This will comment for now, until further notice.\n\t\t\t\t*\/\n\t\t\t\t\/\/if ( onetrustStorageConsent.C0002 === false ) {\n\t\t\t\t\/\/\tdocument.cookie=\"_fbp=;expires=Thu, 01 Jan 2010 00:00:00 UTC; path=\/; domain=.boston.com\";\n\t\t\t\t\/\/}\n\t\t\t\t\/* Checking if the user has given consent for the cookie C0002.\n\t\t\t\t* If the user has given consent, the variable consent will be set to 'grant'.\n\t\t\t\t* If the user has not given consent,the variable consent will be set to 'revoke'.\n\t\t\t\t* Documentation https:\/\/developers.facebook.com\/docs\/meta-pixel\/implementation\/gdpr\n\t\t\t\t*\/\n\t\t\t\tif ( onetrustStorageConsent.C0002 !== true ) {\n\t\t\t\t\tconsent=\"revoke\";\n\t\t\t\t}\n\t\t\t}\n\t\t\t\t!function(f,b,e,v,n,t,s)\n\t\t{if(f.fbq)return;n=f.fbq=function(){n.callMethod?\n\t\tn.callMethod.apply(n,arguments):n.queue.push(arguments)};\n\t\tif(!f._fbq)f._fbq=n;n.push=n;n.loaded=!0;n.version='2.0';\n\t\tn.queue=[];t=b.createElement(e);t.async=!0;\n\t\tt.src=v;s=b.getElementsByTagName(e)[0];\n\t\ts.parentNode.insertBefore(t,s)}(window, document,'script',\n\t\t'https:\/\/connect.facebook.net\/en_US\/fbevents.js');\n\t\tfbq('consent', consent);\n\t\tfbq('init', '989222871864976');\n\t\tfbq('track', 'PageView');\n\t<\/script><script type=\"module\">\n\t\tvar consent=\"grant\";\n\t\t\/* The above code is parsing the JSON data from the local storage and storing it in a variable. *\/\n\t\t\tconst onetrustStorageConsent = JSON.parse(localStorage.getItem( 'consent_one_trust_bdc' ) );\n\t\t\t\/* Checking to see if the user has consented to the use of cookies.\n\t\t\t* If they have not, it is deleting the cookie.\n\t\t\t* This will comment for now, until further notice.\n\t\t\t*\/\n\t\t\t\/\/if ( onetrustStorageConsent.C0002 === false ) {\n\t\t\t\/\/\tdocument.cookie=\"_fbp=;expires=Thu, 01 Jan 2010 00:00:00 UTC; path=\/; domain=.boston.com\";\n\t\t\t\/\/}\n\t\t\t\/* Checking if the user has given consent for the cookie C0002.\n\t\t\t* If the user has given consent, the variable consent will be set to 'grant'.\n\t\t\t* If the user has not given consent,the variable consent will be set to 'revoke'.\n\t\t\t* Documentation https:\/\/developers.facebook.com\/docs\/meta-pixel\/implementation\/gdpr\n\t\t\t*\/\n\t\t\tif ( ( onetrustStorageConsent !== null ) && (onetrustStorageConsent.C0002 !== true ) ) {\n\t\t\t\tconsent=\"revoke\";\n\t\t\t}\n\t\t\t\t!function(f,b,e,v,n,t,s){if(f.fbq)return;n=f.fbq=function()\n\t\t{n.callMethod? n.callMethod.apply(n,arguments):n.queue.push(arguments)}\n\t\t;if(!f._fbq)f._fbq=n;\n\t\tn.push=n;n.loaded=!0;n.version='2.0';n.queue=[];t=b.createElement(e);t.async=!0;\n\t\tt.src=v;s=b.getElementsByTagName(e)[0];s.parentNode.insertBefore(t,s)}(window,\n\t\tdocument,'script','https:\/\/connect.facebook.net\/en_US\/fbevents.js');\n\t\tfbq('consent', consent);\n\t\tfbq('init', '813236348753005');\n\t\tfbq('track', \"PageView\");\n\t<\/script><br \/>\n<br \/><br \/>\n<br \/><a href=\"https:\/\/www.boston.com\/weather\/weather\/2024\/08\/19\/what-the-farmers-almanac-is-predicting-for-the-2024-2025-winter-season\/\">Source link <\/a><\/p>","protected":false},"excerpt":{"rendered":"<p>Clima A publica\u00e7\u00e3o diz que devemos esperar quantidades de precipita\u00e7\u00e3o \u201cacima do normal\u201d na Nova Inglaterra. Voc\u00ea ainda pode ter planos para as f\u00e9rias de ver\u00e3o, mas o Farmers&#39;s Almanac&hellip;<\/p>","protected":false},"author":1,"featured_media":26428,"comment_status":"closed","ping_status":"open","sticky":false,"template":"","format":"standard","meta":{"content-type":"","footnotes":""},"categories":[1],"tags":[],"class_list":["post-26427","post","type-post","status-publish","format-standard","has-post-thumbnail","hentry","category-uncategorized"],"_links":{"self":[{"href":"https:\/\/tvbrazilusa.com\/pt\/wp-json\/wp\/v2\/posts\/26427","targetHints":{"allow":["GET"]}}],"collection":[{"href":"https:\/\/tvbrazilusa.com\/pt\/wp-json\/wp\/v2\/posts"}],"about":[{"href":"https:\/\/tvbrazilusa.com\/pt\/wp-json\/wp\/v2\/types\/post"}],"author":[{"embeddable":true,"href":"https:\/\/tvbrazilusa.com\/pt\/wp-json\/wp\/v2\/users\/1"}],"replies":[{"embeddable":true,"href":"https:\/\/tvbrazilusa.com\/pt\/wp-json\/wp\/v2\/comments?post=26427"}],"version-history":[{"count":1,"href":"https:\/\/tvbrazilusa.com\/pt\/wp-json\/wp\/v2\/posts\/26427\/revisions"}],"predecessor-version":[{"id":26429,"href":"https:\/\/tvbrazilusa.com\/pt\/wp-json\/wp\/v2\/posts\/26427\/revisions\/26429"}],"wp:featuredmedia":[{"embeddable":true,"href":"https:\/\/tvbrazilusa.com\/pt\/wp-json\/wp\/v2\/media\/26428"}],"wp:attachment":[{"href":"https:\/\/tvbrazilusa.com\/pt\/wp-json\/wp\/v2\/media?parent=26427"}],"wp:term":[{"taxonomy":"category","embeddable":true,"href":"https:\/\/tvbrazilusa.com\/pt\/wp-json\/wp\/v2\/categories?post=26427"},{"taxonomy":"post_tag","embeddable":true,"href":"https:\/\/tvbrazilusa.com\/pt\/wp-json\/wp\/v2\/tags?post=26427"}],"curies":[{"name":"wp","href":"https:\/\/api.w.org\/{rel}","templated":true}]}}