{"id":26507,"date":"2024-08-20T11:09:16","date_gmt":"2024-08-20T11:09:16","guid":{"rendered":"https:\/\/tvbrazilusa.com\/2024\/08\/20\/obama-e-emhoff-serao-as-manchetes-da-convencao-nacional-democrata-na-terca-feira-wsvn-7news-noticias-de-miami-clima-esportes-fort-lauderdale\/"},"modified":"2024-08-20T11:13:55","modified_gmt":"2024-08-20T11:13:55","slug":"obama-e-emhoff-serao-as-manchetes-da-convencao-nacional-democrata-na-terca-feira-wsvn-7news-noticias-de-miami-clima-esportes-fort-lauderdale","status":"publish","type":"post","link":"https:\/\/tvbrazilusa.com\/pt\/2024\/08\/20\/obama-e-emhoff-serao-as-manchetes-da-convencao-nacional-democrata-na-terca-feira-wsvn-7news-noticias-de-miami-clima-esportes-fort-lauderdale\/","title":{"rendered":"Obama e Emhoff ser\u00e3o as manchetes da Conven\u00e7\u00e3o Nacional Democrata na ter\u00e7a-feira &#8211; WSVN 7News | Not\u00edcias de Miami, Clima, Esportes | Fort Lauderdale"},"content":{"rendered":"<p> <script async src=\"https:\/\/pagead2.googlesyndication.com\/pagead\/js\/adsbygoogle.js?client=ca-pub-8864793242727901\"\r\n     crossorigin=\"anonymous\"><\/script><br \/>\n<\/p>\n<div itemprop=\"articleBody\">\n<p>CHICAGO (AP) \u2014 O ex-presidente Barack Obama e o segundo cavalheiro Doug Emhoff discursar\u00e3o na ter\u00e7a-feira no segundo dia da Conven\u00e7\u00e3o Nacional Democrata, voltando a aten\u00e7\u00e3o do partido para a vice-presidente Kamala Harris e seu confronto com o republicano Donald Trump.<\/p>\n<p>A mudan\u00e7a para os \u00faltimos 76 dias da campanha presidencial acontece ap\u00f3s uma noite de abertura que foi planejada para dar uma sa\u00edda elegante ao presidente em exerc\u00edcio, que foi recebido como um her\u00f3i por renunciar a Harris.<\/p>\n<p>Falando clara e energicamente, Biden pareceu saborear a chance de defender seu hist\u00f3rico, advogar por seu vice-presidente e atacar Trump. Sua entrega lembrava mais o Biden que venceu em 2020 do que o candidato resmung\u00e3o e \u00e0s vezes incoerente cuja performance no debate contra Trump em junho desencadeou a queda de sua campanha de reelei\u00e7\u00e3o.<\/p>\n<p>Biden, em seus coment\u00e1rios, repetiu seu tema de 2020 de que &#8220;estamos em uma batalha pela alma da Am\u00e9rica&#8221; \u200b\u200be pressionou sobre o motivo pelo qual Harris e seu companheiro de chapa Tim Walz estavam mais bem preparados para trav\u00e1-la.<\/p>\n<p>\u201cPor sua causa, tivemos os quatro anos mais extraordin\u00e1rios de progresso de todos os tempos, ponto final\u201d, declarou Biden. E ent\u00e3o ele interrompeu: \u201cEu digo &#8216;n\u00f3s&#8217;, quero dizer &#8216;eu e Kamala&#8217;\u201d, dividindo o cr\u00e9dito por seus sucessos mais populares com o vice-presidente a quem ele entregou sua opera\u00e7\u00e3o pol\u00edtica.<\/p>\n<p>Harris fez uma breve apari\u00e7\u00e3o n\u00e3o anunciada na conven\u00e7\u00e3o na segunda-feira para agradecer a Biden por sua lideran\u00e7a. Mais tarde, ela se juntou a ele no palco, onde os dois conversaram e se abra\u00e7aram.<\/p>\n<p>\u201cJoe, obrigada por sua lideran\u00e7a hist\u00f3rica, por sua vida de servi\u00e7o \u00e0 nossa na\u00e7\u00e3o e por tudo o que voc\u00ea continuar\u00e1 a fazer\u201d, ela disse. \u201cSomos eternamente gratos a voc\u00ea.\u201d<\/p>\n<p>O dia de abertura atrasou mais de uma hora e for\u00e7ou alguns palestrantes programados, incluindo o m\u00fasico James Taylor, a serem retirados do programa, o que os organizadores da conven\u00e7\u00e3o atribu\u00edram aos aplausos constantes aos palestrantes.<\/p>\n<p>Harris viajar\u00e1 na ter\u00e7a-feira para Milwaukee para um com\u00edcio no estado indeciso de Wisconsin antes de retornar para Chicago no final da noite.<\/p>\n<p>A campanha de Harris disse na ter\u00e7a-feira que destacar\u00e1 \u201cmensageiros confi\u00e1veis\u201d de estados-chave de batalha nos tr\u00eas dias restantes da conven\u00e7\u00e3o. Eles incluem a senadora Catherine Cortez Masto de Nevada; a governadora Gretchen Whitmer, o senador Gary Peters e a deputada Elissa Slotkin de Michigan; o senador Bob Casey da Pensilv\u00e2nia e a senadora Tammy Baldwin de Wisconsin. Do Arizona, o senador Mark Kelly falar\u00e1 junto com John Giles, o prefeito republicano de Mesa.<\/p>\n<p>O governador Roy Cooper da Carolina do Norte ser\u00e1 o \u00faltimo orador antes de Harris aceitar a indica\u00e7\u00e3o democrata na quinta-feira.<\/p>\n<p><em>Copyright 2024 The Associated Press. Todos os direitos reservados. Este material n\u00e3o pode ser publicado, transmitido, reescrito ou redistribu\u00eddo.<\/em><\/p>\n<div class=\"wp-block-newsletter\">\n\t<strong class=\"wp-block-newsletter__title\">Inscreva-se em nossa Newsletter para receber as \u00faltimas not\u00edcias diretamente na sua caixa de entrada<\/strong><\/p>\n<\/div><\/div>\n<p><br \/>\n<br \/><a href=\"https:\/\/wsvn.com\/news\/politics\/obama-and-emhoff-are-to-headline-the-democratic-national-convention-on-tuesday\/\">Source link <\/a><\/p>","protected":false},"excerpt":{"rendered":"<p>CHICAGO (AP) \u2014 O ex-presidente Barack Obama e o segundo cavalheiro Doug Emhoff discursar\u00e3o na ter\u00e7a-feira no segundo dia da Conven\u00e7\u00e3o Nacional Democrata, voltando a aten\u00e7\u00e3o do partido para a&hellip;<\/p>","protected":false},"author":1,"featured_media":26508,"comment_status":"closed","ping_status":"open","sticky":false,"template":"","format":"standard","meta":{"content-type":"","footnotes":""},"categories":[1],"tags":[],"class_list":["post-26507","post","type-post","status-publish","format-standard","has-post-thumbnail","hentry","category-uncategorized"],"_links":{"self":[{"href":"https:\/\/tvbrazilusa.com\/pt\/wp-json\/wp\/v2\/posts\/26507","targetHints":{"allow":["GET"]}}],"collection":[{"href":"https:\/\/tvbrazilusa.com\/pt\/wp-json\/wp\/v2\/posts"}],"about":[{"href":"https:\/\/tvbrazilusa.com\/pt\/wp-json\/wp\/v2\/types\/post"}],"author":[{"embeddable":true,"href":"https:\/\/tvbrazilusa.com\/pt\/wp-json\/wp\/v2\/users\/1"}],"replies":[{"embeddable":true,"href":"https:\/\/tvbrazilusa.com\/pt\/wp-json\/wp\/v2\/comments?post=26507"}],"version-history":[{"count":1,"href":"https:\/\/tvbrazilusa.com\/pt\/wp-json\/wp\/v2\/posts\/26507\/revisions"}],"predecessor-version":[{"id":26509,"href":"https:\/\/tvbrazilusa.com\/pt\/wp-json\/wp\/v2\/posts\/26507\/revisions\/26509"}],"wp:featuredmedia":[{"embeddable":true,"href":"https:\/\/tvbrazilusa.com\/pt\/wp-json\/wp\/v2\/media\/26508"}],"wp:attachment":[{"href":"https:\/\/tvbrazilusa.com\/pt\/wp-json\/wp\/v2\/media?parent=26507"}],"wp:term":[{"taxonomy":"category","embeddable":true,"href":"https:\/\/tvbrazilusa.com\/pt\/wp-json\/wp\/v2\/categories?post=26507"},{"taxonomy":"post_tag","embeddable":true,"href":"https:\/\/tvbrazilusa.com\/pt\/wp-json\/wp\/v2\/tags?post=26507"}],"curies":[{"name":"wp","href":"https:\/\/api.w.org\/{rel}","templated":true}]}}