{"id":26519,"date":"2024-08-20T12:28:35","date_gmt":"2024-08-20T12:28:35","guid":{"rendered":"https:\/\/tvbrazilusa.com\/2024\/08\/20\/saida-de-joe-biden-conversas-sobre-o-teto-de-vidro-um-aceno-aos-manifestantes-de-gaza-conclusoes-do-primeiro-dia-da-convencao-nacional-democrata\/"},"modified":"2024-08-20T12:37:00","modified_gmt":"2024-08-20T12:37:00","slug":"saida-de-joe-biden-conversas-sobre-o-teto-de-vidro-um-aceno-aos-manifestantes-de-gaza-conclusoes-do-primeiro-dia-da-convencao-nacional-democrata","status":"publish","type":"post","link":"https:\/\/tvbrazilusa.com\/pt\/2024\/08\/20\/saida-de-joe-biden-conversas-sobre-o-teto-de-vidro-um-aceno-aos-manifestantes-de-gaza-conclusoes-do-primeiro-dia-da-convencao-nacional-democrata\/","title":{"rendered":"Sa\u00edda de Joe Biden, conversas sobre o teto de vidro, um aceno aos manifestantes de Gaza: Conclus\u00f5es do primeiro dia da Conven\u00e7\u00e3o Nacional Democrata"},"content":{"rendered":"<p> <script async src=\"https:\/\/pagead2.googlesyndication.com\/pagead\/js\/adsbygoogle.js?client=ca-pub-8864793242727901\"\r\n     crossorigin=\"anonymous\"><\/script><br \/>\n<\/p>\n<div id=\"\">\n<header class=\"m-article-header m-article-header--standard\">\n\t\t\t\t\t\t\t\t\t\t\t\t<span id=\"article-header-primary-term\"><br \/>\n\t\t\t\t\t\t\t\t<a class=\"a-term a-term--primary\" href=\"https:\/\/www.boston.com\/tag\/politics\/\"><\/p>\n<p>\t\t\t\t\t\t\t\tPol\u00edtica\t\t\t\t\t\t\t\t<\/a><br \/>\n\t\t\t\t\t\t\t<\/span><\/p>\n<h2 class=\"m-article-header__sub-headline\">Joe Biden atacou Trump e reconheceu diretamente as preocupa\u00e7\u00f5es dos manifestantes contra a guerra em Gaza que se manifestaram a poucos quarteir\u00f5es do centro de conven\u00e7\u00f5es.<\/h2>\n<figure class=\"a-photo m-article-header__photo\"><figcaption class=\"a-photo__caption\">\n<p>\tA candidata presidencial democrata, vice-presidente Kamala Harris, e o presidente Joe Biden no palco com o segundo cavalheiro Doug Emhoff, \u00e0 esquerda, e a primeira-dama Jill Biden, \u00e0 direita, durante a Conven\u00e7\u00e3o Nacional Democrata na segunda-feira, 19 de agosto de 2024, em Chicago. <em> AP Photo\/J. Scott Applewhite<\/em>\t<\/figcaption><\/figure>\n<div class=\"m-article-header__meta\">\n<div class=\"m-article-header__byline\">\n<p class=\"m-article-header__author\">\n<p>\t\t\t\t\t\t\t\tPor WILL WEISSERT e NICHOLAS RICCARDI, Associated Press\t\t\t\t\t\t\t<\/p>\n<p>\t\t\t\t\t\t    \t\t\t\t\t\t\t<time class=\"m-article-header__date\"><\/p>\n<p>        \t\t\t\t\t\t\t20 de agosto de 2024 | 8h28    \t\t\t\t\t\t\t<\/time><\/p><\/div>\n<\/p><\/div>\n<\/header>\n<p>CHICAGO (AP) \u2014 O <a href=\"https:\/\/www.boston.com\/news\/politics\/2024\/08\/19\/democrats-honor-biden-while-pivoting-to-harris-on-first-day-of-convention\/\">Primeira noite da Conven\u00e7\u00e3o Nacional Democrata<\/a> exibiu discursos do \u00faltimo democrata a perder para Donald Trump e do \u00faltimo a derrot\u00e1-lo.<\/p>\n<p>Hillary Clinton falou esperan\u00e7osa de finalmente quebrar o \u201cteto de vidro\u201d para eleger uma presidente mulher. <a href=\"https:\/\/www.boston.com\/tag\/joe-biden\/\">Joe Biden<\/a> atacou Trump e reconheceu diretamente as preocupa\u00e7\u00f5es dos manifestantes contra a guerra em Gaza que se manifestaram a poucos quarteir\u00f5es do centro de conven\u00e7\u00f5es.<\/p>\n<p>Aqui est\u00e3o algumas li\u00e7\u00f5es da primeira noite da conven\u00e7\u00e3o.<\/p>\n<h2 class=\"wp-block-heading\" id=\"h-biden-begins-long-political-exit\">Biden inicia longa sa\u00edda pol\u00edtica<\/h2>\n<p>O presidente Joe Biden encerrou a noite de abertura da conven\u00e7\u00e3o iniciando sua longa despedida pol\u00edtica com um discurso que enquadrou seu pr\u00f3prio legado e sinalizou que ele estava pronto para come\u00e7ar a ceder o controle do partido ao vice-presidente. <a href=\"https:\/\/www.boston.com\/tag\/kamala-harris\/\">Kamala Harris<\/a>.<\/p>\n<p>Ele subiu ao palco sob uma longa e estridente ova\u00e7\u00e3o dos delegados que carregavam cartazes com os dizeres &#8220;N\u00f3s amamos Joe&#8221; e disse a eles, por sua vez: &#8220;Eu te amo!&#8221; Ap\u00f3s a afetuosa abertura, Biden passou longos trechos de seu discurso de 50 minutos atacando Trump, retornando a um tema-chave da campanha de reelei\u00e7\u00e3o que ele n\u00e3o est\u00e1 mais conduzindo.<\/p>\n<p>Biden marcou muitas das conquistas de sua administra\u00e7\u00e3o, incluindo um grande pacote de obras p\u00fablicas e programa clim\u00e1tico, e dividiu o cr\u00e9dito com Harris. Ele disse que escolher Harris como sua companheira de chapa foi a melhor decis\u00e3o que ele j\u00e1 tomou e prometeu ser o &#8220;melhor volunt\u00e1rio&#8221; que Harris e seu companheiro de chapa, o governador de Minnesota, Tim Walz, j\u00e1 viram.<\/p>\n<p>Sua mensagem de encerramento para aqueles que ainda estavam ouvindo enquanto a conven\u00e7\u00e3o se estendia at\u00e9 tarde da noite: \u201cEu dei o meu melhor para voc\u00eas por 50 anos.\u201d<\/p>\n<figure class=\"wp-block-embed is-type-video is-provider-youtube wp-block-embed-youtube wp-embed-aspect-16-9 wp-has-aspect-ratio\">\n<p>\n<iframe title=\"Biden gets emotional ovation at DNC, joined by family, Harris and Emhoff\" width=\"1170\" height=\"658\" src=\"https:\/\/www.youtube.com\/embed\/lvtjaEDs-Kg?feature=oembed\" frameborder=\"0\" allow=\"accelerometer; autoplay; clipboard-write; encrypted-media; gyroscope; picture-in-picture; web-share\" referrerpolicy=\"strict-origin-when-cross-origin\" allowfullscreen><\/iframe>\n<\/p>\n<\/figure>\n<h2 class=\"wp-block-heading\" id=\"h-a-surprise-harris-appearance-to-pay-tribute-to-biden\">Uma apari\u00e7\u00e3o surpresa de Harris para prestar homenagem a Biden<\/h2>\n<p>A vice-presidente fez uma apari\u00e7\u00e3o n\u00e3o programada no palco para prestar homenagem a Biden antes de seu pr\u00f3prio discurso na conven\u00e7\u00e3o. Ela disse ao presidente: &#8220;Obrigada por sua lideran\u00e7a hist\u00f3rica, por sua vida de servi\u00e7o \u00e0 nossa na\u00e7\u00e3o e por tudo o que voc\u00ea continuar\u00e1 a fazer.&#8221;<\/p>\n<p>Em uma noite destinada a homenagear o presidente que se afastou para dar lugar a Harris, o vice-presidente acrescentou: \u201cSomos eternamente gratos a voc\u00ea\u201d.<\/p>\n<figure class=\"wp-block-image size-full\"><img loading=\"lazy\" decoding=\"async\" width=\"2560\" height=\"1710\" src=\"https:\/\/bdc2020.o0bc.com\/wp-content\/uploads\/2024\/08\/AP24233228745468-66c488a1653a8-scaled.jpg\" alt=\"O presidente Joe Biden abra\u00e7a a candidata presidencial democrata, vice-presidente Kamala Harris, durante o primeiro dia da Conven\u00e7\u00e3o Nacional Democrata em Chicago.\" class=\"wp-image-31328392\" srcset=\"https:\/\/bdc2020.o0bc.com\/wp-content\/uploads\/2024\/08\/AP24233228745468-66c488a1653a8-scaled.jpg?width=200 200w, https:\/\/bdc2020.o0bc.com\/wp-content\/uploads\/2024\/08\/AP24233228745468-66c488a1653a8-scaled.jpg?width=300 300w, https:\/\/bdc2020.o0bc.com\/wp-content\/uploads\/2024\/08\/AP24233228745468-66c488a1653a8-scaled.jpg?width=400 400w, https:\/\/bdc2020.o0bc.com\/wp-content\/uploads\/2024\/08\/AP24233228745468-66c488a1653a8-scaled.jpg?width=500 500w, https:\/\/bdc2020.o0bc.com\/wp-content\/uploads\/2024\/08\/AP24233228745468-66c488a1653a8-scaled.jpg?width=600 600w, https:\/\/bdc2020.o0bc.com\/wp-content\/uploads\/2024\/08\/AP24233228745468-66c488a1653a8-scaled.jpg?width=700 700w, https:\/\/bdc2020.o0bc.com\/wp-content\/uploads\/2024\/08\/AP24233228745468-66c488a1653a8-scaled.jpg?width=800 800w, https:\/\/bdc2020.o0bc.com\/wp-content\/uploads\/2024\/08\/AP24233228745468-66c488a1653a8-scaled.jpg?width=900 900w\" sizes=\"auto, (max-width: 2560px) 100vw, 2560px\"\/><figcaption class=\"wp-element-caption\">O presidente Joe Biden abra\u00e7a a candidata presidencial democrata, vice-presidente Kamala Harris, durante o primeiro dia da Conven\u00e7\u00e3o Nacional Democrata, segunda-feira, 19 de agosto de 2024, em Chicago. <i> \u2013 Foto AP\/Jacquelyn Martin<\/i><\/figcaption><\/figure>\n<h2 class=\"wp-block-heading\" id=\"h-gaza-gets-little-attention-inside-dnc-hall-except-from-biden\">Gaza recebe pouca aten\u00e7\u00e3o dentro do sal\u00e3o do DNC \u2014 exceto de Biden<\/h2>\n<p>Milhares de manifestantes se agitaram pelas ruas de Chicago protestando contra o apoio dos EUA a Israel durante a guerra em Gaza. Mas dentro do sal\u00e3o de conven\u00e7\u00f5es, a quest\u00e3o inflam\u00e1vel passou despercebida at\u00e9 que Biden chegou ao microfone.<\/p>\n<p>A deputada Alexandra Ocasio-Cortez recebeu aplausos quando elogiou Harris por trabalhar \u201cincansavelmente para obter um cessar-fogo em Gaza e levar os ref\u00e9ns para casa\u201d. O senador Raphael Warnock, da Ge\u00f3rgia, fez uma breve alus\u00e3o ao conflito.<\/p>\n<p>Um punhado de delegados que concorreram com uma chapa &#8220;n\u00e3o comprometida&#8221; protestando contra a posi\u00e7\u00e3o de Biden sobre a guerra desfraldaram uma faixa durante seu discurso que dizia &#8220;Parem de Armar Israel&#8221;. Mas ela foi bloqueada por apoiadores agitando cartazes de Biden antes de ser retirada e as luzes sobre aquela parte da plateia serem apagadas.<\/p>\n<p>O pr\u00f3prio Biden abordou a quest\u00e3o de frente, dizendo que continuaria trabalhando para \u201cacabar com a guerra em Gaza e trazer paz e seguran\u00e7a ao Oriente M\u00e9dio\u201d.<\/p>\n<p>\u201cAqueles manifestantes nas ruas t\u00eam raz\u00e3o\u201d, disse Biden. \u201cMuitas pessoas inocentes est\u00e3o sendo mortas, de ambos os lados.\u201d<\/p>\n<p>A multid\u00e3o aplaudiu e, por um momento, a guerra n\u00e3o pareceu dividir o partido.<\/p>\n<h2 class=\"wp-block-heading\" id=\"h-clinton-revives-talk-of-breaking-that-glass-ceiling\">Clinton retoma conversa sobre quebrar esse &#8220;teto de vidro&#8221;<\/h2>\n<p>Clinton foi recebida com aplausos selvagens e sustentados que duraram mais de dois minutos antes que ela acalmasse a multid\u00e3o. Ela fez um discurso inflamado, esperando que Harris pudesse fazer o que ela n\u00e3o conseguiu \u2014 se tornar a primeira mulher presidente ao derrotar Trump.<\/p>\n<p>Clinton evocou seu discurso de concess\u00e3o de 2016 ao fazer refer\u00eancia a todas as \u201crachaduras no teto de vidro\u201d que ela e seus eleitores haviam alcan\u00e7ado. E ela pintou uma vis\u00e3o de Harris \u201cdo outro lado daquele teto de vidro\u201d fazendo o juramento de posse como presidente.<\/p>\n<p>Ela encerrou seu discurso com um desejo marcante por algu\u00e9m que esteve no auge da pol\u00edtica e do poder americanos: \u201cQuero que meus netos e os netos deles saibam que eu estava aqui neste momento. Que n\u00f3s est\u00e1vamos aqui e que est\u00e1vamos com Kamala Harris em cada passo do caminho.\u201d<\/p>\n<p>Clinton mergulhou em ataques pol\u00edticos tradicionais em seu discurso, incluindo zombar do registro criminal de Trump. Isso levou a c\u00e2nticos de \u201cprendam-no\u201d \u2014 espelhando aqueles que os apoiadores de Trump dirigiram a Clinton em 2016.<\/p>\n<h2 class=\"wp-block-heading\" id=\"h-tracing-a-line-from-jesse-jackson-to-kamala-harris\">Tra\u00e7ando uma linha de Jesse Jackson a Kamala Harris<\/h2>\n<p>Um dos primeiros temas da noite foi a celebra\u00e7\u00e3o do Rev. Jesse Jackson, um antigo l\u00edder dos direitos civis em Chicago e ex-candidato presidencial em 1984 e 1988. Muitos democratas o creditam por abrir caminho para que Barack Obama ganhasse a Casa Branca em 2008 e Kamala Harris se tornasse a primeira mulher negra indicada \u00e0 presid\u00eancia.<\/p>\n<p>Jackson foi saudado do palco por v\u00e1rios palestrantes, incluindo o prefeito de Chicago, Brandon Johnson, e a deputada da Calif\u00f3rnia, Maxine Waters. Houve uma montagem em v\u00eddeo da carreira e legado de Jackson que foi exibida antes que o pr\u00f3prio Jackson, de 82 anos, subisse ao palco em uma cadeira de rodas, erguendo os bra\u00e7os para o c\u00e9u e sorrindo. Jackson foi diagnosticado com doen\u00e7a de Parkinson.<\/p>\n<p>Durante a conven\u00e7\u00e3o democrata de 1984 em S\u00e3o Francisco, Jackson fez um discurso declarando que a Am\u00e9rica \u00e9 \u201ccomo uma colcha: muitos remendos, muitas pe\u00e7as, muitas cores, muitos tamanhos, todos tecidos e mantidos juntos por um fio comum\u201d. O discurso ficou conhecido como o discurso da \u201cCoaliz\u00e3o Arco-\u00cdris\u201d, e Jackson usou o impulso dele para buscar a nomea\u00e7\u00e3o democrata novamente em 1988.<\/p>\n<p>Harris chamou Jackson de \u201cum dos maiores patriotas da Am\u00e9rica\u201d.<\/p>\n<h2 class=\"wp-block-heading\" id=\"h-remember-covid-democrats-don-t-want-voters-or-trump-to-forget\">Lembra da COVID? Os democratas n\u00e3o querem que os eleitores \u2014 ou Trump \u2014 se esque\u00e7am<\/h2>\n<p>Os democratas optaram por destacar o tema angustiante da conven\u00e7\u00e3o <a href=\"https:\/\/www.boston.com\/tag\/coronavirus\/\">pandemia do coronav\u00edrus<\/a>.<\/p>\n<p>Foi um reflexo da frustra\u00e7\u00e3o democrata com a forma como Trump retratou seu mandato como uma era de ouro para o pa\u00eds, embora centenas de milhares de americanos tenham morrido de COVID-19 durante o \u00faltimo ano de seu mandato.<\/p>\n<p>H\u00e1 muitos riscos para os democratas em martelar a pandemia. Mais pessoas morreram do v\u00edrus durante a presid\u00eancia de Biden do que durante a de Trump, os eleitores demonstraram uma \u00e2nsia de seguir em frente e algumas medidas preventivas defendidas pelos democratas \u2014 como fechamento de escolas e uso de m\u00e1scaras \u2014 n\u00e3o s\u00e3o populares em retrospecto.<\/p>\n<figure class=\"wp-block-embed is-type-video is-provider-youtube wp-block-embed-youtube wp-embed-aspect-16-9 wp-has-aspect-ratio\">\n<p>\n<iframe title=\"Biden slams Trump in address to Democrats at DNC in Chicago\" width=\"1170\" height=\"658\" src=\"https:\/\/www.youtube.com\/embed\/xLR6dkUWCGc?feature=oembed\" frameborder=\"0\" allow=\"accelerometer; autoplay; clipboard-write; encrypted-media; gyroscope; picture-in-picture; web-share\" referrerpolicy=\"strict-origin-when-cross-origin\" allowfullscreen><\/iframe>\n<\/p>\n<\/figure>\n<p>Ainda assim, a escala\u00e7\u00e3o dos primeiros palestrantes focou na performance de Trump durante a pandemia. A vice-governadora de Minnesota, Peggy Flanagan, lembrou como seu irm\u00e3o foi a segunda pessoa no Tennessee a morrer da doen\u00e7a e como ela n\u00e3o p\u00f4de visit\u00e1-lo ou realizar um servi\u00e7o memorial. A deputada Lauren Underwood, de Illinois, uma enfermeira, disse sobre Trump: &#8220;Ele pegou a crise da COVID e a transformou em uma cat\u00e1strofe. Nunca mais poderemos deix\u00e1-lo ser nosso presidente.&#8221;<\/p>\n<p>O deputado Robert Garcia, cuja m\u00e3e e padrasto morreram da doen\u00e7a em 2020, relembrou os erros de Trump e concluiu com um dos slogans da jovem campanha de Harris: \u201cN\u00e3o vamos voltar atr\u00e1s\u201d.<\/p>\n<h2 class=\"wp-block-heading\" id=\"h-democrats-one-up-republicans-on-labor\">Democratas superam republicanos em quest\u00f5es trabalhistas<\/h2>\n<p>A conven\u00e7\u00e3o de Trump no m\u00eas passado contou com uma rara apari\u00e7\u00e3o de um l\u00edder sindical em um evento do Partido Republicano: <a href=\"https:\/\/www.boston.com\/news\/politics\/2024\/07\/16\/a-teamsters-boss-with-mass-roots-delivers-rare-speech-to-rnc\/\">Presidente dos Teamsters, Sean O&#8217;Brien<\/a>. Isso reflete como o populismo de Trump reduziu a vantagem dos democratas entre as fam\u00edlias sindicalizadas.<\/p>\n<p>Naquele discurso, O&#8217;Brien n\u00e3o endossou Trump. Mas ele criticou ambos os principais partidos pol\u00edticos por n\u00e3o fazerem o suficiente para ajudar os trabalhadores.<\/p>\n<p>Os democratas n\u00e3o convidaram O&#8217;Brien para sua conven\u00e7\u00e3o, mas eles responderam com meia d\u00fazia de outros l\u00edderes sindicais no palco na segunda-feira. E ent\u00e3o Shawn Fain, chefe do United Auto Workers, liderou um c\u00e2ntico acalorado de &#8220;Trump \u00e9 um fura-greve!&#8221; enquanto usava uma camiseta vermelha estampada com essas palavras.<\/p>\n<p>Fain observou que Biden visitou uma linha de piquete do UAW no ano passado e, quando os trabalhadores da ind\u00fastria automobil\u00edstica entraram em greve em 2019, Harris, n\u00e3o Trump, andou nas linhas de piquete. \u201cDonald Trump \u00e9 s\u00f3 conversa e Kamala Harris faz o que fala\u201d, disse Fain.<\/p>\n<div class=\"m-block m-generic-cta\t m-generic-cta--post-content\t m-generic-cta--dark\t m-generic-cta--homepage\t m-generic-cta--email-signup\t\t m-generic-cta-block-style--default \tt-amp__generic-cta\"><\/p>\n<div class=\"m-generic-cta__wrap\">\n<div class=\"m-generic-cta__content\">\n<h3 class=\"m-generic-cta__title\">Alertas de not\u00edcias extras<\/h3>\n<p class=\"m-generic-cta__subtitle\">Receba atualiza\u00e7\u00f5es de \u00faltima hora assim que elas acontecerem.<\/p>\n<\/p><\/div>\n<\/p><\/div>\n<\/div><\/div>\n<p><script>\n\t\tvar consent=\"grant\";\n\t\t\/* The above code is parsing the JSON data from the local storage and storing it in a variable. *\/\n\t\t\t\t\tconst onetrustStorageConsent = JSON.parse(localStorage.getItem( 'consent_one_trust_bdc' ) );\n\t\t\tif ( ( onetrustStorageConsent !== null ) ) {\n\t\t\t\t\/* Checking to see if the user has consented to the use of cookies.\n\t\t\t\t* If they have not, it is deleting the cookie.\n\t\t\t\t* This will comment for now, until further notice.\n\t\t\t\t*\/\n\t\t\t\t\/\/if ( onetrustStorageConsent.C0002 === false ) {\n\t\t\t\t\/\/\tdocument.cookie=\"_fbp=;expires=Thu, 01 Jan 2010 00:00:00 UTC; path=\/; domain=.boston.com\";\n\t\t\t\t\/\/}\n\t\t\t\t\/* Checking if the user has given consent for the cookie C0002.\n\t\t\t\t* If the user has given consent, the variable consent will be set to 'grant'.\n\t\t\t\t* If the user has not given consent,the variable consent will be set to 'revoke'.\n\t\t\t\t* Documentation https:\/\/developers.facebook.com\/docs\/meta-pixel\/implementation\/gdpr\n\t\t\t\t*\/\n\t\t\t\tif ( onetrustStorageConsent.C0002 !== true ) {\n\t\t\t\t\tconsent=\"revoke\";\n\t\t\t\t}\n\t\t\t}\n\t\t\t\t!function(f,b,e,v,n,t,s)\n\t\t{if(f.fbq)return;n=f.fbq=function(){n.callMethod?\n\t\tn.callMethod.apply(n,arguments):n.queue.push(arguments)};\n\t\tif(!f._fbq)f._fbq=n;n.push=n;n.loaded=!0;n.version='2.0';\n\t\tn.queue=[];t=b.createElement(e);t.async=!0;\n\t\tt.src=v;s=b.getElementsByTagName(e)[0];\n\t\ts.parentNode.insertBefore(t,s)}(window, document,'script',\n\t\t'https:\/\/connect.facebook.net\/en_US\/fbevents.js');\n\t\tfbq('consent', consent);\n\t\tfbq('init', '989222871864976');\n\t\tfbq('track', 'PageView');\n\t<\/script><script type=\"module\">\n\t\tvar consent=\"grant\";\n\t\t\/* The above code is parsing the JSON data from the local storage and storing it in a variable. *\/\n\t\t\tconst onetrustStorageConsent = JSON.parse(localStorage.getItem( 'consent_one_trust_bdc' ) );\n\t\t\t\/* Checking to see if the user has consented to the use of cookies.\n\t\t\t* If they have not, it is deleting the cookie.\n\t\t\t* This will comment for now, until further notice.\n\t\t\t*\/\n\t\t\t\/\/if ( onetrustStorageConsent.C0002 === false ) {\n\t\t\t\/\/\tdocument.cookie=\"_fbp=;expires=Thu, 01 Jan 2010 00:00:00 UTC; path=\/; domain=.boston.com\";\n\t\t\t\/\/}\n\t\t\t\/* Checking if the user has given consent for the cookie C0002.\n\t\t\t* If the user has given consent, the variable consent will be set to 'grant'.\n\t\t\t* If the user has not given consent,the variable consent will be set to 'revoke'.\n\t\t\t* Documentation https:\/\/developers.facebook.com\/docs\/meta-pixel\/implementation\/gdpr\n\t\t\t*\/\n\t\t\tif ( ( onetrustStorageConsent !== null ) && (onetrustStorageConsent.C0002 !== true ) ) {\n\t\t\t\tconsent=\"revoke\";\n\t\t\t}\n\t\t\t\t!function(f,b,e,v,n,t,s){if(f.fbq)return;n=f.fbq=function()\n\t\t{n.callMethod? n.callMethod.apply(n,arguments):n.queue.push(arguments)}\n\t\t;if(!f._fbq)f._fbq=n;\n\t\tn.push=n;n.loaded=!0;n.version='2.0';n.queue=[];t=b.createElement(e);t.async=!0;\n\t\tt.src=v;s=b.getElementsByTagName(e)[0];s.parentNode.insertBefore(t,s)}(window,\n\t\tdocument,'script','https:\/\/connect.facebook.net\/en_US\/fbevents.js');\n\t\tfbq('consent', consent);\n\t\tfbq('init', '813236348753005');\n\t\tfbq('track', \"PageView\");\n\t<\/script><br \/>\n<br \/><br \/>\n<br \/><a href=\"https:\/\/www.boston.com\/news\/politics\/2024\/08\/20\/joe-biden-exit-glass-ceiling-gaza-protesters-takeaways-dnc-day-1\/\">Source link <\/a><\/p>","protected":false},"excerpt":{"rendered":"<p>Pol\u00edtica Joe Biden atacou Trump e reconheceu diretamente as preocupa\u00e7\u00f5es dos manifestantes contra a guerra em Gaza que se manifestaram a poucos quarteir\u00f5es do centro de conven\u00e7\u00f5es. A candidata presidencial&hellip;<\/p>","protected":false},"author":1,"featured_media":26520,"comment_status":"closed","ping_status":"open","sticky":false,"template":"","format":"standard","meta":{"content-type":"","footnotes":""},"categories":[1],"tags":[],"class_list":["post-26519","post","type-post","status-publish","format-standard","has-post-thumbnail","hentry","category-uncategorized"],"_links":{"self":[{"href":"https:\/\/tvbrazilusa.com\/pt\/wp-json\/wp\/v2\/posts\/26519","targetHints":{"allow":["GET"]}}],"collection":[{"href":"https:\/\/tvbrazilusa.com\/pt\/wp-json\/wp\/v2\/posts"}],"about":[{"href":"https:\/\/tvbrazilusa.com\/pt\/wp-json\/wp\/v2\/types\/post"}],"author":[{"embeddable":true,"href":"https:\/\/tvbrazilusa.com\/pt\/wp-json\/wp\/v2\/users\/1"}],"replies":[{"embeddable":true,"href":"https:\/\/tvbrazilusa.com\/pt\/wp-json\/wp\/v2\/comments?post=26519"}],"version-history":[{"count":1,"href":"https:\/\/tvbrazilusa.com\/pt\/wp-json\/wp\/v2\/posts\/26519\/revisions"}],"predecessor-version":[{"id":26521,"href":"https:\/\/tvbrazilusa.com\/pt\/wp-json\/wp\/v2\/posts\/26519\/revisions\/26521"}],"wp:featuredmedia":[{"embeddable":true,"href":"https:\/\/tvbrazilusa.com\/pt\/wp-json\/wp\/v2\/media\/26520"}],"wp:attachment":[{"href":"https:\/\/tvbrazilusa.com\/pt\/wp-json\/wp\/v2\/media?parent=26519"}],"wp:term":[{"taxonomy":"category","embeddable":true,"href":"https:\/\/tvbrazilusa.com\/pt\/wp-json\/wp\/v2\/categories?post=26519"},{"taxonomy":"post_tag","embeddable":true,"href":"https:\/\/tvbrazilusa.com\/pt\/wp-json\/wp\/v2\/tags?post=26519"}],"curies":[{"name":"wp","href":"https:\/\/api.w.org\/{rel}","templated":true}]}}