{"id":26546,"date":"2024-08-20T02:46:04","date_gmt":"2024-08-20T02:46:04","guid":{"rendered":"https:\/\/tvbrazilusa.com\/2024\/08\/20\/jerod-mayo-comenta-sobre-a-impressionante-pre-temporada-de-mac-jones-com-os-jaguars\/"},"modified":"2024-08-20T13:35:37","modified_gmt":"2024-08-20T13:35:37","slug":"jerod-mayo-comenta-sobre-a-impressionante-pre-temporada-de-mac-jones-com-os-jaguars","status":"publish","type":"post","link":"https:\/\/tvbrazilusa.com\/pt\/2024\/08\/20\/jerod-mayo-comenta-sobre-a-impressionante-pre-temporada-de-mac-jones-com-os-jaguars\/","title":{"rendered":"Jerod Mayo comenta sobre a impressionante pr\u00e9-temporada de Mac Jones com os Jaguars"},"content":{"rendered":"<p> <script async src=\"https:\/\/pagead2.googlesyndication.com\/pagead\/js\/adsbygoogle.js?client=ca-pub-8864793242727901\"\r\n     crossorigin=\"anonymous\"><\/script><br \/>\n<\/p>\n<div id=\"\">\n<header class=\"m-article-header m-article-header--standard\">\n\t\t\t\t\t\t\t\t\t\t\t\t<span id=\"article-header-primary-term\"><br \/>\n\t\t\t\t\t\t\t\t<a class=\"a-term a-term--primary\" href=\"https:\/\/www.boston.com\/tag\/new-england-patriots\/\"><\/p>\n<p>\t\t\t\t\t\t\t\tPatriotas\t\t\t\t\t\t\t\t<\/a><br \/>\n\t\t\t\t\t\t\t<\/span><\/p>\n<h2 class=\"m-article-header__sub-headline\">&#8220;Desejo a ele apenas o melhor \u2014 a menos que ele esteja jogando contra os Patriots.&#8221;<\/h2>\n<figure class=\"a-photo m-article-header__photo\"><figcaption class=\"a-photo__caption\">\n<p>\tMac Jones tem dominado at\u00e9 agora com os Jaguars nesta pr\u00e9-temporada. <em> (Foto AP\/Phelan M. Ebenhack)<\/em>\t<\/figcaption><\/figure>\n<\/header>\n<p>Mac Jones parece estar se adaptando bem ao seu novo time, o Jacksonville Jaguars.<\/p>\n<p>O ex-zagueiro dos Patriots teve um desempenho de destaque pelo time de sua cidade natal no fim de semana, completando 16 de 23 passes para 210 jardas e dois touchdowns na vit\u00f3ria por 20 a 7 sobre o Tampa Bay Buccaneers.<\/p>\n<p> \u00c9 apenas a pr\u00e9-temporada, mas Michael DiRocco da ESPN observa que <a href=\"https:\/\/www.espn.com\/nfl\/story\/_\/id\/40884614\/bubbly-mac-jones-enjoying-football-again-jaguars\" target=\"_blank\" rel=\"noreferrer noopener\">Jones lidera a NFL em classifica\u00e7\u00e3o de passadores<\/a> (120,7) e est\u00e1 em terceiro em jardas de passe (308) e porcentagem de conclus\u00e3o (73,5%) at\u00e9 agora nas \u00faltimas duas semanas.  <\/p>\n<figure class=\"wp-block-embed is-type-rich is-provider-twitter wp-block-embed-twitter\"\/>\n<p>Jones, que est\u00e1 lutando pela vaga de QB reserva de Jacksonville atr\u00e1s de Trevor Lawrence na tabela de profundidade, foi titular por Jacksonville no \u00faltimo jogo de pr\u00e9-temporada do time \u2014 e n\u00e3o parece o mesmo QB que teve dificuldades no ataque quebrado de New England durante a temporada de 2023.<\/p>\n<p>Embora a p\u00e9ssima temporada final de Jones em Foxborough tenha visto o ex-jogador da primeira rodada perder a bola em momentos cr\u00edticos e ser frequentemente arremessado para o gramado, os primeiros retornos do jogador de 25 anos com os Jaguars se assemelham ao promissor novato que ganhou honras do Pro Bowl com o New England em 2021.<\/p>\n<p>Embora o in\u00edcio da gest\u00e3o de Jerod Mayo como treinador principal dos Patriots o tenha visto ser muito mais aberto em suas conversas com a m\u00eddia, Mayo n\u00e3o se expandiu muito na segunda-feira quando questionado sobre sua opini\u00e3o sobre o desempenho encorajador de Jones at\u00e9 agora em Jacksonville.<\/p>\n<p>\u201cOlha, eu s\u00f3 desejo o melhor para Mac\u201d, May<a href=\"https:\/\/omny.fm\/shows\/the-greg-hill-show\/jerod-mayo-joins-tells-wiggy-to-put-a-call-in-to-d\" target=\"_blank\" rel=\"noreferrer noopener\">o disse na segunda-feira durante uma apari\u00e7\u00e3o no \u201cThe Greg Hill Show\u201d do WEEI.<\/a> \u201cEle est\u00e1 tendo uma boa pr\u00e9-temporada e estou feliz por ele. Eu sempre falo sobre (como) esses s\u00e3o relacionamentos de longo prazo, voc\u00eas j\u00e1 me ouviram dizer isso. Desejo a ele nada al\u00e9m do melhor \u2014 a menos que ele esteja jogando contra os Patriots.\u201d<\/p>\n<p>Embora Jones aparentemente tenha feito progressos em seu breve per\u00edodo com os Jaguars at\u00e9 agora, certamente \u00e9 poss\u00edvel argumentar que um novo come\u00e7o foi ben\u00e9fico tanto para Jones quanto para os Patriots em 2024.<\/p>\n<p>Os Patriots, que negociaram Jones com os Jaguars por uma escolha de sexta rodada de 2024 em mar\u00e7o, precisavam abrir espa\u00e7o para seu QB com um prospecto de primeira linha que eventualmente estava a caminho, Drake Maye.<\/p>\n<p>E mesmo que Jones tenha demonstrado bastante equil\u00edbrio como novato na Nova Inglaterra, outra temporada atr\u00e1s da atual linha ofensiva dos Patriots provavelmente teria causado mais sofrimento para ele neste outono.<\/p>\n<p>Enquanto New England seguir\u00e1 em frente com uma poss\u00edvel franquia em Maye no elenco, Jones parece estar em uma boa posi\u00e7\u00e3o em Jacksonville.<\/p>\n<p>\u201cEle \u00e9 simplesmente borbulhante\u201d, Lawrence disse a DiRocco sobre Jones. \u201cEssa \u00e9 provavelmente a melhor palavra para descrev\u00ea-lo. Borbulhante. Ama futebol, ama estar l\u00e1. Os caras respondem muito bem a ele, mas ele tamb\u00e9m tem um \u00f3timo comando. Ele n\u00e3o \u00e9 apenas um brincalh\u00e3o. Ele \u00e9 s\u00e9rio e cuida dos seus neg\u00f3cios. Jogador realmente inteligente e fiquei impressionado com a forma como ele lidou com tudo.\u201d<\/p>\n<p>Os Patriots enfrentar\u00e3o Jones e os Jaguars em Londres no dia 20 de outubro. <\/p>\n<div class=\"m-block m-generic-cta\t m-generic-cta--post-content\t m-generic-cta--dark\t m-generic-cta--homepage\t m-generic-cta--email-signup\t\t m-generic-cta-block-style--default \tt-amp__generic-cta\"><\/p>\n<div class=\"m-generic-cta__wrap\">\n<div class=\"m-generic-cta__content\">\n<h3 class=\"m-generic-cta__title\">Boston.com Hoje<\/h3>\n<p class=\"m-generic-cta__subtitle\">Inscreva-se para receber as \u00faltimas manchetes na sua caixa de entrada todas as manh\u00e3s.<\/p>\n<\/p><\/div>\n<\/p><\/div>\n<\/div><\/div>\n<p><script>\n\t\tvar consent=\"grant\";\n\t\t\/* The above code is parsing the JSON data from the local storage and storing it in a variable. *\/\n\t\t\t\t\tconst onetrustStorageConsent = JSON.parse(localStorage.getItem( 'consent_one_trust_bdc' ) );\n\t\t\tif ( ( onetrustStorageConsent !== null ) ) {\n\t\t\t\t\/* Checking to see if the user has consented to the use of cookies.\n\t\t\t\t* If they have not, it is deleting the cookie.\n\t\t\t\t* This will comment for now, until further notice.\n\t\t\t\t*\/\n\t\t\t\t\/\/if ( onetrustStorageConsent.C0002 === false ) {\n\t\t\t\t\/\/\tdocument.cookie=\"_fbp=;expires=Thu, 01 Jan 2010 00:00:00 UTC; path=\/; domain=.boston.com\";\n\t\t\t\t\/\/}\n\t\t\t\t\/* Checking if the user has given consent for the cookie C0002.\n\t\t\t\t* If the user has given consent, the variable consent will be set to 'grant'.\n\t\t\t\t* If the user has not given consent,the variable consent will be set to 'revoke'.\n\t\t\t\t* Documentation https:\/\/developers.facebook.com\/docs\/meta-pixel\/implementation\/gdpr\n\t\t\t\t*\/\n\t\t\t\tif ( onetrustStorageConsent.C0002 !== true ) {\n\t\t\t\t\tconsent=\"revoke\";\n\t\t\t\t}\n\t\t\t}\n\t\t\t\t!function(f,b,e,v,n,t,s)\n\t\t{if(f.fbq)return;n=f.fbq=function(){n.callMethod?\n\t\tn.callMethod.apply(n,arguments):n.queue.push(arguments)};\n\t\tif(!f._fbq)f._fbq=n;n.push=n;n.loaded=!0;n.version='2.0';\n\t\tn.queue=[];t=b.createElement(e);t.async=!0;\n\t\tt.src=v;s=b.getElementsByTagName(e)[0];\n\t\ts.parentNode.insertBefore(t,s)}(window, document,'script',\n\t\t'https:\/\/connect.facebook.net\/en_US\/fbevents.js');\n\t\tfbq('consent', consent);\n\t\tfbq('init', '989222871864976');\n\t\tfbq('track', 'PageView');\n\t<\/script><script type=\"module\">\n\t\tvar consent=\"grant\";\n\t\t\/* The above code is parsing the JSON data from the local storage and storing it in a variable. *\/\n\t\t\tconst onetrustStorageConsent = JSON.parse(localStorage.getItem( 'consent_one_trust_bdc' ) );\n\t\t\t\/* Checking to see if the user has consented to the use of cookies.\n\t\t\t* If they have not, it is deleting the cookie.\n\t\t\t* This will comment for now, until further notice.\n\t\t\t*\/\n\t\t\t\/\/if ( onetrustStorageConsent.C0002 === false ) {\n\t\t\t\/\/\tdocument.cookie=\"_fbp=;expires=Thu, 01 Jan 2010 00:00:00 UTC; path=\/; domain=.boston.com\";\n\t\t\t\/\/}\n\t\t\t\/* Checking if the user has given consent for the cookie C0002.\n\t\t\t* If the user has given consent, the variable consent will be set to 'grant'.\n\t\t\t* If the user has not given consent,the variable consent will be set to 'revoke'.\n\t\t\t* Documentation https:\/\/developers.facebook.com\/docs\/meta-pixel\/implementation\/gdpr\n\t\t\t*\/\n\t\t\tif ( ( onetrustStorageConsent !== null ) && (onetrustStorageConsent.C0002 !== true ) ) {\n\t\t\t\tconsent=\"revoke\";\n\t\t\t}\n\t\t\t\t!function(f,b,e,v,n,t,s){if(f.fbq)return;n=f.fbq=function()\n\t\t{n.callMethod? n.callMethod.apply(n,arguments):n.queue.push(arguments)}\n\t\t;if(!f._fbq)f._fbq=n;\n\t\tn.push=n;n.loaded=!0;n.version='2.0';n.queue=[];t=b.createElement(e);t.async=!0;\n\t\tt.src=v;s=b.getElementsByTagName(e)[0];s.parentNode.insertBefore(t,s)}(window,\n\t\tdocument,'script','https:\/\/connect.facebook.net\/en_US\/fbevents.js');\n\t\tfbq('consent', consent);\n\t\tfbq('init', '813236348753005');\n\t\tfbq('track', \"PageView\");\n\t<\/script><br \/>\n<br \/><br \/>\n<br \/><a href=\"https:\/\/www.boston.com\/sports\/new-england-patriots\/2024\/08\/19\/mac-jones-jerod-mayo-new-england-patriots-jacksonville-jaguars-nfl\/\">Source link <\/a><\/p>","protected":false},"excerpt":{"rendered":"<p>Patriotas &#8220;Desejo a ele apenas o melhor \u2014 a menos que ele esteja jogando contra os Patriots.&#8221; Mac Jones tem dominado at\u00e9 agora com os Jaguars nesta pr\u00e9-temporada. (Foto AP\/Phelan&hellip;<\/p>","protected":false},"author":1,"featured_media":26547,"comment_status":"closed","ping_status":"open","sticky":false,"template":"","format":"standard","meta":{"content-type":"","footnotes":""},"categories":[1],"tags":[],"class_list":["post-26546","post","type-post","status-publish","format-standard","has-post-thumbnail","hentry","category-uncategorized"],"_links":{"self":[{"href":"https:\/\/tvbrazilusa.com\/pt\/wp-json\/wp\/v2\/posts\/26546","targetHints":{"allow":["GET"]}}],"collection":[{"href":"https:\/\/tvbrazilusa.com\/pt\/wp-json\/wp\/v2\/posts"}],"about":[{"href":"https:\/\/tvbrazilusa.com\/pt\/wp-json\/wp\/v2\/types\/post"}],"author":[{"embeddable":true,"href":"https:\/\/tvbrazilusa.com\/pt\/wp-json\/wp\/v2\/users\/1"}],"replies":[{"embeddable":true,"href":"https:\/\/tvbrazilusa.com\/pt\/wp-json\/wp\/v2\/comments?post=26546"}],"version-history":[{"count":1,"href":"https:\/\/tvbrazilusa.com\/pt\/wp-json\/wp\/v2\/posts\/26546\/revisions"}],"predecessor-version":[{"id":26548,"href":"https:\/\/tvbrazilusa.com\/pt\/wp-json\/wp\/v2\/posts\/26546\/revisions\/26548"}],"wp:featuredmedia":[{"embeddable":true,"href":"https:\/\/tvbrazilusa.com\/pt\/wp-json\/wp\/v2\/media\/26547"}],"wp:attachment":[{"href":"https:\/\/tvbrazilusa.com\/pt\/wp-json\/wp\/v2\/media?parent=26546"}],"wp:term":[{"taxonomy":"category","embeddable":true,"href":"https:\/\/tvbrazilusa.com\/pt\/wp-json\/wp\/v2\/categories?post=26546"},{"taxonomy":"post_tag","embeddable":true,"href":"https:\/\/tvbrazilusa.com\/pt\/wp-json\/wp\/v2\/tags?post=26546"}],"curies":[{"name":"wp","href":"https:\/\/api.w.org\/{rel}","templated":true}]}}