{"id":26549,"date":"2024-08-20T13:38:01","date_gmt":"2024-08-20T13:38:01","guid":{"rendered":"https:\/\/tvbrazilusa.com\/2024\/08\/20\/coco-gauff-estara-em-caixas-de-wheaties-um-ano-apos-seu-titulo-no-us-open-wsvn-7news-noticias-de-miami-clima-esportes-fort-lauderdale\/"},"modified":"2024-08-20T13:47:13","modified_gmt":"2024-08-20T13:47:13","slug":"coco-gauff-estara-em-caixas-de-wheaties-um-ano-apos-seu-titulo-no-us-open-wsvn-7news-noticias-de-miami-clima-esportes-fort-lauderdale","status":"publish","type":"post","link":"https:\/\/tvbrazilusa.com\/pt\/2024\/08\/20\/coco-gauff-estara-em-caixas-de-wheaties-um-ano-apos-seu-titulo-no-us-open-wsvn-7news-noticias-de-miami-clima-esportes-fort-lauderdale\/","title":{"rendered":"Coco Gauff estar\u00e1 em caixas de Wheaties um ano ap\u00f3s seu t\u00edtulo no US Open &#8211; WSVN 7News | Not\u00edcias de Miami, Clima, Esportes | Fort Lauderdale"},"content":{"rendered":"<p> <script async src=\"https:\/\/pagead2.googlesyndication.com\/pagead\/js\/adsbygoogle.js?client=ca-pub-8864793242727901\"\r\n     crossorigin=\"anonymous\"><\/script><br \/>\n<\/p>\n<div itemprop=\"articleBody\">\n<p>NOVA YORK (AP) \u2014 Um ano ap\u00f3s se tornar campe\u00e3 do Grand Slam, Coco Gauff est\u00e1 se unindo ao \u201cCaf\u00e9 da Manh\u00e3 dos Campe\u00f5es\u201d.<\/p>\n<p>Enquanto se prepara para defender seu t\u00edtulo do US Open, Gauff estar\u00e1 na capa de uma caixa de edi\u00e7\u00e3o limitada de Wheaties, anunciou a fabricante de cereais na ter\u00e7a-feira.<\/p>\n<p>O US Open come\u00e7a na pr\u00f3xima segunda-feira. Gauff venceu o torneio em 2023 aos 19 anos. Isso a tornou a mais jovem campe\u00e3 americana no evento desde Serena Williams em 1999.<\/p>\n<p>A caixa de Wheaties de Gauff chega alguns meses depois que a 39 vezes campe\u00e3 de grandes torneios e pioneira em direitos iguais, Billie Jean King, foi homenageada pela marca.<\/p>\n<p>\u201cTive muitos modelos neste esporte que me ajudaram a guiar minha jornada profissional e pessoal, e espero continuar capacitando a pr\u00f3xima gera\u00e7\u00e3o para que tamb\u00e9m trabalhe duro e sonhe alto\u201d, disse Gauff.<\/p>\n<p><em>Copyright 2024 The Associated Press. Todos os direitos reservados. Este material n\u00e3o pode ser publicado, transmitido, reescrito ou redistribu\u00eddo.<\/em><\/p>\n<div class=\"wp-block-newsletter\">\n\t<strong class=\"wp-block-newsletter__title\">Inscreva-se em nossa Newsletter para receber as \u00faltimas not\u00edcias diretamente na sua caixa de entrada<\/strong><\/p>\n<\/div><\/div>\n<p><br \/>\n<br \/><a href=\"https:\/\/wsvn.com\/sports\/coco-gauff-will-be-on-boxes-of-wheaties-a-year-after-her-us-open-title\/\">Source link <\/a><\/p>","protected":false},"excerpt":{"rendered":"<p>NOVA YORK (AP) \u2014 Um ano ap\u00f3s se tornar campe\u00e3 do Grand Slam, Coco Gauff est\u00e1 se unindo ao \u201cCaf\u00e9 da Manh\u00e3 dos Campe\u00f5es\u201d. Enquanto se prepara para defender seu&hellip;<\/p>","protected":false},"author":1,"featured_media":26550,"comment_status":"closed","ping_status":"open","sticky":false,"template":"","format":"standard","meta":{"content-type":"","footnotes":""},"categories":[1],"tags":[],"class_list":["post-26549","post","type-post","status-publish","format-standard","has-post-thumbnail","hentry","category-uncategorized"],"_links":{"self":[{"href":"https:\/\/tvbrazilusa.com\/pt\/wp-json\/wp\/v2\/posts\/26549","targetHints":{"allow":["GET"]}}],"collection":[{"href":"https:\/\/tvbrazilusa.com\/pt\/wp-json\/wp\/v2\/posts"}],"about":[{"href":"https:\/\/tvbrazilusa.com\/pt\/wp-json\/wp\/v2\/types\/post"}],"author":[{"embeddable":true,"href":"https:\/\/tvbrazilusa.com\/pt\/wp-json\/wp\/v2\/users\/1"}],"replies":[{"embeddable":true,"href":"https:\/\/tvbrazilusa.com\/pt\/wp-json\/wp\/v2\/comments?post=26549"}],"version-history":[{"count":1,"href":"https:\/\/tvbrazilusa.com\/pt\/wp-json\/wp\/v2\/posts\/26549\/revisions"}],"predecessor-version":[{"id":26551,"href":"https:\/\/tvbrazilusa.com\/pt\/wp-json\/wp\/v2\/posts\/26549\/revisions\/26551"}],"wp:featuredmedia":[{"embeddable":true,"href":"https:\/\/tvbrazilusa.com\/pt\/wp-json\/wp\/v2\/media\/26550"}],"wp:attachment":[{"href":"https:\/\/tvbrazilusa.com\/pt\/wp-json\/wp\/v2\/media?parent=26549"}],"wp:term":[{"taxonomy":"category","embeddable":true,"href":"https:\/\/tvbrazilusa.com\/pt\/wp-json\/wp\/v2\/categories?post=26549"},{"taxonomy":"post_tag","embeddable":true,"href":"https:\/\/tvbrazilusa.com\/pt\/wp-json\/wp\/v2\/tags?post=26549"}],"curies":[{"name":"wp","href":"https:\/\/api.w.org\/{rel}","templated":true}]}}