{"id":26552,"date":"2024-08-20T01:29:44","date_gmt":"2024-08-20T01:29:44","guid":{"rendered":"https:\/\/tvbrazilusa.com\/2024\/08\/20\/escolas-de-methuen-finalizam-proibicao-de-celulares-em-salas-de-aula\/"},"modified":"2024-08-20T13:48:22","modified_gmt":"2024-08-20T13:48:22","slug":"escolas-de-methuen-finalizam-proibicao-de-celulares-em-salas-de-aula","status":"publish","type":"post","link":"https:\/\/tvbrazilusa.com\/pt\/2024\/08\/20\/escolas-de-methuen-finalizam-proibicao-de-celulares-em-salas-de-aula\/","title":{"rendered":"Escolas de Methuen finalizam proibi\u00e7\u00e3o de celulares em salas de aula"},"content":{"rendered":"<p> <script async src=\"https:\/\/pagead2.googlesyndication.com\/pagead\/js\/adsbygoogle.js?client=ca-pub-8864793242727901\"\r\n     crossorigin=\"anonymous\"><\/script><br \/>\n<\/p>\n<div id=\"\">\n<header class=\"m-article-header m-article-header--standard\">\n\t\t\t\t\t\t\t\t\t\t\t\t<span id=\"article-header-primary-term\"><br \/>\n\t\t\t\t\t\t\t\t<a class=\"a-term a-term--primary\" href=\"https:\/\/www.boston.com\/tag\/local-news\/\"><\/p>\n<p>\t\t\t\t\t\t\t\tNot\u00edcias locais\t\t\t\t\t\t\t\t<\/a><br \/>\n\t\t\t\t\t\t\t<\/span><\/p>\n<h2 class=\"m-article-header__sub-headline\">Se os alunos de Methuen usarem telefones de forma inadequada em sala de aula, o dispositivo ser\u00e1 colocado em um bolso transparente, de acordo com a pol\u00edtica finalizada em uma reuni\u00e3o do Comit\u00ea Escolar.<\/h2>\n<figure class=\"a-photo m-article-header__photo\"><figcaption class=\"a-photo__caption\">\n\t<em>  (Lea Suzuki\/San Francisco Chronicle via AP)<\/em>\t<\/figcaption><\/figure>\n<\/header>\n<p>Com o novo ano letivo se aproximando, as autoridades escolares de Methuen proibiram celulares em salas de aula e em alguns eventos escolares, seguindo o exemplo de outras escolas da \u00e1rea.<\/p>\n<p>A superintendente Brandi Kwong disse ao Comit\u00ea Escolar de Methuen durante uma reuni\u00e3o na semana passada que a nova pol\u00edtica de telefonia celular exigiria que os alunos que usassem seus celulares de forma inadequada em sala de aula os colocassem em um cart\u00e3o de bolso transparente. <\/p>\n<p>\u201cTudo o que pedimos ao comit\u00ea \u00e9 que nos ajude a reduzir o uso de celulares durante as aulas para que o tempo de aula n\u00e3o seja interrompido\u201d, disse Kwong.<\/p>\n<p>V\u00e1rios distritos escolares locais, incluindo Lowell e <a href=\"https:\/\/www.boston.com\/news\/local-news\/2024\/03\/08\/students-at-embattled-brockton-high-will-soon-have-to-lock-up-their-phones\/\">Brockton<\/a>adotaram pol\u00edticas mais r\u00edgidas sobre celulares nas escolas para reduzir distra\u00e7\u00f5es nas salas de aula e ajudar os professores a controlar os alunos.<\/p>\n<p>De acordo com a nova pol\u00edtica de Methuen, se um aluno mantiver seu telefone longe durante a instru\u00e7\u00e3o, o telefone n\u00e3o ser\u00e1 confiscado. Os alunos tamb\u00e9m podem colocar seus telefones nos bolsos transparentes se escolherem por conta pr\u00f3pria, disse Kwong ao Comit\u00ea Escolar.<\/p>\n<p>\u201cEnt\u00e3o, metade da turma coloca no bolso, e a outra metade n\u00e3o, e n\u00e3o h\u00e1 nenhuma interrup\u00e7\u00e3o na aula, resolvemos o nosso problema\u201d, ela <a href=\"https:\/\/www.youtube.com\/watch?v=-7BnIikTtcE\">disse<\/a>.<\/p>\n<p>Alguns membros do Comit\u00ea Escolar eram a favor de uma proibi\u00e7\u00e3o obrigat\u00f3ria, onde todos os alunos teriam que colocar seus telefones em uma lixeira ou nos bolsos para toda a classe. Kwong disse que a pol\u00edtica discricion\u00e1ria \u00e9 um lugar melhor para come\u00e7ar.<\/p>\n<p>\u201cIsso \u00e9 tudo sobre n\u00e3o interromper o tempo de instru\u00e7\u00e3o e dar suporte aos nossos alunos e nossa equipe sem usar celulares. N\u00e3o h\u00e1 raz\u00e3o para um aluno precisar usar seu celular durante o tempo de instru\u00e7\u00e3o naquela sala de aula\u201d, disse Kwong, \u201cmas n\u00e3o posso ter professores revistando crian\u00e7as em busca de celulares\u201d.<\/p>\n<p>A membro do comit\u00ea escolar Kristin Maxwell falou contra a implementa\u00e7\u00e3o de qualquer tipo de proibi\u00e7\u00e3o de celulares em eventos patrocinados pela escola. De acordo com <a href=\"https:\/\/drive.google.com\/file\/d\/1KT2XfDvoI3G5VEMEN-P0JZtQ89jfw-qP\/view\">notas da reuni\u00e3o<\/a>Kwong e sua equipe estavam considerando que alguns eventos patrocinados pela escola poderiam ser aplicados, observando uma diferen\u00e7a entre um jogo de futebol e um baile da escola.<\/p>\n<p>Enquanto Maxwell disse que \u00e9 responsabilidade dos pais e problema deles se uma crian\u00e7a leva seu celular para um baile ou festa, por exemplo, Kwong disse que a pol\u00edtica daria \u00e0 escola alguma influ\u00eancia na hora de disciplinar o cyberbullying e o ass\u00e9dio cibern\u00e9tico.<\/p>\n<p>\u201cCrian\u00e7as est\u00e3o postando fotos de crian\u00e7as em bailes de forma inapropriada, o que as leva a escrit\u00f3rios na escola com cyberbullying, bullying, ass\u00e9dio, coisas inapropriadas sendo ditas, e temos que lidar com isso\u201d, disse Kwong. \u201c\u00c9 um problema nosso.\u201d<\/p>\n<h2 class=\"wp-block-heading\" id=\"h-lowell-high-school-updates-policy-after-spring-pilot\">Lowell High School atualiza pol\u00edtica ap\u00f3s piloto de primavera<\/h2>\n<p><a href=\"https:\/\/www.boston.com\/news\/local-news\/2024\/01\/25\/lowell-high-wants-to-lock-up-cell-phones-students-are-fighting-back\/\">As Escolas P\u00fablicas de Lowell publicaram uma pol\u00edtica semelhante<\/a> em janeiro, exigindo que todos os celulares na escola fossem desligados e colocados em um recipiente designado durante cada per\u00edodo. Na \u00e9poca, os alunos entraram com uma peti\u00e7\u00e3o para lutar contra a proibi\u00e7\u00e3o. <\/p>\n<p>Agora, Lowell est\u00e1 se preparando para o novo ano letivo com uma <a href=\"https:\/\/www.lowellma.gov\/AgendaCenter\/ViewFile\/Item\/28763?fileID=58554\">pol\u00edtica atualizada<\/a>. No in\u00edcio deste m\u00eas, o diretor da Lowell High School, Michael Fiato, relatou que, embora os cofres fornecidos aos alunos n\u00e3o tenham causado nenhum dano ou perda \u00e0 propriedade dos alunos, eles n\u00e3o ser\u00e3o usados \u200b\u200bno ano que vem.<\/p>\n<p>\u201cEstamos refinando os procedimentos de coleta de telefones, oferecendo aos professores tr\u00eas op\u00e7\u00f5es: retirar os telefones na porta da sala de aula, atribuir slots numerados para os telefones ou retirar os telefones diretamente dos alunos\u201d, escreveu Fiato. <\/p>\n<p>No entanto, a escola ainda est\u00e1 \u201cmantendo o compromisso com os alunos\u201d de colocar seus telefones em uma caixa de celular durante cada aula, escreveu Fiato. <\/p>\n<p>Uma pesquisa com professores da Lowell High School relatou um \u00edndice de aprova\u00e7\u00e3o de 95% e resultados que sugerem fortemente melhorias no envolvimento dos alunos, de acordo com a escola.<\/p>\n<div class=\"m-block m-generic-cta\t m-generic-cta--post-content\t m-generic-cta--dark\t m-generic-cta--homepage\t m-generic-cta--email-signup\t\t m-generic-cta-block-style--default \tt-amp__generic-cta\"><\/p>\n<div class=\"m-generic-cta__wrap\">\n<div class=\"m-generic-cta__content\">\n<h3 class=\"m-generic-cta__title\">Boston.com Hoje<\/h3>\n<p class=\"m-generic-cta__subtitle\">Inscreva-se para receber as \u00faltimas manchetes na sua caixa de entrada todas as manh\u00e3s.<\/p>\n<\/p><\/div>\n<\/p><\/div>\n<\/div><\/div>\n<p><script>\n\t\tvar consent=\"grant\";\n\t\t\/* The above code is parsing the JSON data from the local storage and storing it in a variable. *\/\n\t\t\t\t\tconst onetrustStorageConsent = JSON.parse(localStorage.getItem( 'consent_one_trust_bdc' ) );\n\t\t\tif ( ( onetrustStorageConsent !== null ) ) {\n\t\t\t\t\/* Checking to see if the user has consented to the use of cookies.\n\t\t\t\t* If they have not, it is deleting the cookie.\n\t\t\t\t* This will comment for now, until further notice.\n\t\t\t\t*\/\n\t\t\t\t\/\/if ( onetrustStorageConsent.C0002 === false ) {\n\t\t\t\t\/\/\tdocument.cookie=\"_fbp=;expires=Thu, 01 Jan 2010 00:00:00 UTC; path=\/; domain=.boston.com\";\n\t\t\t\t\/\/}\n\t\t\t\t\/* Checking if the user has given consent for the cookie C0002.\n\t\t\t\t* If the user has given consent, the variable consent will be set to 'grant'.\n\t\t\t\t* If the user has not given consent,the variable consent will be set to 'revoke'.\n\t\t\t\t* Documentation https:\/\/developers.facebook.com\/docs\/meta-pixel\/implementation\/gdpr\n\t\t\t\t*\/\n\t\t\t\tif ( onetrustStorageConsent.C0002 !== true ) {\n\t\t\t\t\tconsent=\"revoke\";\n\t\t\t\t}\n\t\t\t}\n\t\t\t\t!function(f,b,e,v,n,t,s)\n\t\t{if(f.fbq)return;n=f.fbq=function(){n.callMethod?\n\t\tn.callMethod.apply(n,arguments):n.queue.push(arguments)};\n\t\tif(!f._fbq)f._fbq=n;n.push=n;n.loaded=!0;n.version='2.0';\n\t\tn.queue=[];t=b.createElement(e);t.async=!0;\n\t\tt.src=v;s=b.getElementsByTagName(e)[0];\n\t\ts.parentNode.insertBefore(t,s)}(window, document,'script',\n\t\t'https:\/\/connect.facebook.net\/en_US\/fbevents.js');\n\t\tfbq('consent', consent);\n\t\tfbq('init', '989222871864976');\n\t\tfbq('track', 'PageView');\n\t<\/script><script type=\"module\">\n\t\tvar consent=\"grant\";\n\t\t\/* The above code is parsing the JSON data from the local storage and storing it in a variable. *\/\n\t\t\tconst onetrustStorageConsent = JSON.parse(localStorage.getItem( 'consent_one_trust_bdc' ) );\n\t\t\t\/* Checking to see if the user has consented to the use of cookies.\n\t\t\t* If they have not, it is deleting the cookie.\n\t\t\t* This will comment for now, until further notice.\n\t\t\t*\/\n\t\t\t\/\/if ( onetrustStorageConsent.C0002 === false ) {\n\t\t\t\/\/\tdocument.cookie=\"_fbp=;expires=Thu, 01 Jan 2010 00:00:00 UTC; path=\/; domain=.boston.com\";\n\t\t\t\/\/}\n\t\t\t\/* Checking if the user has given consent for the cookie C0002.\n\t\t\t* If the user has given consent, the variable consent will be set to 'grant'.\n\t\t\t* If the user has not given consent,the variable consent will be set to 'revoke'.\n\t\t\t* Documentation https:\/\/developers.facebook.com\/docs\/meta-pixel\/implementation\/gdpr\n\t\t\t*\/\n\t\t\tif ( ( onetrustStorageConsent !== null ) && (onetrustStorageConsent.C0002 !== true ) ) {\n\t\t\t\tconsent=\"revoke\";\n\t\t\t}\n\t\t\t\t!function(f,b,e,v,n,t,s){if(f.fbq)return;n=f.fbq=function()\n\t\t{n.callMethod? n.callMethod.apply(n,arguments):n.queue.push(arguments)}\n\t\t;if(!f._fbq)f._fbq=n;\n\t\tn.push=n;n.loaded=!0;n.version='2.0';n.queue=[];t=b.createElement(e);t.async=!0;\n\t\tt.src=v;s=b.getElementsByTagName(e)[0];s.parentNode.insertBefore(t,s)}(window,\n\t\tdocument,'script','https:\/\/connect.facebook.net\/en_US\/fbevents.js');\n\t\tfbq('consent', consent);\n\t\tfbq('init', '813236348753005');\n\t\tfbq('track', \"PageView\");\n\t<\/script><br \/>\n<br \/><br \/>\n<br \/><a href=\"https:\/\/www.boston.com\/news\/local-news\/2024\/08\/19\/methuen-schools-finalize-student-cell-phone-ban-in-classrooms\/\">Source link <\/a><\/p>","protected":false},"excerpt":{"rendered":"<p>Not\u00edcias locais Se os alunos de Methuen usarem telefones de forma inadequada em sala de aula, o dispositivo ser\u00e1 colocado em um bolso transparente, de acordo com a pol\u00edtica finalizada&hellip;<\/p>","protected":false},"author":1,"featured_media":26553,"comment_status":"closed","ping_status":"open","sticky":false,"template":"","format":"standard","meta":{"content-type":"","footnotes":""},"categories":[1],"tags":[],"class_list":["post-26552","post","type-post","status-publish","format-standard","has-post-thumbnail","hentry","category-uncategorized"],"_links":{"self":[{"href":"https:\/\/tvbrazilusa.com\/pt\/wp-json\/wp\/v2\/posts\/26552","targetHints":{"allow":["GET"]}}],"collection":[{"href":"https:\/\/tvbrazilusa.com\/pt\/wp-json\/wp\/v2\/posts"}],"about":[{"href":"https:\/\/tvbrazilusa.com\/pt\/wp-json\/wp\/v2\/types\/post"}],"author":[{"embeddable":true,"href":"https:\/\/tvbrazilusa.com\/pt\/wp-json\/wp\/v2\/users\/1"}],"replies":[{"embeddable":true,"href":"https:\/\/tvbrazilusa.com\/pt\/wp-json\/wp\/v2\/comments?post=26552"}],"version-history":[{"count":1,"href":"https:\/\/tvbrazilusa.com\/pt\/wp-json\/wp\/v2\/posts\/26552\/revisions"}],"predecessor-version":[{"id":26554,"href":"https:\/\/tvbrazilusa.com\/pt\/wp-json\/wp\/v2\/posts\/26552\/revisions\/26554"}],"wp:featuredmedia":[{"embeddable":true,"href":"https:\/\/tvbrazilusa.com\/pt\/wp-json\/wp\/v2\/media\/26553"}],"wp:attachment":[{"href":"https:\/\/tvbrazilusa.com\/pt\/wp-json\/wp\/v2\/media?parent=26552"}],"wp:term":[{"taxonomy":"category","embeddable":true,"href":"https:\/\/tvbrazilusa.com\/pt\/wp-json\/wp\/v2\/categories?post=26552"},{"taxonomy":"post_tag","embeddable":true,"href":"https:\/\/tvbrazilusa.com\/pt\/wp-json\/wp\/v2\/tags?post=26552"}],"curies":[{"name":"wp","href":"https:\/\/api.w.org\/{rel}","templated":true}]}}