{"id":26573,"date":"2024-08-20T13:57:17","date_gmt":"2024-08-20T13:57:17","guid":{"rendered":"https:\/\/tvbrazilusa.com\/2024\/08\/20\/homem-de-miami-e-preso-em-key-largo-em-caso-de-agressao-sexual-contra-adolescente-dizem-autoridades-wsvn-7news-noticias-de-miami-clima-esportes-fort-lauderdale\/"},"modified":"2024-08-20T14:30:31","modified_gmt":"2024-08-20T14:30:31","slug":"homem-de-miami-e-preso-em-key-largo-em-caso-de-agressao-sexual-contra-adolescente-dizem-autoridades-wsvn-7news-noticias-de-miami-clima-esportes-fort-lauderdale","status":"publish","type":"post","link":"https:\/\/tvbrazilusa.com\/pt\/2024\/08\/20\/homem-de-miami-e-preso-em-key-largo-em-caso-de-agressao-sexual-contra-adolescente-dizem-autoridades-wsvn-7news-noticias-de-miami-clima-esportes-fort-lauderdale\/","title":{"rendered":"Homem de Miami \u00e9 preso em Key Largo em caso de agress\u00e3o sexual contra adolescente, dizem autoridades &#8211; WSVN 7News | Not\u00edcias de Miami, Clima, Esportes | Fort Lauderdale"},"content":{"rendered":"<p> <script async src=\"https:\/\/pagead2.googlesyndication.com\/pagead\/js\/adsbygoogle.js?client=ca-pub-8864793242727901\"\r\n     crossorigin=\"anonymous\"><\/script><br \/>\n<\/p>\n<div itemprop=\"articleBody\">\n<p>KEY LARGO, FL. (WSVN) &#8211; Um homem de Miami foi preso em Key Largo em conex\u00e3o com a agress\u00e3o sexual de uma adolescente, disseram as autoridades.<\/p>\n<p>Yasiel Reyes, 30, foi detido na segunda-feira pelo Gabinete do Xerife do Condado de Monroe e pela For\u00e7a-Tarefa de Fugitivos do Servi\u00e7o de Delegados dos EUA, de acordo com autoridades.<\/p>\n<p>O incidente, relatado pela primeira vez em julho de 2024, ocorreu cerca de quatro anos atr\u00e1s, quando a v\u00edtima tinha 16 anos e Reyes tinha 25, disseram as autoridades.<\/p>\n<p><em>Copyright 2024 Sunbeam Television Corp. Todos os direitos reservados. Este material n\u00e3o pode ser publicado, transmitido, reescrito ou redistribu\u00eddo.<\/em><\/p>\n<div class=\"wp-block-newsletter\">\n\t<strong class=\"wp-block-newsletter__title\">Inscreva-se em nossa Newsletter para receber as \u00faltimas not\u00edcias diretamente na sua caixa de entrada<\/strong><\/p>\n<\/div><\/div>\n<p><br \/>\n<br \/><a href=\"https:\/\/wsvn.com\/news\/local\/florida\/miami-man-arrested-in-key-largo-in-teen-sexual-battery-case-officials-say\/\">Source link <\/a><\/p>","protected":false},"excerpt":{"rendered":"<p>KEY LARGO, FL. (WSVN) &#8211; Um homem de Miami foi preso em Key Largo em conex\u00e3o com a agress\u00e3o sexual de uma adolescente, disseram as autoridades. Yasiel Reyes, 30, foi&hellip;<\/p>","protected":false},"author":1,"featured_media":26574,"comment_status":"closed","ping_status":"open","sticky":false,"template":"","format":"standard","meta":{"content-type":"","footnotes":""},"categories":[1],"tags":[],"class_list":["post-26573","post","type-post","status-publish","format-standard","has-post-thumbnail","hentry","category-uncategorized"],"_links":{"self":[{"href":"https:\/\/tvbrazilusa.com\/pt\/wp-json\/wp\/v2\/posts\/26573","targetHints":{"allow":["GET"]}}],"collection":[{"href":"https:\/\/tvbrazilusa.com\/pt\/wp-json\/wp\/v2\/posts"}],"about":[{"href":"https:\/\/tvbrazilusa.com\/pt\/wp-json\/wp\/v2\/types\/post"}],"author":[{"embeddable":true,"href":"https:\/\/tvbrazilusa.com\/pt\/wp-json\/wp\/v2\/users\/1"}],"replies":[{"embeddable":true,"href":"https:\/\/tvbrazilusa.com\/pt\/wp-json\/wp\/v2\/comments?post=26573"}],"version-history":[{"count":1,"href":"https:\/\/tvbrazilusa.com\/pt\/wp-json\/wp\/v2\/posts\/26573\/revisions"}],"predecessor-version":[{"id":26575,"href":"https:\/\/tvbrazilusa.com\/pt\/wp-json\/wp\/v2\/posts\/26573\/revisions\/26575"}],"wp:featuredmedia":[{"embeddable":true,"href":"https:\/\/tvbrazilusa.com\/pt\/wp-json\/wp\/v2\/media\/26574"}],"wp:attachment":[{"href":"https:\/\/tvbrazilusa.com\/pt\/wp-json\/wp\/v2\/media?parent=26573"}],"wp:term":[{"taxonomy":"category","embeddable":true,"href":"https:\/\/tvbrazilusa.com\/pt\/wp-json\/wp\/v2\/categories?post=26573"},{"taxonomy":"post_tag","embeddable":true,"href":"https:\/\/tvbrazilusa.com\/pt\/wp-json\/wp\/v2\/tags?post=26573"}],"curies":[{"name":"wp","href":"https:\/\/api.w.org\/{rel}","templated":true}]}}