{"id":26576,"date":"2024-08-20T14:28:06","date_gmt":"2024-08-20T14:28:06","guid":{"rendered":"https:\/\/tvbrazilusa.com\/2024\/08\/20\/com-healey-e-wu-fora-da-cidade-quem-estara-servindo-no-lugar-deles\/"},"modified":"2024-08-20T14:31:42","modified_gmt":"2024-08-20T14:31:42","slug":"com-healey-e-wu-fora-da-cidade-quem-estara-servindo-no-lugar-deles","status":"publish","type":"post","link":"https:\/\/tvbrazilusa.com\/pt\/2024\/08\/20\/com-healey-e-wu-fora-da-cidade-quem-estara-servindo-no-lugar-deles\/","title":{"rendered":"Com Healey e Wu fora da cidade, quem estar\u00e1 servindo no lugar deles?"},"content":{"rendered":"<p> <script async src=\"https:\/\/pagead2.googlesyndication.com\/pagead\/js\/adsbygoogle.js?client=ca-pub-8864793242727901\"\r\n     crossorigin=\"anonymous\"><\/script><br \/>\n<\/p>\n<div id=\"\">\n<header class=\"m-article-header m-article-header--standard\">\n\t\t\t\t\t\t\t\t\t\t\t\t<span id=\"article-header-primary-term\"><br \/>\n\t\t\t\t\t\t\t\t<a class=\"a-term a-term--primary\" href=\"https:\/\/www.boston.com\/tag\/politics\/\"><\/p>\n<p>\t\t\t\t\t\t\t\tPol\u00edtica\t\t\t\t\t\t\t\t<\/a><br \/>\n\t\t\t\t\t\t\t<\/span><\/p>\n<h2 class=\"m-article-header__sub-headline\">A governadora de Massachusetts, Maura Healey, a prefeita de Boston, Michelle Wu, e outros importantes democratas est\u00e3o fora da cidade esta semana para participar da Conven\u00e7\u00e3o Nacional Democrata em Chicago.<\/h2>\n<figure class=\"a-photo m-article-header__photo\"><figcaption class=\"a-photo__caption\">\n<p>\tGovernadora de Massachusetts, Maura Healey. <em> Rick Bowmer\/AP<\/em>\t<\/figcaption><\/figure>\n<\/header>\n<p>Com muitos dos representantes democratas eleitos do pa\u00eds reunidos em Chicago esta semana para a <a href=\"https:\/\/www.boston.com\/news\/politics\/2024\/08\/20\/joe-biden-exit-glass-ceiling-gaza-protesters-takeaways-dnc-day-1\/\">Conven\u00e7\u00e3o Nacional Democrata<\/a>tanto o governo estadual quanto o governo da cidade de Boston t\u00eam novos l\u00edderes interinos por alguns dias. <\/p>\n<p>Governador de Massachusetts. <a href=\"https:\/\/www.boston.com\/tag\/maura-healey\/\">Maura Healey<\/a> pousou em Chicago no domingo e supostamente est\u00e1 <a href=\"https:\/\/www.politico.com\/live-updates\/2024\/08\/19\/dnc-live-updates-coverage\/healeys-spea-00174576\">agendado <\/a>para discursar no DNC na quinta-feira. Ela mal conseguiu sair da pista antes de ser <a href=\"https:\/\/x.com\/MattPrichardTV\/status\/1825367950469333202\">identificado <\/a>por equipes de not\u00edcias locais. Healey j\u00e1 <a href=\"https:\/\/x.com\/maura_healey\/status\/1825591383568052614\">misturado <\/a>com o candidato a vice-presidente Tim Walz e a presidente em\u00e9rita Nancy Pelosi. Ela falou no <a href=\"https:\/\/x.com\/lisakashinsky\/status\/1825601472102621440\">Reuni\u00e3o do Caucus LGBTQ<\/a> Segunda-feira.<\/p>\n<p>Pela lei estadual, a vice-governadora Kim Driscoll assumiu o papel de governadora interina. Ela estava servindo nessa fun\u00e7\u00e3o na segunda e ter\u00e7a-feira de manh\u00e3. Mas Driscoll deve partir para Windy City na ter\u00e7a-feira \u00e0 tarde, assim como o Secret\u00e1rio de Estado Bill Galvin retorna. Galvin servir\u00e1 como governador interino at\u00e9 sexta-feira \u00e0 tarde, quando Healey e Driscoll devem retornar a Massachusetts, de acordo com um porta-voz de seu gabinete.<\/p>\n<p>Prefeito de Boston <a href=\"https:\/\/www.boston.com\/tag\/michelle-wu\/\">Michelle Wu<\/a> e a presidente do conselho municipal Ruthzee Louijeune est\u00e3o ambas em Chicago servindo como delegadas no DNC. Normalmente, o presidente do conselho municipal assume como prefeito interino quando o prefeito viaja para fora da cidade, conforme estabelecido no estatuto da cidade.<\/p>\n<p>Com Wu e Louijeune fora da cidade, o secret\u00e1rio municipal Alex Geourntas est\u00e1 servindo como prefeito interino, confirmou um porta-voz. Ele servir\u00e1 como prefeito interino at\u00e9 sexta-feira \u00e0 tarde.<\/p>\n<p>Wu falou na ter\u00e7a-feira de manh\u00e3 em um <a href=\"https:\/\/x.com\/lisakashinsky\/status\/1825888492947214484\">evento de caf\u00e9 da manh\u00e3 <\/a>para a delega\u00e7\u00e3o de New Hampshire, por Politico. A prefeita, que est\u00e1 gr\u00e1vida de seu terceiro filho, falou sobre as dificuldades associadas \u00e0 gravidez e o que significaria para a menina crescer em uma era em que uma mulher pode ser presidente. <\/p>\n<div class=\"m-block m-generic-cta\t m-generic-cta--post-content\t m-generic-cta--dark\t m-generic-cta--homepage\t m-generic-cta--email-signup\t\t m-generic-cta-block-style--default \tt-amp__generic-cta\"><\/p>\n<div class=\"m-generic-cta__wrap\">\n<div class=\"m-generic-cta__content\">\n<h3 class=\"m-generic-cta__title\">Boston.com Hoje<\/h3>\n<p class=\"m-generic-cta__subtitle\">Inscreva-se para receber as \u00faltimas manchetes na sua caixa de entrada todas as manh\u00e3s.<\/p>\n<\/p><\/div>\n<\/p><\/div>\n<\/div><\/div>\n<p><script>\n\t\tvar consent=\"grant\";\n\t\t\/* The above code is parsing the JSON data from the local storage and storing it in a variable. *\/\n\t\t\t\t\tconst onetrustStorageConsent = JSON.parse(localStorage.getItem( 'consent_one_trust_bdc' ) );\n\t\t\tif ( ( onetrustStorageConsent !== null ) ) {\n\t\t\t\t\/* Checking to see if the user has consented to the use of cookies.\n\t\t\t\t* If they have not, it is deleting the cookie.\n\t\t\t\t* This will comment for now, until further notice.\n\t\t\t\t*\/\n\t\t\t\t\/\/if ( onetrustStorageConsent.C0002 === false ) {\n\t\t\t\t\/\/\tdocument.cookie=\"_fbp=;expires=Thu, 01 Jan 2010 00:00:00 UTC; path=\/; domain=.boston.com\";\n\t\t\t\t\/\/}\n\t\t\t\t\/* Checking if the user has given consent for the cookie C0002.\n\t\t\t\t* If the user has given consent, the variable consent will be set to 'grant'.\n\t\t\t\t* If the user has not given consent,the variable consent will be set to 'revoke'.\n\t\t\t\t* Documentation https:\/\/developers.facebook.com\/docs\/meta-pixel\/implementation\/gdpr\n\t\t\t\t*\/\n\t\t\t\tif ( onetrustStorageConsent.C0002 !== true ) {\n\t\t\t\t\tconsent=\"revoke\";\n\t\t\t\t}\n\t\t\t}\n\t\t\t\t!function(f,b,e,v,n,t,s)\n\t\t{if(f.fbq)return;n=f.fbq=function(){n.callMethod?\n\t\tn.callMethod.apply(n,arguments):n.queue.push(arguments)};\n\t\tif(!f._fbq)f._fbq=n;n.push=n;n.loaded=!0;n.version='2.0';\n\t\tn.queue=[];t=b.createElement(e);t.async=!0;\n\t\tt.src=v;s=b.getElementsByTagName(e)[0];\n\t\ts.parentNode.insertBefore(t,s)}(window, document,'script',\n\t\t'https:\/\/connect.facebook.net\/en_US\/fbevents.js');\n\t\tfbq('consent', consent);\n\t\tfbq('init', '989222871864976');\n\t\tfbq('track', 'PageView');\n\t<\/script><script type=\"module\">\n\t\tvar consent=\"grant\";\n\t\t\/* The above code is parsing the JSON data from the local storage and storing it in a variable. *\/\n\t\t\tconst onetrustStorageConsent = JSON.parse(localStorage.getItem( 'consent_one_trust_bdc' ) );\n\t\t\t\/* Checking to see if the user has consented to the use of cookies.\n\t\t\t* If they have not, it is deleting the cookie.\n\t\t\t* This will comment for now, until further notice.\n\t\t\t*\/\n\t\t\t\/\/if ( onetrustStorageConsent.C0002 === false ) {\n\t\t\t\/\/\tdocument.cookie=\"_fbp=;expires=Thu, 01 Jan 2010 00:00:00 UTC; path=\/; domain=.boston.com\";\n\t\t\t\/\/}\n\t\t\t\/* Checking if the user has given consent for the cookie C0002.\n\t\t\t* If the user has given consent, the variable consent will be set to 'grant'.\n\t\t\t* If the user has not given consent,the variable consent will be set to 'revoke'.\n\t\t\t* Documentation https:\/\/developers.facebook.com\/docs\/meta-pixel\/implementation\/gdpr\n\t\t\t*\/\n\t\t\tif ( ( onetrustStorageConsent !== null ) && (onetrustStorageConsent.C0002 !== true ) ) {\n\t\t\t\tconsent=\"revoke\";\n\t\t\t}\n\t\t\t\t!function(f,b,e,v,n,t,s){if(f.fbq)return;n=f.fbq=function()\n\t\t{n.callMethod? n.callMethod.apply(n,arguments):n.queue.push(arguments)}\n\t\t;if(!f._fbq)f._fbq=n;\n\t\tn.push=n;n.loaded=!0;n.version='2.0';n.queue=[];t=b.createElement(e);t.async=!0;\n\t\tt.src=v;s=b.getElementsByTagName(e)[0];s.parentNode.insertBefore(t,s)}(window,\n\t\tdocument,'script','https:\/\/connect.facebook.net\/en_US\/fbevents.js');\n\t\tfbq('consent', consent);\n\t\tfbq('init', '813236348753005');\n\t\tfbq('track', \"PageView\");\n\t<\/script><br \/>\n<br \/><br \/>\n<br \/><a href=\"https:\/\/www.boston.com\/news\/politics\/2024\/08\/20\/with-healey-and-wu-out-of-town-who-is-serving-in-their-place\/\">Source link <\/a><\/p>","protected":false},"excerpt":{"rendered":"<p>Pol\u00edtica A governadora de Massachusetts, Maura Healey, a prefeita de Boston, Michelle Wu, e outros importantes democratas est\u00e3o fora da cidade esta semana para participar da Conven\u00e7\u00e3o Nacional Democrata em&hellip;<\/p>","protected":false},"author":1,"featured_media":26577,"comment_status":"closed","ping_status":"open","sticky":false,"template":"","format":"standard","meta":{"content-type":"","footnotes":""},"categories":[1],"tags":[],"class_list":["post-26576","post","type-post","status-publish","format-standard","has-post-thumbnail","hentry","category-uncategorized"],"_links":{"self":[{"href":"https:\/\/tvbrazilusa.com\/pt\/wp-json\/wp\/v2\/posts\/26576","targetHints":{"allow":["GET"]}}],"collection":[{"href":"https:\/\/tvbrazilusa.com\/pt\/wp-json\/wp\/v2\/posts"}],"about":[{"href":"https:\/\/tvbrazilusa.com\/pt\/wp-json\/wp\/v2\/types\/post"}],"author":[{"embeddable":true,"href":"https:\/\/tvbrazilusa.com\/pt\/wp-json\/wp\/v2\/users\/1"}],"replies":[{"embeddable":true,"href":"https:\/\/tvbrazilusa.com\/pt\/wp-json\/wp\/v2\/comments?post=26576"}],"version-history":[{"count":1,"href":"https:\/\/tvbrazilusa.com\/pt\/wp-json\/wp\/v2\/posts\/26576\/revisions"}],"predecessor-version":[{"id":26578,"href":"https:\/\/tvbrazilusa.com\/pt\/wp-json\/wp\/v2\/posts\/26576\/revisions\/26578"}],"wp:featuredmedia":[{"embeddable":true,"href":"https:\/\/tvbrazilusa.com\/pt\/wp-json\/wp\/v2\/media\/26577"}],"wp:attachment":[{"href":"https:\/\/tvbrazilusa.com\/pt\/wp-json\/wp\/v2\/media?parent=26576"}],"wp:term":[{"taxonomy":"category","embeddable":true,"href":"https:\/\/tvbrazilusa.com\/pt\/wp-json\/wp\/v2\/categories?post=26576"},{"taxonomy":"post_tag","embeddable":true,"href":"https:\/\/tvbrazilusa.com\/pt\/wp-json\/wp\/v2\/tags?post=26576"}],"curies":[{"name":"wp","href":"https:\/\/api.w.org\/{rel}","templated":true}]}}