{"id":26588,"date":"2024-08-20T13:52:56","date_gmt":"2024-08-20T13:52:56","guid":{"rendered":"https:\/\/tvbrazilusa.com\/2024\/08\/20\/proprietario-da-rede-de-lojas-de-conveniencia-7-eleven-recebe-oferta-de-aquisicao-da-couche-tard-do-canada-wsvn-7news-noticias-de-miami-clima-esportes-fort-lauderdale\/"},"modified":"2024-08-20T14:55:30","modified_gmt":"2024-08-20T14:55:30","slug":"proprietario-da-rede-de-lojas-de-conveniencia-7-eleven-recebe-oferta-de-aquisicao-da-couche-tard-do-canada-wsvn-7news-noticias-de-miami-clima-esportes-fort-lauderdale","status":"publish","type":"post","link":"https:\/\/tvbrazilusa.com\/pt\/2024\/08\/20\/proprietario-da-rede-de-lojas-de-conveniencia-7-eleven-recebe-oferta-de-aquisicao-da-couche-tard-do-canada-wsvn-7news-noticias-de-miami-clima-esportes-fort-lauderdale\/","title":{"rendered":"Propriet\u00e1rio da rede de lojas de conveni\u00eancia 7-Eleven recebe oferta de aquisi\u00e7\u00e3o da Couche-Tard do Canad\u00e1 &#8211; WSVN 7News | Not\u00edcias de Miami, Clima, Esportes | Fort Lauderdale"},"content":{"rendered":"<p> <script async src=\"https:\/\/pagead2.googlesyndication.com\/pagead\/js\/adsbygoogle.js?client=ca-pub-8864793242727901\"\r\n     crossorigin=\"anonymous\"><\/script><br \/>\n<\/p>\n<div itemprop=\"articleBody\">\n<p>O propriet\u00e1rio das lojas de conveni\u00eancia 7-Eleven e outras redes de varejo recebeu uma oferta de compra da Alimentation Couche-Tard do Canad\u00e1.<\/p>\n<p>A japonesa Seven &#038; i Holdings disse na segunda-feira que um comit\u00ea especial composto por diretores externos foi formado para analisar a oferta, mas n\u00e3o divulgou outros detalhes.<\/p>\n<p>As a\u00e7\u00f5es da Seven &#038; i subiram 23% em T\u00f3quio, o maior salto di\u00e1rio para as a\u00e7\u00f5es da empresa na hist\u00f3ria.<\/p>\n<p>\u201cEssa potencial oferta de aquisi\u00e7\u00e3o \u00e9 um grande neg\u00f3cio. A 7-Eleven \u00e9 a maior operadora no espa\u00e7o de lojas de varejo de conveni\u00eancia dos EUA, com uma participa\u00e7\u00e3o de mercado de 14,5% em 2023\u201d, disse Neil Saunders, diretor administrativo da GlobalData. \u201cEm compara\u00e7\u00e3o, os banners da Alimentation Couche-Tard tinham uma participa\u00e7\u00e3o de mercado de 4,6%. Ent\u00e3o, a combina\u00e7\u00e3o dos dois produziria uma entidade que controla quase um quinto do mercado.\u201d<\/p>\n<p>A empresa vem tentando otimizar as opera\u00e7\u00f5es e, no ano passado, vendeu a rede de lojas de departamentos Sogo &#038; Seibu Co. para um fundo de investimento dos EUA.<\/p>\n<p>A Seven &#038; i disse que seu conselho, bem como o comit\u00ea especial, ainda n\u00e3o tomaram nenhuma decis\u00e3o quanto a aceitar ou rejeitar a oferta, entrar em negocia\u00e7\u00f5es com a Couche-Tard ou buscar op\u00e7\u00f5es alternativas.<\/p>\n<p>A empresa tornar\u00e1 sua decis\u00e3o p\u00fablica, disse ela na segunda-feira.<\/p>\n<p>A Couche-Tard administra uma s\u00e9rie de redes de lojas de conveni\u00eancia sob marcas como Couche-Tard, Circle K e On the Run. Ela tem mais de 14.000 lojas no Canad\u00e1, Irlanda, M\u00e9xico, R\u00fassia, Pol\u00f4nia, Noruega, Su\u00e9cia, Dinamarca e Estados Unidos.<\/p>\n<p>Saunders disse que qualquer tentativa de aquisi\u00e7\u00e3o chamaria a aten\u00e7\u00e3o dos reguladores dos EUA.<\/p>\n<p>\u201cComo as lojas de conveni\u00eancia fazem parte de um mercado de alimentos e mantimentos muito mais amplo, n\u00e3o h\u00e1 muitas preocupa\u00e7\u00f5es com a concorr\u00eancia\u201d, disse Saunders. \u201cNo entanto, os n\u00edveis de concentra\u00e7\u00e3o quase certamente atrair\u00e3o o escrut\u00ednio da FTC, o que, dado o atual sentimento negativo em torno da consolida\u00e7\u00e3o e da concorr\u00eancia no espa\u00e7o de alimentos e produtos essenciais, n\u00e3o tornar\u00e1 esse acordo f\u00e1cil.\u201d<\/p>\n<p><em>Copyright 2024 The Associated Press. Todos os direitos reservados. Este material n\u00e3o pode ser publicado, transmitido, reescrito ou redistribu\u00eddo.<\/em><\/p>\n<div class=\"wp-block-newsletter\">\n\t<strong class=\"wp-block-newsletter__title\">Inscreva-se em nossa Newsletter para receber as \u00faltimas not\u00edcias diretamente na sua caixa de entrada<\/strong><\/p>\n<\/div><\/div>\n<p><br \/>\n<br \/><a href=\"https:\/\/wsvn.com\/news\/us-world\/owner-of-the-7-eleven-convenience-store-chain-gets-takeover-bid-from-canadas-couche-tard\/\">Source link <\/a><\/p>","protected":false},"excerpt":{"rendered":"<p>O propriet\u00e1rio das lojas de conveni\u00eancia 7-Eleven e outras redes de varejo recebeu uma oferta de compra da Alimentation Couche-Tard do Canad\u00e1. A japonesa Seven &#038; i Holdings disse na&hellip;<\/p>","protected":false},"author":1,"featured_media":26589,"comment_status":"closed","ping_status":"open","sticky":false,"template":"","format":"standard","meta":{"content-type":"","footnotes":""},"categories":[1],"tags":[],"class_list":["post-26588","post","type-post","status-publish","format-standard","has-post-thumbnail","hentry","category-uncategorized"],"_links":{"self":[{"href":"https:\/\/tvbrazilusa.com\/pt\/wp-json\/wp\/v2\/posts\/26588","targetHints":{"allow":["GET"]}}],"collection":[{"href":"https:\/\/tvbrazilusa.com\/pt\/wp-json\/wp\/v2\/posts"}],"about":[{"href":"https:\/\/tvbrazilusa.com\/pt\/wp-json\/wp\/v2\/types\/post"}],"author":[{"embeddable":true,"href":"https:\/\/tvbrazilusa.com\/pt\/wp-json\/wp\/v2\/users\/1"}],"replies":[{"embeddable":true,"href":"https:\/\/tvbrazilusa.com\/pt\/wp-json\/wp\/v2\/comments?post=26588"}],"version-history":[{"count":1,"href":"https:\/\/tvbrazilusa.com\/pt\/wp-json\/wp\/v2\/posts\/26588\/revisions"}],"predecessor-version":[{"id":26590,"href":"https:\/\/tvbrazilusa.com\/pt\/wp-json\/wp\/v2\/posts\/26588\/revisions\/26590"}],"wp:featuredmedia":[{"embeddable":true,"href":"https:\/\/tvbrazilusa.com\/pt\/wp-json\/wp\/v2\/media\/26589"}],"wp:attachment":[{"href":"https:\/\/tvbrazilusa.com\/pt\/wp-json\/wp\/v2\/media?parent=26588"}],"wp:term":[{"taxonomy":"category","embeddable":true,"href":"https:\/\/tvbrazilusa.com\/pt\/wp-json\/wp\/v2\/categories?post=26588"},{"taxonomy":"post_tag","embeddable":true,"href":"https:\/\/tvbrazilusa.com\/pt\/wp-json\/wp\/v2\/tags?post=26588"}],"curies":[{"name":"wp","href":"https:\/\/api.w.org\/{rel}","templated":true}]}}